{"id":2661921,"date":"2026-09-01T14:24:26","date_gmt":"2026-09-01T12:24:26","guid":{"rendered":"https:\/\/www.niemibil.se\/?p=2661921"},"modified":"2026-09-01T15:16:39","modified_gmt":"2026-09-01T13:16:39","slug":"5-snabba-fakta-om-mazdas-nya-el-suv-cx-6e","status":"publish","type":"post","link":"https:\/\/www.niemibil.se\/en\/5-snabba-fakta-om-mazdas-nya-el-suv-cx-6e\/","title":{"rendered":"5 snabba fakta om Mazdas nya el-SUV CX-6e"},"content":{"rendered":"<p>S\u00e5 var det \u00e4ntligen dags f\u00f6r Mazda att g\u00f6ra sin efterl\u00e4ngtade entr\u00e9 p\u00e5 marknaden f\u00f6r helt<br>elektriska SUV:ar, och som ni ser blir det en riktigt elegant s\u00e5dan! Mazda CX-6e f\u00f6ljer samma<br>designm\u00e4ssiga sp\u00e5r som Mazda 6e, men vad d\u00f6ljer sig egentligen under detta stiliga yttre? H\u00e4ng<br>med s\u00e5 tar vi en koll in under skalet!<\/p>\n\n\n\n<p class=\"has-medium-font-size\">1. <strong>Digitala ytterbackspeglar<\/strong><\/p>\n\n\n\n<ol class=\"wp-block-list\"><\/ol>\n\n\n\n<p>Om du v\u00e4ljer Takumi Plus-versionen av nya Mazda CX-6e kan du se fram emot extra l\u00e5gt<br>luftmotst\u00e5nd n\u00e4r ytterbackspeglarna f\u00f6rvandlas fr\u00e5n stora, klumpiga bulor till sm\u00e5, tubformade<br>kameror! Vem och vad du har bakom dig visas d\u00e5 i st\u00e4llet p\u00e5 tv\u00e5 sm\u00e5 sk\u00e4rmar (som om det inte<br>fanns tillr\u00e4ckligt imponerande sk\u00e4rmar i bilen redan!) p\u00e5 varsin sida av framd\u00f6rrarna.<\/p>\n\n\n\n<figure class=\"wp-block-image size-full\"><img loading=\"lazy\" decoding=\"async\" width=\"800\" height=\"533\" src=\"https:\/\/www.niemibil.se\/wp-content\/uploads\/2026\/09\/2025_CX-6e_GER_LHD_C016_INT_Purple_White_Leatherette_CMS_DoorTrim_High_72dpi.webp\" alt=\"\" class=\"wp-image-2661924\" srcset=\"https:\/\/www.niemibil.se\/wp-content\/uploads\/2026\/09\/2025_CX-6e_GER_LHD_C016_INT_Purple_White_Leatherette_CMS_DoorTrim_High_72dpi.webp 800w, https:\/\/www.niemibil.se\/wp-content\/uploads\/2026\/09\/2025_CX-6e_GER_LHD_C016_INT_Purple_White_Leatherette_CMS_DoorTrim_High_72dpi-300x200.webp 300w, https:\/\/www.niemibil.se\/wp-content\/uploads\/2026\/09\/2025_CX-6e_GER_LHD_C016_INT_Purple_White_Leatherette_CMS_DoorTrim_High_72dpi-768x512.webp 768w, https:\/\/www.niemibil.se\/wp-content\/uploads\/2026\/09\/2025_CX-6e_GER_LHD_C016_INT_Purple_White_Leatherette_CMS_DoorTrim_High_72dpi-18x12.webp 18w\" sizes=\"auto, (max-width: 800px) 100vw, 800px\" \/><\/figure>\n\n\n\n<p class=\"has-text-align-center has-small-font-size\">Kamera p\u00e5 utsidan &#8211; sk\u00e4rm p\u00e5 insidan. S\u00e5 ser du bakom dig i nya CX-6e<\/p>\n\n\n\n<p class=\"has-medium-font-size\"><strong>2. 484 km r\u00e4ckvidd WLTP <\/strong><\/p>\n\n\n\n<p>N\u00e4ra p\u00e5 50 mil tar du dig med en fulladdad CX-6e! Det motsvarar n\u00e4stan hela v\u00e4gen fr\u00e5n Lule\u00e5<br>till Sundsvall i en k\u00f6rning. Sj\u00e4lvklart beror r\u00e4ckvidden p\u00e5 temperatur och hastighet med mera,<br>men n\u00e5gon r\u00e4ckvidds\u00e5ngest beh\u00f6ver du nog inte ha.<\/p>\n\n\n\n<div style=\"height:25px\" aria-hidden=\"true\" class=\"wp-block-spacer\"><\/div>\n\n\n\n<p class=\"has-medium-font-size\"><strong>3. 26 tum 5K HD-sk\u00e4rm<\/strong><\/p>\n\n\n\n<p>L\u00e5ter vi gamla om vi s\u00e4ger att det fanns en tid, f\u00f6r inte allt f\u00f6r l\u00e4nge sedan, d\u00e5 en vanlig TV i<br>vardagsrummet hemma var ungef\u00e4r 26 tum? Att \u00e5ka tillbaka i tiden och ber\u00e4tta f\u00f6r dig sj\u00e4lv att<br>du en dag skulle \u00e4ga en bil med s\u00e5 stor sk\u00e4rm hade nog varit en livsf\u00f6r\u00e4ndrande upplevelse! 5K<br>uppl\u00f6sning hade du nog beh\u00f6vt f\u00f6rklara lite mer ing\u00e5ende f\u00f6r ditt gamla jag, men som du vet<br>betyder det en h\u00f6g och krispig upplevelse!<\/p>\n\n\n\n<figure class=\"wp-block-image size-full\"><img loading=\"lazy\" decoding=\"async\" width=\"800\" height=\"533\" src=\"https:\/\/www.niemibil.se\/wp-content\/uploads\/2026\/09\/2025_CX-6e_GER_LHD_C014_INT_Purple_White_Leatherette_Qi_Wireless_Charging_High_72dpi.webp\" alt=\"\" class=\"wp-image-2661923\" srcset=\"https:\/\/www.niemibil.se\/wp-content\/uploads\/2026\/09\/2025_CX-6e_GER_LHD_C014_INT_Purple_White_Leatherette_Qi_Wireless_Charging_High_72dpi.webp 800w, https:\/\/www.niemibil.se\/wp-content\/uploads\/2026\/09\/2025_CX-6e_GER_LHD_C014_INT_Purple_White_Leatherette_Qi_Wireless_Charging_High_72dpi-300x200.webp 300w, https:\/\/www.niemibil.se\/wp-content\/uploads\/2026\/09\/2025_CX-6e_GER_LHD_C014_INT_Purple_White_Leatherette_Qi_Wireless_Charging_High_72dpi-768x512.webp 768w, https:\/\/www.niemibil.se\/wp-content\/uploads\/2026\/09\/2025_CX-6e_GER_LHD_C014_INT_Purple_White_Leatherette_Qi_Wireless_Charging_High_72dpi-18x12.webp 18w\" sizes=\"auto, (max-width: 800px) 100vw, 800px\" \/><\/figure>\n\n\n\n<p class=\"has-text-align-center has-small-font-size\">S\u00e5 h\u00e4r avl\u00e5ng TV ser man nog inte ofta i vardagsrum d\u00e4remot, n\u00e5r man ens till andra sidan?<\/p>\n\n\n\n<p class=\"has-medium-font-size\"><strong>4. Snabbladdning upp till 200 kW<\/strong><\/p>\n\n\n\n<p>Du beh\u00f6ver inte stanna s\u00e4rskilt l\u00e4nge p\u00e5 n\u00e5gon laddstation n\u00e4r du \u00e4r ute p\u00e5 utflykt med CX-6e,<br>du laddar n\u00e4mligen med 240 km r\u00e4ckvidd p\u00e5 bara 15 minuter. Med andra ord f\u00e5r du tillbaka<br>ungef\u00e4r 50 % av bilens maximala r\u00e4ckvidd innan du hunnit dricka upp kaffet!<\/p>\n\n\n\n<div style=\"height:25px\" aria-hidden=\"true\" class=\"wp-block-spacer\"><\/div>\n\n\n\n<p class=\"has-medium-font-size\"><strong>5. 23 h\u00f6gtalare med Dolby Atmos<\/strong><\/p>\n\n\n\n<p>Om vi forts\u00e4tter j\u00e4mf\u00f6ra Mazda CX-6e med ett vardagsrum s\u00e5 kan vi ocks\u00e5 konstatera att den<br>br\u00e4cker de flesta hemmabiosystem med r\u00e5ge! Hela ljudsystemet \u00e4r p\u00e5 1 280 watt och precis<br>som det mindre syskonet Mazda 6e finns det ocks\u00e5 en h\u00f6gtalare p\u00e5 utsidan, f\u00f6r dig som gl\u00f6mt ta<br>med en b\u00e4rbar h\u00f6gtalare p\u00e5 picknicken till exempel (s\u00e5 l\u00e4nge picknickplatsen \u00e4r tillg\u00e4nglig med<br>bil, det vill s\u00e4ga).<\/p>\n\n\n\n<figure class=\"wp-block-image size-full\"><img loading=\"lazy\" decoding=\"async\" width=\"800\" height=\"533\" src=\"https:\/\/www.niemibil.se\/wp-content\/uploads\/2026\/09\/2025_CX-6e_GER_LHD_C022_INT_Purple_White_Leatherette_SonyAudio_High_72dpi.webp\" alt=\"\" class=\"wp-image-2661925\" srcset=\"https:\/\/www.niemibil.se\/wp-content\/uploads\/2026\/09\/2025_CX-6e_GER_LHD_C022_INT_Purple_White_Leatherette_SonyAudio_High_72dpi.webp 800w, https:\/\/www.niemibil.se\/wp-content\/uploads\/2026\/09\/2025_CX-6e_GER_LHD_C022_INT_Purple_White_Leatherette_SonyAudio_High_72dpi-300x200.webp 300w, https:\/\/www.niemibil.se\/wp-content\/uploads\/2026\/09\/2025_CX-6e_GER_LHD_C022_INT_Purple_White_Leatherette_SonyAudio_High_72dpi-768x512.webp 768w, https:\/\/www.niemibil.se\/wp-content\/uploads\/2026\/09\/2025_CX-6e_GER_LHD_C022_INT_Purple_White_Leatherette_SonyAudio_High_72dpi-18x12.webp 18w\" sizes=\"auto, (max-width: 800px) 100vw, 800px\" \/><\/figure>\n\n\n\n<p class=\"has-text-align-center has-small-font-size\">Du kommer inte sakna ljudet fr\u00e5n ett par cylindrar n\u00e4r du har 23 andra ljudk\u00e4llor p\u00e5 insidan<\/p>\n\n\n\n<p class=\"has-medium-font-size\"><strong>Bonusfakta!<\/strong><\/p>\n\n\n\n<p>Om du planerar picknick med Mazda CX-6e (och varf\u00f6r skulle du inte det?) s\u00e5 kan du lyxa till det<br>med lite elektriska hush\u00e5llsapparater, f\u00f6r bilen st\u00f6djer n\u00e4mligen V2L! Eller \u201dVehicle-to-load\u201d<br>som det heter, vilket inneb\u00e4r att du kan koppla in ett v\u00e5ffelj\u00e4rn eller kaffebryggare direkt i din nya<br>Mazda! Eller en mygglampa\u2026<\/p>\n\n\n\n<p>L\u00e4s mer om nya Mazda CX-6e h\u00e4r:<\/p>\n\n\n\n<div class=\"wp-block-buttons is-layout-flex wp-block-buttons-is-layout-flex\">\n<div class=\"wp-block-button\"><a class=\"wp-block-button__link has-white-color has-text-color has-background has-link-color wp-element-button\" href=\"https:\/\/www.niemibil.se\/en\/mazda-cx-6e-lansering\/\" style=\"background-color:#d81132\"><strong>Kolla n\u00e4rmare!<\/strong><\/a><\/div>\n<\/div>\n\n\n\n<p><\/p>","protected":false},"excerpt":{"rendered":"<p>S\u00e5 var det \u00e4ntligen dags f\u00f6r Mazda att g\u00f6ra sin efterl\u00e4ngtade entr\u00e9 p\u00e5 marknaden f\u00f6r heltelektriska SUV:ar, och som ni ser blir det en riktigt elegant s\u00e5dan! Mazda CX-6e f\u00f6ljer sammadesignm\u00e4ssiga sp\u00e5r som Mazda 6e, men vad d\u00f6ljer sig egentligen under detta stiliga yttre? H\u00e4ngmed s\u00e5 tar vi en koll in under skalet! 1. Digitala [&hellip;]<\/p>\n","protected":false},"author":18,"featured_media":2656010,"comment_status":"closed","ping_status":"closed","sticky":false,"template":"","format":"standard","meta":{"_acf_changed":false,"footnotes":""},"categories":[1],"tags":[],"class_list":["post-2661921","post","type-post","status-publish","format-standard","has-post-thumbnail","hentry","category-uncategorized"],"acf":[],"_links":{"self":[{"href":"https:\/\/www.niemibil.se\/en\/wp-json\/wp\/v2\/posts\/2661921","targetHints":{"allow":["GET"]}}],"collection":[{"href":"https:\/\/www.niemibil.se\/en\/wp-json\/wp\/v2\/posts"}],"about":[{"href":"https:\/\/www.niemibil.se\/en\/wp-json\/wp\/v2\/types\/post"}],"author":[{"embeddable":true,"href":"https:\/\/www.niemibil.se\/en\/wp-json\/wp\/v2\/users\/18"}],"replies":[{"embeddable":true,"href":"https:\/\/www.niemibil.se\/en\/wp-json\/wp\/v2\/comments?post=2661921"}],"version-history":[{"count":2,"href":"https:\/\/www.niemibil.se\/en\/wp-json\/wp\/v2\/posts\/2661921\/revisions"}],"predecessor-version":[{"id":2661938,"href":"https:\/\/www.niemibil.se\/en\/wp-json\/wp\/v2\/posts\/2661921\/revisions\/2661938"}],"wp:featuredmedia":[{"embeddable":true,"href":"https:\/\/www.niemibil.se\/en\/wp-json\/wp\/v2\/media\/2656010"}],"wp:attachment":[{"href":"https:\/\/www.niemibil.se\/en\/wp-json\/wp\/v2\/media?parent=2661921"}],"wp:term":[{"taxonomy":"category","embeddable":true,"href":"https:\/\/www.niemibil.se\/en\/wp-json\/wp\/v2\/categories?post=2661921"},{"taxonomy":"post_tag","embeddable":true,"href":"https:\/\/www.niemibil.se\/en\/wp-json\/wp\/v2\/tags?post=2661921"}],"curies":[{"name":"wp","href":"https:\/\/api.w.org\/{rel}","templated":true}]}}