{"id":2650915,"date":"2026-04-29T16:32:47","date_gmt":"2026-04-29T14:32:47","guid":{"rendered":"https:\/\/www.niemibil.se\/?p=2650915"},"modified":"2026-04-29T16:35:13","modified_gmt":"2026-04-29T14:35:13","slug":"elbilsdag-pa-niemi-bil","status":"publish","type":"post","link":"https:\/\/www.niemibil.se\/en\/elbilsdag-pa-niemi-bil\/","title":{"rendered":"Elbilsdag p\u00e5 Niemi Bil!"},"content":{"rendered":"<h2 class=\"wp-block-heading has-medium-font-size\" style=\"font-style:normal;font-weight:600\">L\u00f6rdag den 9 maj \u00f6ppnar vi d\u00f6rrarna p\u00e5 Spantgatan 8 i Lule\u00e5! Intresset runt elbilar har \u00f6kat mycket under den senaste tiden, och som av en h\u00e4ndelse har vi riktigt bra kampanjer p\u00e5 nya elbilar fr\u00e5n Mazda och MG, dessutom v\u00e4lfyllt lager av begagnade elbilar i alla prisklasser!<\/h2>\n\n\n\n<div style=\"height:18px\" aria-hidden=\"true\" class=\"wp-block-spacer\"><\/div>\n\n\n\n<figure class=\"wp-block-image size-large\"><img loading=\"lazy\" decoding=\"async\" width=\"1024\" height=\"576\" src=\"https:\/\/www.niemibil.se\/wp-content\/uploads\/2026\/04\/Elbilsdagen-maj-2026-nar-var-tid-1024x576.webp\" alt=\"\" class=\"wp-image-2650920\" srcset=\"https:\/\/www.niemibil.se\/wp-content\/uploads\/2026\/04\/Elbilsdagen-maj-2026-nar-var-tid-1024x576.webp 1024w, https:\/\/www.niemibil.se\/wp-content\/uploads\/2026\/04\/Elbilsdagen-maj-2026-nar-var-tid-300x169.webp 300w, https:\/\/www.niemibil.se\/wp-content\/uploads\/2026\/04\/Elbilsdagen-maj-2026-nar-var-tid-768x432.webp 768w, https:\/\/www.niemibil.se\/wp-content\/uploads\/2026\/04\/Elbilsdagen-maj-2026-nar-var-tid-1536x864.webp 1536w, https:\/\/www.niemibil.se\/wp-content\/uploads\/2026\/04\/Elbilsdagen-maj-2026-nar-var-tid-18x10.webp 18w, https:\/\/www.niemibil.se\/wp-content\/uploads\/2026\/04\/Elbilsdagen-maj-2026-nar-var-tid.webp 1920w\" sizes=\"auto, (max-width: 1024px) 100vw, 1024px\" \/><\/figure>\n\n\n\n<div style=\"height:40px\" aria-hidden=\"true\" class=\"wp-block-spacer\"><\/div>\n\n\n\n<p><strong>Saturday <\/strong>the <strong>9 maj <\/strong>bjuder vi p\u00e5 nygrillade hamburgare i det soliga majv\u00e4dret! Varf\u00f6r? F\u00f6r att det \u00e4r trevlig, men ocks\u00e5 f\u00f6r att vi f\u00e5r in s\u00e5 m\u00e5nga fr\u00e5gor om elbilar just nu att vi t\u00e4nkte g\u00f6ra en heldag av det!<\/p>\n\n\n\n<ul class=\"wp-block-list has-medium-font-size\">\n<li><strong>Flera superbra kampanjer p\u00e5 nya elbilar<\/strong><\/li>\n\n\n\n<li><strong>Fullt lager av begagnade elbilar i alla prisklasser<\/strong><\/li>\n<\/ul>\n\n\n\n<p>S\u00e5 finns det roliga aktiviteter f\u00f6r hela familjen ocks\u00e5, det kommer bli en riktigt trevlig dag!<\/p>\n\n\n\n<div class=\"wp-block-buttons is-layout-flex wp-block-buttons-is-layout-flex\">\n<div class=\"wp-block-button\"><a class=\"wp-block-button__link has-white-color has-text-color has-background has-link-color wp-element-button\" href=\"https:\/\/www.niemibil.se\/wp-content\/uploads\/2026\/04\/cal-1.ics\" style=\"background-color:#d81132\"><strong>L\u00e4gg till i min kalender (mobil)<\/strong><\/a><\/div>\n<\/div>\n\n\n\n<div style=\"height:50px\" aria-hidden=\"true\" class=\"wp-block-spacer\"><\/div>\n\n\n\n<div class=\"wp-block-media-text alignwide is-stacked-on-mobile\"><figure class=\"wp-block-media-text__media\"><img loading=\"lazy\" decoding=\"async\" width=\"996\" height=\"1024\" src=\"https:\/\/www.niemibil.se\/wp-content\/uploads\/2025\/08\/IMG_8317-996x1024.webp\" alt=\"\" class=\"wp-image-2621066 size-full\" srcset=\"https:\/\/www.niemibil.se\/wp-content\/uploads\/2025\/08\/IMG_8317-996x1024.webp 996w, https:\/\/www.niemibil.se\/wp-content\/uploads\/2025\/08\/IMG_8317-292x300.webp 292w, https:\/\/www.niemibil.se\/wp-content\/uploads\/2025\/08\/IMG_8317-768x790.webp 768w, https:\/\/www.niemibil.se\/wp-content\/uploads\/2025\/08\/IMG_8317-1494x1536.webp 1494w, https:\/\/www.niemibil.se\/wp-content\/uploads\/2025\/08\/IMG_8317-1992x2048.webp 1992w, https:\/\/www.niemibil.se\/wp-content\/uploads\/2025\/08\/IMG_8317-12x12.webp 12w\" sizes=\"auto, (max-width: 996px) 100vw, 996px\" \/><\/figure><div class=\"wp-block-media-text__content\">\n<h2 class=\"wp-block-heading has-medium-font-size\"><strong>Vi bjuder p\u00e5 nygrillade hamburgare och s\u00e5 klart kaffe och fika<\/strong>!<\/h2>\n\n\n\n<p>Dessutom roliga aktiviteter f\u00f6r hela familjen och massor av superfina elbilar i bilhallen!<\/p>\n<\/div><\/div>\n\n\n\n<div style=\"height:14px\" aria-hidden=\"true\" class=\"wp-block-spacer\"><\/div>\n\n\n\n<div style=\"height:50px\" aria-hidden=\"true\" class=\"wp-block-spacer\"><\/div>\n\n\n\n<p class=\"has-large-font-size\"><strong>Kampanjer p\u00e5 plats:<\/strong><\/p>\n\n\n\n<div style=\"height:50px\" aria-hidden=\"true\" class=\"wp-block-spacer\"><\/div>\n\n\n\n<div class=\"wp-block-media-text is-stacked-on-mobile\" style=\"grid-template-columns:67% auto\"><figure class=\"wp-block-media-text__media\"><img loading=\"lazy\" decoding=\"async\" width=\"1024\" height=\"576\" src=\"https:\/\/www.niemibil.se\/wp-content\/uploads\/2026\/04\/Mazda-6e-Takumi-Soul-Red-Crystal-STOR-BILD-1024x576.webp\" alt=\"\" class=\"wp-image-2650930 size-full\" srcset=\"https:\/\/www.niemibil.se\/wp-content\/uploads\/2026\/04\/Mazda-6e-Takumi-Soul-Red-Crystal-STOR-BILD-1024x576.webp 1024w, https:\/\/www.niemibil.se\/wp-content\/uploads\/2026\/04\/Mazda-6e-Takumi-Soul-Red-Crystal-STOR-BILD-300x169.webp 300w, https:\/\/www.niemibil.se\/wp-content\/uploads\/2026\/04\/Mazda-6e-Takumi-Soul-Red-Crystal-STOR-BILD-768x432.webp 768w, https:\/\/www.niemibil.se\/wp-content\/uploads\/2026\/04\/Mazda-6e-Takumi-Soul-Red-Crystal-STOR-BILD-1536x864.webp 1536w, https:\/\/www.niemibil.se\/wp-content\/uploads\/2026\/04\/Mazda-6e-Takumi-Soul-Red-Crystal-STOR-BILD-18x10.webp 18w, https:\/\/www.niemibil.se\/wp-content\/uploads\/2026\/04\/Mazda-6e-Takumi-Soul-Red-Crystal-STOR-BILD.webp 1920w\" sizes=\"auto, (max-width: 1024px) 100vw, 1024px\" \/><\/figure><div class=\"wp-block-media-text__content\">\n<p class=\"has-large-font-size\">Mazda 6e<\/p>\n\n\n\n<p class=\"has-medium-font-size\"><strong>SEK 2,879\/month<\/strong><br><em>ord. 5 495 kr\/m\u00e5n<\/em><br>0 % r\u00e4nta<\/p>\n\n\n\n<p>Prisbel\u00f6nt design och premiumk\u00e4nsla f\u00e5r du i Mazdas eleganta elbil!<\/p>\n<\/div><\/div>\n\n\n\n<div style=\"height:50px\" aria-hidden=\"true\" class=\"wp-block-spacer\"><\/div>\n\n\n\n<div class=\"wp-block-media-text is-stacked-on-mobile\" style=\"grid-template-columns:67% auto\"><figure class=\"wp-block-media-text__media\"><img loading=\"lazy\" decoding=\"async\" width=\"1024\" height=\"560\" src=\"https:\/\/www.niemibil.se\/wp-content\/uploads\/2026\/03\/mgs6-compare-section-luxury-awd-1024x560.webp\" alt=\"\" class=\"wp-image-2647801 size-full\" srcset=\"https:\/\/www.niemibil.se\/wp-content\/uploads\/2026\/03\/mgs6-compare-section-luxury-awd-1024x560.webp 1024w, https:\/\/www.niemibil.se\/wp-content\/uploads\/2026\/03\/mgs6-compare-section-luxury-awd-300x164.webp 300w, https:\/\/www.niemibil.se\/wp-content\/uploads\/2026\/03\/mgs6-compare-section-luxury-awd-768x420.webp 768w, https:\/\/www.niemibil.se\/wp-content\/uploads\/2026\/03\/mgs6-compare-section-luxury-awd-18x10.webp 18w, https:\/\/www.niemibil.se\/wp-content\/uploads\/2026\/03\/mgs6-compare-section-luxury-awd.webp 1060w\" sizes=\"auto, (max-width: 1024px) 100vw, 1024px\" \/><\/figure><div class=\"wp-block-media-text__content\">\n<p class=\"has-large-font-size\">MGS6 EV<\/p>\n\n\n\n<p class=\"has-medium-font-size\"><strong>2 083 kr\/m\u00e5n<\/strong><br>0 % r\u00e4nta<\/p>\n\n\n\n<p>Fyrhjulsdrift, stort utrymme och riktigt bra utrustning som standard. V\u00e5r nya &#8221;mest f\u00f6r pengarna&#8221; -vinnare!<\/p>\n<\/div><\/div>\n\n\n\n<div style=\"height:50px\" aria-hidden=\"true\" class=\"wp-block-spacer\"><\/div>\n\n\n\n<figure class=\"wp-block-image size-large\"><img loading=\"lazy\" decoding=\"async\" width=\"1024\" height=\"576\" src=\"https:\/\/www.niemibil.se\/wp-content\/uploads\/2026\/04\/Dennis-MG-2-1024x576.webp\" alt=\"\" class=\"wp-image-2650928\" srcset=\"https:\/\/www.niemibil.se\/wp-content\/uploads\/2026\/04\/Dennis-MG-2-1024x576.webp 1024w, https:\/\/www.niemibil.se\/wp-content\/uploads\/2026\/04\/Dennis-MG-2-300x169.webp 300w, https:\/\/www.niemibil.se\/wp-content\/uploads\/2026\/04\/Dennis-MG-2-768x432.webp 768w, https:\/\/www.niemibil.se\/wp-content\/uploads\/2026\/04\/Dennis-MG-2-1536x863.webp 1536w, https:\/\/www.niemibil.se\/wp-content\/uploads\/2026\/04\/Dennis-MG-2-18x10.webp 18w, https:\/\/www.niemibil.se\/wp-content\/uploads\/2026\/04\/Dennis-MG-2.webp 1900w\" sizes=\"auto, (max-width: 1024px) 100vw, 1024px\" \/><\/figure>\n\n\n\n<blockquote class=\"wp-block-quote is-layout-flow wp-block-quote-is-layout-flow\">\n<h2 class=\"wp-block-heading has-text-align-center\"><strong>Tjuvkika p\u00e5 utbudet av begagnade elbilar:<\/strong><\/h2>\n<\/blockquote>\n\n\n\n<div class=\"wp-block-group alignfull has-text-color has-background\" style=\"color:#000000;background-color:#ffffff\"><div class=\"wp-block-group__inner-container is-layout-flow wp-block-group-is-layout-flow\">\n<div class=\"wp-block-buttons is-horizontal is-content-justification-center is-layout-flex wp-container-core-buttons-is-layout-499968f5 wp-block-buttons-is-layout-flex\">\n<div class=\"wp-block-button has-custom-width wp-block-button__width-50 is-style-fill\"><a class=\"wp-block-button__link has-text-color has-background has-medium-font-size has-custom-font-size wp-element-button\" href=\"https:\/\/www.niemibil.se\/en\/used-cars\/?_sfm_yearmodel=2008+2027&amp;_sfm_miles=0+34000&amp;_sfm_price-sek=0+800000&amp;_sft_drivmedel=el&amp;_sft_bilhall=lulea-banvagen-7b,spantgatan-8\" style=\"border-radius:50px;color:#ffffff;background-color:#d81132\" target=\"_blank\" rel=\"noreferrer noopener\"><strong>Se alla elbilar p\u00e5 Niemi Bil i Lule\u00e5<\/strong><\/a><\/div>\n<\/div>\n<\/div><\/div>\n\n\n\n<div style=\"height:85px\" aria-hidden=\"true\" class=\"wp-block-spacer\"><\/div>\n\n\n\n<p><strong>Hitta till v\u00e5r bilhall p\u00e5 Spantgatan i Lule\u00e5:<\/strong><\/p>\n\n\n<p><iframe src=\"https:\/\/www.google.com\/maps\/embed?pb=!1m18!1m12!1m3!1d2741.8260052851715!2d22.119095578283297!3d65.60853912823842!2m3!1f0!2f0!3f0!3m2!1i1024!2i768!4f13.1!3m3!1m2!1s0x467f6565f0e9a923%3A0xd211eb0ad24380fd!2sNiemi%20Bil%20-%20F%C3%B6rs%C3%A4ljning!5e1!3m2!1ssv!2sse!4v1777472309732!5m2!1ssv!2sse\" width=\"600\" height=\"450\" style=\"border:0;\" allowfullscreen=\"\" loading=\"lazy\" referrerpolicy=\"no-referrer-when-downgrade\"><\/iframe><\/p>\n\n\n<div class=\"wp-block-image\">\n<figure class=\"aligncenter size-full is-resized\"><img loading=\"lazy\" decoding=\"async\" width=\"1000\" height=\"100\" src=\"https:\/\/www.niemibil.se\/wp-content\/uploads\/2023\/12\/Valkommen.png\" alt=\"\" class=\"wp-image-2130221\" style=\"width:548px;height:auto\" srcset=\"https:\/\/www.niemibil.se\/wp-content\/uploads\/2023\/12\/Valkommen.png 1000w, https:\/\/www.niemibil.se\/wp-content\/uploads\/2023\/12\/Valkommen-300x30.png 300w, https:\/\/www.niemibil.se\/wp-content\/uploads\/2023\/12\/Valkommen-768x77.png 768w, https:\/\/www.niemibil.se\/wp-content\/uploads\/2023\/12\/Valkommen-18x2.png 18w\" sizes=\"auto, (max-width: 1000px) 100vw, 1000px\" \/><\/figure>\n<\/div>\n\n\n<p><\/p>","protected":false},"excerpt":{"rendered":"<p>L\u00f6rdag den 9 maj \u00f6ppnar vi d\u00f6rrarna p\u00e5 Spantgatan 8 i Lule\u00e5! Intresset runt elbilar har \u00f6kat mycket under den senaste tiden, och som av en h\u00e4ndelse har vi riktigt bra kampanjer p\u00e5 nya elbilar fr\u00e5n Mazda och MG, dessutom v\u00e4lfyllt lager av begagnade elbilar i alla prisklasser! L\u00f6rdag den 9 maj bjuder vi p\u00e5 [&hellip;]<\/p>\n","protected":false},"author":18,"featured_media":2650918,"comment_status":"closed","ping_status":"closed","sticky":false,"template":"","format":"standard","meta":{"_acf_changed":false,"footnotes":""},"categories":[1],"tags":[],"class_list":["post-2650915","post","type-post","status-publish","format-standard","has-post-thumbnail","hentry","category-uncategorized"],"acf":[],"_links":{"self":[{"href":"https:\/\/www.niemibil.se\/en\/wp-json\/wp\/v2\/posts\/2650915","targetHints":{"allow":["GET"]}}],"collection":[{"href":"https:\/\/www.niemibil.se\/en\/wp-json\/wp\/v2\/posts"}],"about":[{"href":"https:\/\/www.niemibil.se\/en\/wp-json\/wp\/v2\/types\/post"}],"author":[{"embeddable":true,"href":"https:\/\/www.niemibil.se\/en\/wp-json\/wp\/v2\/users\/18"}],"replies":[{"embeddable":true,"href":"https:\/\/www.niemibil.se\/en\/wp-json\/wp\/v2\/comments?post=2650915"}],"version-history":[{"count":5,"href":"https:\/\/www.niemibil.se\/en\/wp-json\/wp\/v2\/posts\/2650915\/revisions"}],"predecessor-version":[{"id":2650935,"href":"https:\/\/www.niemibil.se\/en\/wp-json\/wp\/v2\/posts\/2650915\/revisions\/2650935"}],"wp:featuredmedia":[{"embeddable":true,"href":"https:\/\/www.niemibil.se\/en\/wp-json\/wp\/v2\/media\/2650918"}],"wp:attachment":[{"href":"https:\/\/www.niemibil.se\/en\/wp-json\/wp\/v2\/media?parent=2650915"}],"wp:term":[{"taxonomy":"category","embeddable":true,"href":"https:\/\/www.niemibil.se\/en\/wp-json\/wp\/v2\/categories?post=2650915"},{"taxonomy":"post_tag","embeddable":true,"href":"https:\/\/www.niemibil.se\/en\/wp-json\/wp\/v2\/tags?post=2650915"}],"curies":[{"name":"wp","href":"https:\/\/api.w.org\/{rel}","templated":true}]}}