{"id":2644650,"date":"2026-02-27T13:45:07","date_gmt":"2026-02-27T12:45:07","guid":{"rendered":"https:\/\/www.niemibil.se\/?p=2644650"},"modified":"2026-02-27T13:57:50","modified_gmt":"2026-02-27T12:57:50","slug":"topp-10-mest-branslesnala-familjebilar-diesel","status":"publish","type":"post","link":"https:\/\/www.niemibil.se\/en\/topp-10-mest-branslesnala-familjebilar-diesel\/","title":{"rendered":"Topp 10 mest br\u00e4nslesn\u00e5la familjebilar: Diesel"},"content":{"rendered":"<p><strong>Dieselmotorn \u00e4r en klassisk skapelse som l\u00e4nge var ekonomi-kungen n\u00e4r det kom till kostnad per k\u00f6rd mil. P\u00e5 senare tid har den utmanats om tronen fr\u00e5n elbilar och hybrider, men hur st\u00e5r den moderna dieselbilen mot konkurrensen? Vi har kollat upp de dieselbilar som har l\u00e4gst WLTP-f\u00f6rbrukning!<\/strong><\/p>\n\n\n\n<div style=\"height:25px\" aria-hidden=\"true\" class=\"wp-block-spacer\"><\/div>\n\n\n\n<p>I den h\u00e4r artikeln har vi j\u00e4mf\u00f6rt siffror fr\u00e5n konsumentverket g\u00e4llande bilarnas br\u00e4nslef\u00f6rbrukning enligt WLTP-standard. Det kan s\u00e5 klart skilja sig n\u00e5got fr\u00e5n verkligheten, och det \u00e4r m\u00f6jligt att du som \u00e4ger n\u00e5gon av de h\u00e4r bilarna upplever att f\u00f6rbrukningen skiljer sig n\u00e5got fr\u00e5n vad som anges h\u00e4r.<\/p>\n\n\n\n<p>Det finns s\u00e5 klart dieselbilar som har l\u00e4gre br\u00e4nslef\u00f6rbrukning \u00e4n dessa, men kom ih\u00e5g att de vi j\u00e4mf\u00f6rt h\u00e4r \u00e4r s\u00e5 kallade &#8221;familjebilar&#8221; och allts\u00e5 \u00e4r ganska stora. Mindre bilar med samma motorer hade s\u00e5 klart oftast f\u00f6rbrukat \u00e4nnu mindre br\u00e4nsle.<\/p>\n\n\n\n<div style=\"height:50px\" aria-hidden=\"true\" class=\"wp-block-spacer\"><\/div>\n\n\n\n<p class=\"has-large-font-size\"><strong><strong>Plats 10<\/strong><\/strong><\/p>\n\n\n\n<div class=\"wp-block-media-text is-stacked-on-mobile\"><figure class=\"wp-block-media-text__media\"><img loading=\"lazy\" decoding=\"async\" width=\"1024\" height=\"768\" src=\"https:\/\/www.niemibil.se\/wp-content\/uploads\/2026\/02\/passat.webp\" alt=\"\" class=\"wp-image-2644660 size-full\" srcset=\"https:\/\/www.niemibil.se\/wp-content\/uploads\/2026\/02\/passat.webp 1024w, https:\/\/www.niemibil.se\/wp-content\/uploads\/2026\/02\/passat-300x225.webp 300w, https:\/\/www.niemibil.se\/wp-content\/uploads\/2026\/02\/passat-768x576.webp 768w, https:\/\/www.niemibil.se\/wp-content\/uploads\/2026\/02\/passat-16x12.webp 16w\" sizes=\"auto, (max-width: 1024px) 100vw, 1024px\" \/><\/figure><div class=\"wp-block-media-text__content\">\n<p class=\"has-medium-font-size\"><strong>Volkswagen Passat<\/strong> 2.0 TDI<\/p>\n\n\n\n<p>ca <strong>6,0 l\/100 km<\/strong><\/p>\n\n\n\n<p>Klassiska Passat inleder listan, och dessa siffror tillh\u00f6r VWs klassiska 2.0 TDI-motor.<\/p>\n\n\n\n<div class=\"wp-block-buttons is-layout-flex wp-block-buttons-is-layout-flex\">\n<div class=\"wp-block-button has-custom-width wp-block-button__width-75\"><a class=\"wp-block-button__link has-white-color has-text-color has-background has-link-color has-medium-font-size has-custom-font-size wp-element-button\" href=\"https:\/\/www.niemibil.se\/en\/used-cars\/?_sf_s=passat&amp;_sfm_yearmodel=2004+2027&amp;_sfm_miles=0+40000&amp;_sfm_price-sek=0+850000&amp;_sft_bilmarke=volkswagen\" style=\"border-top-left-radius:70px;border-top-right-radius:70px;border-bottom-left-radius:70px;border-bottom-right-radius:70px;background-color:#d81132\" target=\"_blank\" rel=\"noreferrer noopener\"><strong>Se alla p\u00e5 lager!<\/strong><\/a><\/div>\n<\/div>\n<\/div><\/div>\n\n\n\n<div style=\"height:50px\" aria-hidden=\"true\" class=\"wp-block-spacer\"><\/div>\n\n\n\n<p class=\"has-large-font-size\"><strong><strong>Plats 9<\/strong><\/strong><\/p>\n\n\n\n<div class=\"wp-block-media-text is-stacked-on-mobile\"><figure class=\"wp-block-media-text__media\"><img loading=\"lazy\" decoding=\"async\" width=\"1024\" height=\"768\" src=\"https:\/\/www.niemibil.se\/wp-content\/uploads\/2026\/02\/Golf.webp\" alt=\"\" class=\"wp-image-2644658 size-full\" srcset=\"https:\/\/www.niemibil.se\/wp-content\/uploads\/2026\/02\/Golf.webp 1024w, https:\/\/www.niemibil.se\/wp-content\/uploads\/2026\/02\/Golf-300x225.webp 300w, https:\/\/www.niemibil.se\/wp-content\/uploads\/2026\/02\/Golf-768x576.webp 768w, https:\/\/www.niemibil.se\/wp-content\/uploads\/2026\/02\/Golf-16x12.webp 16w\" sizes=\"auto, (max-width: 1024px) 100vw, 1024px\" \/><\/figure><div class=\"wp-block-media-text__content\">\n<p class=\"has-medium-font-size\"><strong>Volkswagen Golf<\/strong> 2.0 TDI<\/p>\n\n\n\n<p>ca <strong>5,8 l\/100 km<\/strong><\/p>\n\n\n\n<p>Mer VW p\u00e5 listan, denna g\u00e5ng en n\u00e5got mindre (och n\u00e5got mer klassisk) Golf. \u00c4ven denna med 2.0 TDI-motor.<\/p>\n\n\n\n<div class=\"wp-block-buttons is-layout-flex wp-block-buttons-is-layout-flex\">\n<div class=\"wp-block-button has-custom-width wp-block-button__width-75\"><a class=\"wp-block-button__link has-white-color has-text-color has-background has-link-color has-medium-font-size has-custom-font-size wp-element-button\" href=\"https:\/\/www.niemibil.se\/en\/used-cars\/?_sf_s=golf&amp;_sfm_yearmodel=2004+2027&amp;_sfm_miles=0+40000&amp;_sfm_price-sek=0+850000&amp;_sft_bilmarke=volkswagen\" style=\"border-top-left-radius:70px;border-top-right-radius:70px;border-bottom-left-radius:70px;border-bottom-right-radius:70px;background-color:#d81132\" target=\"_blank\" rel=\"noreferrer noopener\"><strong>Se alla p\u00e5 lager!<\/strong><\/a><\/div>\n<\/div>\n<\/div><\/div>\n\n\n\n<div style=\"height:50px\" aria-hidden=\"true\" class=\"wp-block-spacer\"><\/div>\n\n\n\n<p class=\"has-large-font-size\"><strong><strong>Plats 8<\/strong><\/strong><\/p>\n\n\n\n<div class=\"wp-block-media-text is-stacked-on-mobile\"><figure class=\"wp-block-media-text__media\"><img loading=\"lazy\" decoding=\"async\" width=\"1024\" height=\"768\" src=\"https:\/\/www.niemibil.se\/wp-content\/uploads\/2026\/02\/v60.webp\" alt=\"\" class=\"wp-image-2644665 size-full\" srcset=\"https:\/\/www.niemibil.se\/wp-content\/uploads\/2026\/02\/v60.webp 1024w, https:\/\/www.niemibil.se\/wp-content\/uploads\/2026\/02\/v60-300x225.webp 300w, https:\/\/www.niemibil.se\/wp-content\/uploads\/2026\/02\/v60-768x576.webp 768w, https:\/\/www.niemibil.se\/wp-content\/uploads\/2026\/02\/v60-16x12.webp 16w\" sizes=\"auto, (max-width: 1024px) 100vw, 1024px\" \/><\/figure><div class=\"wp-block-media-text__content\">\n<p class=\"has-medium-font-size\"><strong>Volvo V60<\/strong> D4\/D3<\/p>\n\n\n\n<p>ca <strong>5,1\u20136,1 l\/100 km<\/strong><\/p>\n\n\n\n<p>Motorerna D3 och D4 kan g\u00f6ra till och med relativt stora Volvo V60 till en riktig sparb\u00f6ssa. Uppgifterna varierar, men l\u00e4gre \u00e4n 5,1 liter per 100 km kommer vi inte.<\/p>\n\n\n\n<div class=\"wp-block-buttons is-layout-flex wp-block-buttons-is-layout-flex\">\n<div class=\"wp-block-button has-custom-width wp-block-button__width-75\"><a class=\"wp-block-button__link has-white-color has-text-color has-background has-link-color has-medium-font-size has-custom-font-size wp-element-button\" href=\"https:\/\/www.niemibil.se\/en\/used-cars\/?_sf_s=v60&amp;_sfm_yearmodel=2004+2027&amp;_sfm_miles=0+40000&amp;_sfm_price-sek=0+850000\" style=\"border-top-left-radius:70px;border-top-right-radius:70px;border-bottom-left-radius:70px;border-bottom-right-radius:70px;background-color:#d81132\" target=\"_blank\" rel=\"noreferrer noopener\"><strong>Se alla p\u00e5 lager!<\/strong><\/a><\/div>\n<\/div>\n<\/div><\/div>\n\n\n\n<div style=\"height:50px\" aria-hidden=\"true\" class=\"wp-block-spacer\"><\/div>\n\n\n\n<p class=\"has-large-font-size\"><strong><strong>Plats 7<\/strong><\/strong><\/p>\n\n\n\n<div class=\"wp-block-media-text is-stacked-on-mobile\"><figure class=\"wp-block-media-text__media\"><img loading=\"lazy\" decoding=\"async\" width=\"1024\" height=\"684\" src=\"https:\/\/www.niemibil.se\/wp-content\/uploads\/2026\/02\/Ford_Tourneo_Connect_Genf_2018-1024x684.webp\" alt=\"\" class=\"wp-image-2644657 size-full\" srcset=\"https:\/\/www.niemibil.se\/wp-content\/uploads\/2026\/02\/Ford_Tourneo_Connect_Genf_2018-1024x684.webp 1024w, https:\/\/www.niemibil.se\/wp-content\/uploads\/2026\/02\/Ford_Tourneo_Connect_Genf_2018-300x200.webp 300w, https:\/\/www.niemibil.se\/wp-content\/uploads\/2026\/02\/Ford_Tourneo_Connect_Genf_2018-768x513.webp 768w, https:\/\/www.niemibil.se\/wp-content\/uploads\/2026\/02\/Ford_Tourneo_Connect_Genf_2018-1536x1026.webp 1536w, https:\/\/www.niemibil.se\/wp-content\/uploads\/2026\/02\/Ford_Tourneo_Connect_Genf_2018-2048x1368.webp 2048w, https:\/\/www.niemibil.se\/wp-content\/uploads\/2026\/02\/Ford_Tourneo_Connect_Genf_2018-18x12.webp 18w\" sizes=\"auto, (max-width: 1024px) 100vw, 1024px\" \/><\/figure><div class=\"wp-block-media-text__content\">\n<p class=\"has-medium-font-size\"><strong>Ford Tourneo Connect<\/strong> 2.0 TDI<\/p>\n\n\n\n<p>ca <strong>4,8 l\/100 km<\/strong><\/p>\n\n\n\n<p>Denna Ford k\u00e4nner du s\u00e4kert igen, men du ser den nog oftast l\u00e4ngs v\u00e4garna som sk\u00e5pbil. Billig i drift och rymlig \u00e4r den hur som helst.<\/p>\n\n\n\n<div class=\"wp-block-buttons is-layout-flex wp-block-buttons-is-layout-flex\">\n<div class=\"wp-block-button has-custom-width wp-block-button__width-75\"><a class=\"wp-block-button__link has-white-color has-text-color has-background has-link-color has-medium-font-size has-custom-font-size wp-element-button\" href=\"https:\/\/www.niemibil.se\/en\/used-cars\/?_sfm_yearmodel=2004+2027&amp;_sfm_miles=0+40000&amp;_sfm_price-sek=0+850000&amp;_sft_bilmarke=ford\" style=\"border-top-left-radius:70px;border-top-right-radius:70px;border-bottom-left-radius:70px;border-bottom-right-radius:70px;background-color:#d81132\" target=\"_blank\" rel=\"noreferrer noopener\"><strong>Se alla p\u00e5 lager!<\/strong><\/a><\/div>\n<\/div>\n<\/div><\/div>\n\n\n\n<div style=\"height:50px\" aria-hidden=\"true\" class=\"wp-block-spacer\"><\/div>\n\n\n\n<p class=\"has-large-font-size\"><strong><strong>Plats 6<\/strong><\/strong><\/p>\n\n\n\n<div class=\"wp-block-media-text is-stacked-on-mobile\"><figure class=\"wp-block-media-text__media\"><img loading=\"lazy\" decoding=\"async\" width=\"1024\" height=\"576\" src=\"https:\/\/www.niemibil.se\/wp-content\/uploads\/2026\/02\/cupra-formentor-1024x576.webp\" alt=\"\" class=\"wp-image-2644656 size-full\" srcset=\"https:\/\/www.niemibil.se\/wp-content\/uploads\/2026\/02\/cupra-formentor-1024x576.webp 1024w, https:\/\/www.niemibil.se\/wp-content\/uploads\/2026\/02\/cupra-formentor-300x169.webp 300w, https:\/\/www.niemibil.se\/wp-content\/uploads\/2026\/02\/cupra-formentor-768x432.webp 768w, https:\/\/www.niemibil.se\/wp-content\/uploads\/2026\/02\/cupra-formentor-1536x864.webp 1536w, https:\/\/www.niemibil.se\/wp-content\/uploads\/2026\/02\/cupra-formentor-2048x1152.webp 2048w, https:\/\/www.niemibil.se\/wp-content\/uploads\/2026\/02\/cupra-formentor-18x10.webp 18w\" sizes=\"auto, (max-width: 1024px) 100vw, 1024px\" \/><\/figure><div class=\"wp-block-media-text__content\">\n<p class=\"has-medium-font-size\"><strong>Cupra Formentor<\/strong> 2.0 TDI<\/p>\n\n\n\n<p>ca <strong>4,8 l\/100 km<\/strong><\/p>\n\n\n\n<p>Cupra (det vill s\u00e4ga nya Seat&#8230; typ) kom in p\u00e5 marknaden med ett brak f\u00f6r n\u00e5gra \u00e5r sedan och \u00e4ven om modern design varit i fokus s\u00e5 \u00e4r de bra p\u00e5 andra s\u00e4tt ocks\u00e5.<\/p>\n\n\n\n<div class=\"wp-block-buttons is-layout-flex wp-block-buttons-is-layout-flex\">\n<div class=\"wp-block-button has-custom-width wp-block-button__width-75\"><a class=\"wp-block-button__link has-white-color has-text-color has-background has-link-color has-medium-font-size has-custom-font-size wp-element-button\" href=\"https:\/\/www.niemibil.se\/en\/used-cars\/?_sf_s=cupra&amp;_sfm_yearmodel=2004+2027&amp;_sfm_miles=0+40000&amp;_sfm_price-sek=0+850000\" style=\"border-top-left-radius:70px;border-top-right-radius:70px;border-bottom-left-radius:70px;border-bottom-right-radius:70px;background-color:#d81132\" target=\"_blank\" rel=\"noreferrer noopener\"><strong>Se alla p\u00e5 lager!<\/strong><\/a><\/div>\n<\/div>\n<\/div><\/div>\n\n\n\n<div style=\"height:50px\" aria-hidden=\"true\" class=\"wp-block-spacer\"><\/div>\n\n\n\n<p class=\"has-large-font-size\"><strong><strong>Plats 5<\/strong><\/strong><\/p>\n\n\n\n<div class=\"wp-block-media-text is-stacked-on-mobile\"><figure class=\"wp-block-media-text__media\"><img loading=\"lazy\" decoding=\"async\" width=\"1024\" height=\"768\" src=\"https:\/\/www.niemibil.se\/wp-content\/uploads\/2026\/02\/pegga-508.webp\" alt=\"\" class=\"wp-image-2644662 size-full\" srcset=\"https:\/\/www.niemibil.se\/wp-content\/uploads\/2026\/02\/pegga-508.webp 1024w, https:\/\/www.niemibil.se\/wp-content\/uploads\/2026\/02\/pegga-508-300x225.webp 300w, https:\/\/www.niemibil.se\/wp-content\/uploads\/2026\/02\/pegga-508-768x576.webp 768w, https:\/\/www.niemibil.se\/wp-content\/uploads\/2026\/02\/pegga-508-16x12.webp 16w\" sizes=\"auto, (max-width: 1024px) 100vw, 1024px\" \/><\/figure><div class=\"wp-block-media-text__content\">\n<p class=\"has-medium-font-size\"><strong>Peugeot 508<\/strong> 1.5 BlueHDi<\/p>\n\n\n\n<p>ca <strong>4,7 l\/100 km<\/strong><\/p>\n\n\n\n<p>Fransm\u00e4nnen har gjort det igen, 508 \u00e4r en stor bil som g\u00f6r liten inverkan p\u00e5 bankkontot. I alla fall n\u00e4r du st\u00e5r vid br\u00e4nslepumpen.<\/p>\n\n\n\n<div class=\"wp-block-buttons is-layout-flex wp-block-buttons-is-layout-flex\">\n<div class=\"wp-block-button has-custom-width wp-block-button__width-75\"><a class=\"wp-block-button__link has-white-color has-text-color has-background has-link-color has-medium-font-size has-custom-font-size wp-element-button\" href=\"https:\/\/www.niemibil.se\/en\/used-cars\/?_sf_s=508&amp;_sfm_yearmodel=2004+2027&amp;_sfm_miles=0+40000&amp;_sfm_price-sek=0+850000&amp;_sft_bilmarke=peugeot\" style=\"border-top-left-radius:70px;border-top-right-radius:70px;border-bottom-left-radius:70px;border-bottom-right-radius:70px;background-color:#d81132\" target=\"_blank\" rel=\"noreferrer noopener\"><strong>Se alla p\u00e5 lager!<\/strong><\/a><\/div>\n<\/div>\n<\/div><\/div>\n\n\n\n<div style=\"height:50px\" aria-hidden=\"true\" class=\"wp-block-spacer\"><\/div>\n\n\n\n<p class=\"has-large-font-size\"><strong><strong>Plats 4<\/strong><\/strong><\/p>\n\n\n\n<div class=\"wp-block-media-text is-stacked-on-mobile\"><figure class=\"wp-block-media-text__media\"><img loading=\"lazy\" decoding=\"async\" width=\"1024\" height=\"768\" src=\"https:\/\/www.niemibil.se\/wp-content\/uploads\/2026\/02\/merc-a200.webp\" alt=\"\" class=\"wp-image-2644659 size-full\" srcset=\"https:\/\/www.niemibil.se\/wp-content\/uploads\/2026\/02\/merc-a200.webp 1024w, https:\/\/www.niemibil.se\/wp-content\/uploads\/2026\/02\/merc-a200-300x225.webp 300w, https:\/\/www.niemibil.se\/wp-content\/uploads\/2026\/02\/merc-a200-768x576.webp 768w, https:\/\/www.niemibil.se\/wp-content\/uploads\/2026\/02\/merc-a200-16x12.webp 16w\" sizes=\"auto, (max-width: 1024px) 100vw, 1024px\" \/><\/figure><div class=\"wp-block-media-text__content\">\n<p class=\"has-medium-font-size\"><strong>Mercedes-Benz A-klass<\/strong> 200d<\/p>\n\n\n\n<p>ca <strong>4,7 l\/100 km<\/strong><\/p>\n\n\n\n<p>Mercedes lilla Golf-motsvarighet klarar sig riktigt bra p\u00e5 listan, n\u00e4stan pallplats till och med, vilket man kanske inte v\u00e4ntat sig av ett premiumm\u00e4rke.<\/p>\n\n\n\n<div class=\"wp-block-buttons is-layout-flex wp-block-buttons-is-layout-flex\">\n<div class=\"wp-block-button has-custom-width wp-block-button__width-75\"><a class=\"wp-block-button__link has-white-color has-text-color has-background has-link-color has-medium-font-size has-custom-font-size wp-element-button\" href=\"https:\/\/www.niemibil.se\/en\/used-cars\/?_sf_s=a%20200&amp;_sfm_yearmodel=2004+2027&amp;_sfm_miles=0+40000&amp;_sfm_price-sek=0+850000&amp;_sft_bilmarke=mercedes-benz\" style=\"border-top-left-radius:70px;border-top-right-radius:70px;border-bottom-left-radius:70px;border-bottom-right-radius:70px;background-color:#d81132\" target=\"_blank\" rel=\"noreferrer noopener\"><strong>Se alla p\u00e5 lager!<\/strong><\/a><\/div>\n<\/div>\n<\/div><\/div>\n\n\n\n<div style=\"height:50px\" aria-hidden=\"true\" class=\"wp-block-spacer\"><\/div>\n\n\n\n<p class=\"has-large-font-size\"><strong><strong>Plats 3<\/strong><\/strong><\/p>\n\n\n\n<div class=\"wp-block-media-text is-stacked-on-mobile\"><figure class=\"wp-block-media-text__media\"><img loading=\"lazy\" decoding=\"async\" width=\"1024\" height=\"768\" src=\"https:\/\/www.niemibil.se\/wp-content\/uploads\/2026\/02\/skoda-karoq.webp\" alt=\"\" class=\"wp-image-2644663 size-full\" srcset=\"https:\/\/www.niemibil.se\/wp-content\/uploads\/2026\/02\/skoda-karoq.webp 1024w, https:\/\/www.niemibil.se\/wp-content\/uploads\/2026\/02\/skoda-karoq-300x225.webp 300w, https:\/\/www.niemibil.se\/wp-content\/uploads\/2026\/02\/skoda-karoq-768x576.webp 768w, https:\/\/www.niemibil.se\/wp-content\/uploads\/2026\/02\/skoda-karoq-16x12.webp 16w\" sizes=\"auto, (max-width: 1024px) 100vw, 1024px\" \/><\/figure><div class=\"wp-block-media-text__content\">\n<p class=\"has-medium-font-size\"><strong>Skoda Karoq<\/strong> 2.0 TDI<\/p>\n\n\n\n<p>ca <strong>4,6 l\/100 km<\/strong><\/p>\n\n\n\n<p>Att en SUV skulle leta sig in p\u00e5 listan kanske inte var vad vi v\u00e4ntat oss, men h\u00e4r \u00e4r vi nu, tack vare tjeckiska Skoda!<\/p>\n\n\n\n<div class=\"wp-block-buttons is-layout-flex wp-block-buttons-is-layout-flex\">\n<div class=\"wp-block-button has-custom-width wp-block-button__width-75\"><a class=\"wp-block-button__link has-white-color has-text-color has-background has-link-color has-medium-font-size has-custom-font-size wp-element-button\" href=\"https:\/\/www.niemibil.se\/en\/used-cars\/?_sf_s=Karoq&amp;_sfm_yearmodel=2004+2027&amp;_sfm_miles=0+40000&amp;_sfm_price-sek=0+850000&amp;_sft_bilmarke=skoda\" style=\"border-top-left-radius:70px;border-top-right-radius:70px;border-bottom-left-radius:70px;border-bottom-right-radius:70px;background-color:#d81132\" target=\"_blank\" rel=\"noreferrer noopener\"><strong>Se alla p\u00e5 lager!<\/strong><\/a><\/div>\n<\/div>\n<\/div><\/div>\n\n\n\n<div style=\"height:50px\" aria-hidden=\"true\" class=\"wp-block-spacer\"><\/div>\n\n\n\n<p class=\"has-large-font-size\"><strong><strong>Plats 2<\/strong><\/strong><\/p>\n\n\n\n<div class=\"wp-block-media-text is-stacked-on-mobile\"><figure class=\"wp-block-media-text__media\"><img loading=\"lazy\" decoding=\"async\" width=\"1024\" height=\"768\" src=\"https:\/\/www.niemibil.se\/wp-content\/uploads\/2026\/02\/pegga-308.webp\" alt=\"\" class=\"wp-image-2644661 size-full\" srcset=\"https:\/\/www.niemibil.se\/wp-content\/uploads\/2026\/02\/pegga-308.webp 1024w, https:\/\/www.niemibil.se\/wp-content\/uploads\/2026\/02\/pegga-308-300x225.webp 300w, https:\/\/www.niemibil.se\/wp-content\/uploads\/2026\/02\/pegga-308-768x576.webp 768w, https:\/\/www.niemibil.se\/wp-content\/uploads\/2026\/02\/pegga-308-16x12.webp 16w\" sizes=\"auto, (max-width: 1024px) 100vw, 1024px\" \/><\/figure><div class=\"wp-block-media-text__content\">\n<p class=\"has-medium-font-size\"><strong>Peugeot 308<\/strong> 1.5 BlueHDi<\/p>\n\n\n\n<p>ca <strong>4,5 l\/100 km<\/strong><\/p>\n\n\n\n<p>Mer franskt! Denna g\u00e5ng en mindre version av 508, s\u00e5 inte j\u00e4tte\u00f6verraskande att \u00e4ven denna kommer med i toppen!<\/p>\n\n\n\n<div class=\"wp-block-buttons is-layout-flex wp-block-buttons-is-layout-flex\">\n<div class=\"wp-block-button has-custom-width wp-block-button__width-75\"><a class=\"wp-block-button__link has-white-color has-text-color has-background has-link-color has-medium-font-size has-custom-font-size wp-element-button\" href=\"https:\/\/www.niemibil.se\/en\/used-cars\/?_sf_s=308&amp;_sfm_yearmodel=2004+2027&amp;_sfm_miles=0+40000&amp;_sfm_price-sek=0+850000&amp;_sft_bilmarke=peugeot\" style=\"border-top-left-radius:70px;border-top-right-radius:70px;border-bottom-left-radius:70px;border-bottom-right-radius:70px;background-color:#d81132\" target=\"_blank\" rel=\"noreferrer noopener\"><strong>Se alla p\u00e5 lager!<\/strong><\/a><\/div>\n<\/div>\n<\/div><\/div>\n\n\n\n<div style=\"height:50px\" aria-hidden=\"true\" class=\"wp-block-spacer\"><\/div>\n\n\n\n<p class=\"has-large-font-size\"><strong><strong>Plats 1<\/strong><\/strong><\/p>\n\n\n\n<div class=\"wp-block-media-text is-stacked-on-mobile\"><figure class=\"wp-block-media-text__media\"><img loading=\"lazy\" decoding=\"async\" width=\"1024\" height=\"768\" src=\"https:\/\/www.niemibil.se\/wp-content\/uploads\/2026\/02\/skoda-oct.webp\" alt=\"\" class=\"wp-image-2644664 size-full\" srcset=\"https:\/\/www.niemibil.se\/wp-content\/uploads\/2026\/02\/skoda-oct.webp 1024w, https:\/\/www.niemibil.se\/wp-content\/uploads\/2026\/02\/skoda-oct-300x225.webp 300w, https:\/\/www.niemibil.se\/wp-content\/uploads\/2026\/02\/skoda-oct-768x576.webp 768w, https:\/\/www.niemibil.se\/wp-content\/uploads\/2026\/02\/skoda-oct-16x12.webp 16w\" sizes=\"auto, (max-width: 1024px) 100vw, 1024px\" \/><\/figure><div class=\"wp-block-media-text__content\">\n<p class=\"has-medium-font-size\"><strong>Skoda Octavia<\/strong> 2.0 TDI<\/p>\n\n\n\n<p>ca <strong>4,3 l\/100 km<\/strong><\/p>\n\n\n\n<p>B\u00e4st av alla dieselbilar (n\u00e5ja, br\u00e4nslesn\u00e5last i alla fall) \u00e4r denna klassiska Skoda. Ganska l\u00e5ngt under halvlitern per mil till och med!<\/p>\n\n\n\n<div class=\"wp-block-buttons is-layout-flex wp-block-buttons-is-layout-flex\">\n<div class=\"wp-block-button has-custom-width wp-block-button__width-75\"><a class=\"wp-block-button__link has-white-color has-text-color has-background has-link-color has-medium-font-size has-custom-font-size wp-element-button\" href=\"https:\/\/www.niemibil.se\/en\/used-cars\/?_sf_s=octavia&amp;_sfm_yearmodel=2004+2027&amp;_sfm_miles=0+40000&amp;_sfm_price-sek=0+850000&amp;_sft_bilmarke=skoda\" style=\"border-top-left-radius:70px;border-top-right-radius:70px;border-bottom-left-radius:70px;border-bottom-right-radius:70px;background-color:#d81132\" target=\"_blank\" rel=\"noreferrer noopener\"><strong>Se alla p\u00e5 lager!<\/strong><\/a><\/div>\n<\/div>\n<\/div><\/div>\n\n\n\n<div style=\"height:50px\" aria-hidden=\"true\" class=\"wp-block-spacer\"><\/div>\n\n\n\n<p>Fantastiskt, eller hur? Att man fortfarande kan hitta riktiga sparb\u00f6ssor bland dieselbilar. Gillar du inte n\u00e5gon av de som kom med p\u00e5 listan? D\u00e5 kan du vara lugn, det finns betydligt m\u00e5nga fler att v\u00e4lja mellan! Alla v\u00e5ra dieselbilar hittar du h\u00e4r:<\/p>\n\n\n\n<div class=\"wp-block-buttons is-layout-flex wp-block-buttons-is-layout-flex\">\n<div class=\"wp-block-button\"><a class=\"wp-block-button__link has-white-color has-text-color has-background has-link-color wp-element-button\" href=\"https:\/\/www.niemibil.se\/en\/used-cars\/?_sfm_yearmodel=2004+2027&amp;_sfm_miles=0+40000&amp;_sfm_price-sek=0+850000&amp;_sft_drivmedel=diesel\" style=\"background-color:#d81132\"><strong>Se alla dieselbilar p\u00e5 lager!<\/strong><\/a><\/div>\n<\/div>","protected":false},"excerpt":{"rendered":"<p>Dieselmotorn \u00e4r en klassisk skapelse som l\u00e4nge var ekonomi-kungen n\u00e4r det kom till kostnad per k\u00f6rd mil. P\u00e5 senare tid har den utmanats om tronen fr\u00e5n elbilar och hybrider, men hur st\u00e5r den moderna dieselbilen mot konkurrensen? Vi har kollat upp de dieselbilar som har l\u00e4gst WLTP-f\u00f6rbrukning! I den h\u00e4r artikeln har vi j\u00e4mf\u00f6rt siffror [&hellip;]<\/p>\n","protected":false},"author":18,"featured_media":2644674,"comment_status":"closed","ping_status":"closed","sticky":false,"template":"","format":"standard","meta":{"_acf_changed":false,"footnotes":""},"categories":[1],"tags":[],"class_list":["post-2644650","post","type-post","status-publish","format-standard","has-post-thumbnail","hentry","category-uncategorized"],"acf":[],"_links":{"self":[{"href":"https:\/\/www.niemibil.se\/en\/wp-json\/wp\/v2\/posts\/2644650","targetHints":{"allow":["GET"]}}],"collection":[{"href":"https:\/\/www.niemibil.se\/en\/wp-json\/wp\/v2\/posts"}],"about":[{"href":"https:\/\/www.niemibil.se\/en\/wp-json\/wp\/v2\/types\/post"}],"author":[{"embeddable":true,"href":"https:\/\/www.niemibil.se\/en\/wp-json\/wp\/v2\/users\/18"}],"replies":[{"embeddable":true,"href":"https:\/\/www.niemibil.se\/en\/wp-json\/wp\/v2\/comments?post=2644650"}],"version-history":[{"count":4,"href":"https:\/\/www.niemibil.se\/en\/wp-json\/wp\/v2\/posts\/2644650\/revisions"}],"predecessor-version":[{"id":2644673,"href":"https:\/\/www.niemibil.se\/en\/wp-json\/wp\/v2\/posts\/2644650\/revisions\/2644673"}],"wp:featuredmedia":[{"embeddable":true,"href":"https:\/\/www.niemibil.se\/en\/wp-json\/wp\/v2\/media\/2644674"}],"wp:attachment":[{"href":"https:\/\/www.niemibil.se\/en\/wp-json\/wp\/v2\/media?parent=2644650"}],"wp:term":[{"taxonomy":"category","embeddable":true,"href":"https:\/\/www.niemibil.se\/en\/wp-json\/wp\/v2\/categories?post=2644650"},{"taxonomy":"post_tag","embeddable":true,"href":"https:\/\/www.niemibil.se\/en\/wp-json\/wp\/v2\/tags?post=2644650"}],"curies":[{"name":"wp","href":"https:\/\/api.w.org\/{rel}","templated":true}]}}