{"id":2643908,"date":"2026-02-20T14:27:13","date_gmt":"2026-02-20T13:27:13","guid":{"rendered":"https:\/\/www.niemibil.se\/?p=2643908"},"modified":"2026-02-23T09:51:00","modified_gmt":"2026-02-23T08:51:00","slug":"billigaste-bilen-att-aga-2026","status":"publish","type":"post","link":"https:\/\/www.niemibil.se\/en\/billigaste-bilen-att-aga-2026\/","title":{"rendered":"Billigaste bilen att \u00e4ga 2026"},"content":{"rendered":"<p><strong>Att k\u00f6pa bil handlar om mer \u00e4n ink\u00f6pspriset. Den verkliga kostnaden m\u00e4rks f\u00f6rst n\u00e4r du r\u00e4knar in allt du faktiskt betalar f\u00f6r att h\u00e5lla bilen i rullning. Staten ska ha sitt, den kommer beh\u00f6va service och kanske \u00e4ven reservdelar och s\u00e5 ska man ju tanka och\/eller ladda den ocks\u00e5.<\/strong><\/p>\n\n\n\n<p>Har du h\u00f6rt begreppet &#8221;TCO&#8221; f\u00f6rut? Det \u00e4r egentligen bara ett tjusigare s\u00e4tt att s\u00e4ga &#8221;\u00e4gandekostnad&#8221; p\u00e5. Det st\u00e5r i alla fall f\u00f6r &#8221;Total Cost of Ownership&#8221; eller &#8221;Total \u00e4gandekostnad&#8221; p\u00e5 svenska, och \u00e4r lite mer omfattande \u00e4n att bara titta p\u00e5 br\u00e4nslekostnader och vad bilen kostar att k\u00f6pa.<\/p>\n\n\n\n<div style=\"height:50px\" aria-hidden=\"true\" class=\"wp-block-spacer\"><\/div>\n\n\n<div class=\"wp-block-image\">\n<figure class=\"aligncenter size-large is-resized\"><img loading=\"lazy\" decoding=\"async\" width=\"1024\" height=\"686\" src=\"https:\/\/www.niemibil.se\/wp-content\/uploads\/2025\/12\/VW_Golf_VI_1.4_Comfortline_Deep_Black-1024x686.webp\" alt=\"\" class=\"wp-image-2636704\" style=\"aspect-ratio:1.4927141226030045;width:650px\" srcset=\"https:\/\/www.niemibil.se\/wp-content\/uploads\/2025\/12\/VW_Golf_VI_1.4_Comfortline_Deep_Black-1024x686.webp 1024w, https:\/\/www.niemibil.se\/wp-content\/uploads\/2025\/12\/VW_Golf_VI_1.4_Comfortline_Deep_Black-300x201.webp 300w, https:\/\/www.niemibil.se\/wp-content\/uploads\/2025\/12\/VW_Golf_VI_1.4_Comfortline_Deep_Black-768x515.webp 768w, https:\/\/www.niemibil.se\/wp-content\/uploads\/2025\/12\/VW_Golf_VI_1.4_Comfortline_Deep_Black-1536x1030.webp 1536w, https:\/\/www.niemibil.se\/wp-content\/uploads\/2025\/12\/VW_Golf_VI_1.4_Comfortline_Deep_Black-2048x1373.webp 2048w, https:\/\/www.niemibil.se\/wp-content\/uploads\/2025\/12\/VW_Golf_VI_1.4_Comfortline_Deep_Black-18x12.webp 18w\" sizes=\"auto, (max-width: 1024px) 100vw, 1024px\" \/><\/figure>\n<\/div>\n\n\n<p class=\"has-text-align-center has-small-font-size\"><em>\u00c4r klassiska Golf en av de billigaste bilarna? L\u00e4s vidare s\u00e5 f\u00e5r du svaret!<\/em><\/p>\n\n\n\n<div style=\"height:50px\" aria-hidden=\"true\" class=\"wp-block-spacer\"><\/div>\n\n\n\n<p>I den h\u00e4r artikeln har vi kollat p\u00e5 lite olika kostnader (b\u00e5de direkta och indirekta) f\u00f6r att komma fram till vad bilen faktiskt kostar.<\/p>\n\n\n\n<ul class=\"wp-block-list\">\n<li>Br\u00e4nslekostnad<\/li>\n\n\n\n<li>F\u00f6rs\u00e4kringskostnad<\/li>\n\n\n\n<li>Tax<\/li>\n\n\n\n<li>Servicekostnad<\/li>\n\n\n\n<li>V\u00e4rdeminskning<\/li>\n<\/ul>\n\n\n\n<p>Alla kostnader anges i kronor per \u00e5r. Alla kostnader \u00e4r ber\u00e4knade p\u00e5 3 \u00e5rs \u00e4gande, 1 500 mil per \u00e5r, 18 kr\/l f\u00f6r bensin och diesel, 3,50 kr\/kWh f\u00f6r el. En hybrid k\u00f6rs i snitt 60 % av k\u00f6rstr\u00e4ckan p\u00e5 el, och f\u00f6rs\u00e4kringskostnader kommer fr\u00e5n f\u00f6rs\u00e4kringsm\u00e4klare. Servicekostnader kan variera men vi har r\u00e4knat p\u00e5 ett snitt av stora akt\u00f6rer p\u00e5 marknaden.<\/p>\n\n\n\n<p>Varf\u00f6r tar vi inte med kostnaden f\u00f6r d\u00e4ck? Jo, dels f\u00f6r att kostnaden f\u00f6r nya d\u00e4ck varierar otroligt mycket beroende p\u00e5 vilken kvalitet du k\u00f6per, men ocks\u00e5 var i landet du bor. Dessutom beh\u00f6ver man inte k\u00f6pa nya d\u00e4ck varje \u00e5r (och om du k\u00f6per bilen hos Niemi Bil s\u00e5 ing\u00e5r det alltid b\u00e5de sommar- och vinterd\u00e4ck s\u00e5 d\u00e5 beh\u00f6ver du k\u00f6pa nya \u00e4nnu mer s\u00e4llan!)<\/p>\n\n\n\n<p>Just det, en till sak! Det kan h\u00e4nda att andra bilar \u00e4r billigare att f\u00f6rs\u00e4kra eller serva mm. \u00e4n de bilar vi tar upp i listan h\u00e4r. Det \u00e4r f\u00f6r att de bilar vi pratar om h\u00e4r \u00e4r bland de 10 bilar med l\u00e4gst total \u00e4gandekostnad. De kan sticka ut negativt (dyrt) p\u00e5 n\u00e5got h\u00e5ll, men sett till totalen \u00e4r det h\u00e4r de billigaste bilarna att \u00e4ga, \u00e4ven om exempelvis din bil kanske \u00e4r billigare att f\u00f6rs\u00e4kra \u00e4n de p\u00e5 topplistan h\u00e4r nere.<\/p>\n\n\n\n<div style=\"height:50px\" aria-hidden=\"true\" class=\"wp-block-spacer\"><\/div>\n\n\n<div class=\"wp-block-image\">\n<figure class=\"aligncenter size-large is-resized\"><img loading=\"lazy\" decoding=\"async\" width=\"1024\" height=\"684\" src=\"https:\/\/www.niemibil.se\/wp-content\/uploads\/2025\/12\/nironironiro-1024x684.webp\" alt=\"\" class=\"wp-image-2636808\" style=\"width:650px\" srcset=\"https:\/\/www.niemibil.se\/wp-content\/uploads\/2025\/12\/nironironiro-1024x684.webp 1024w, https:\/\/www.niemibil.se\/wp-content\/uploads\/2025\/12\/nironironiro-300x200.webp 300w, https:\/\/www.niemibil.se\/wp-content\/uploads\/2025\/12\/nironironiro-768x513.webp 768w, https:\/\/www.niemibil.se\/wp-content\/uploads\/2025\/12\/nironironiro-18x12.webp 18w, https:\/\/www.niemibil.se\/wp-content\/uploads\/2025\/12\/nironironiro.webp 1080w\" sizes=\"auto, (max-width: 1024px) 100vw, 1024px\" \/><\/figure>\n<\/div>\n\n\n<p class=\"has-text-align-center has-small-font-size\"><em>Niro, den \u00e4r billig! &#8230; Eller?<\/em><\/p>\n\n\n\n<div style=\"height:50px\" aria-hidden=\"true\" class=\"wp-block-spacer\"><\/div>\n\n\n\n<h2 class=\"wp-block-heading has-large-font-size\"><strong>Topp 3 l\u00e4gst br\u00e4nslekostnad per \u00e5r<\/strong><\/h2>\n\n\n\n<div class=\"wp-block-columns are-vertically-aligned-center is-layout-flex wp-container-core-columns-is-layout-9d6595d7 wp-block-columns-is-layout-flex\">\n<div class=\"wp-block-column is-vertically-aligned-center is-layout-flow wp-block-column-is-layout-flow\">\n<figure class=\"wp-block-image size-large\"><img loading=\"lazy\" decoding=\"async\" width=\"1024\" height=\"565\" src=\"https:\/\/www.niemibil.se\/wp-content\/uploads\/2026\/02\/billig-eniro-1024x565.webp\" alt=\"\" class=\"wp-image-2643912\" srcset=\"https:\/\/www.niemibil.se\/wp-content\/uploads\/2026\/02\/billig-eniro-1024x565.webp 1024w, https:\/\/www.niemibil.se\/wp-content\/uploads\/2026\/02\/billig-eniro-300x165.webp 300w, https:\/\/www.niemibil.se\/wp-content\/uploads\/2026\/02\/billig-eniro-768x424.webp 768w, https:\/\/www.niemibil.se\/wp-content\/uploads\/2026\/02\/billig-eniro-1536x847.webp 1536w, https:\/\/www.niemibil.se\/wp-content\/uploads\/2026\/02\/billig-eniro-2048x1130.webp 2048w, https:\/\/www.niemibil.se\/wp-content\/uploads\/2026\/02\/billig-eniro-18x10.webp 18w\" sizes=\"auto, (max-width: 1024px) 100vw, 1024px\" \/><\/figure>\n<\/div>\n\n\n\n<div class=\"wp-block-column is-vertically-aligned-center is-layout-flow wp-block-column-is-layout-flow\">\n<h2 class=\"wp-block-heading has-large-font-size\"><strong>1 &#8211; Kia E-niro!<\/strong><\/h2>\n\n\n\n<p><strong>8 348 kr per \u00e5r<\/strong>. S\u00e5 lite kostar det att ladda denna flinka lilla elbil, perfekt sparb\u00f6ssa!<\/p>\n<\/div>\n<\/div>\n\n\n\n<div class=\"wp-block-columns are-vertically-aligned-center is-layout-flex wp-container-core-columns-is-layout-9d6595d7 wp-block-columns-is-layout-flex\">\n<div class=\"wp-block-column is-vertically-aligned-center is-layout-flow wp-block-column-is-layout-flow\">\n<figure class=\"wp-block-image size-large\"><img loading=\"lazy\" decoding=\"async\" width=\"1024\" height=\"681\" src=\"https:\/\/www.niemibil.se\/wp-content\/uploads\/2024\/05\/MG4-1024x681.webp\" alt=\"\" class=\"wp-image-2166367\" srcset=\"https:\/\/www.niemibil.se\/wp-content\/uploads\/2024\/05\/MG4-1024x681.webp 1024w, https:\/\/www.niemibil.se\/wp-content\/uploads\/2024\/05\/MG4-300x200.webp 300w, https:\/\/www.niemibil.se\/wp-content\/uploads\/2024\/05\/MG4-768x511.webp 768w, https:\/\/www.niemibil.se\/wp-content\/uploads\/2024\/05\/MG4-1536x1022.webp 1536w, https:\/\/www.niemibil.se\/wp-content\/uploads\/2024\/05\/MG4-2048x1363.webp 2048w, https:\/\/www.niemibil.se\/wp-content\/uploads\/2024\/05\/MG4-18x12.webp 18w\" sizes=\"auto, (max-width: 1024px) 100vw, 1024px\" \/><\/figure>\n<\/div>\n\n\n\n<div class=\"wp-block-column is-vertically-aligned-center is-layout-flow wp-block-column-is-layout-flow\">\n<h2 class=\"wp-block-heading has-large-font-size\"><strong>2 &#8211; MG4<\/strong><\/h2>\n\n\n\n<p><strong>8 715 kr per \u00e5r<\/strong>. Elbilen som snabbt klev in som MGs topps\u00e4ljare i Sverige \u00e4r billig att \u00e4ga p\u00e5 m\u00e5nga s\u00e4tt.<\/p>\n<\/div>\n<\/div>\n\n\n\n<div class=\"wp-block-columns are-vertically-aligned-center is-layout-flex wp-container-core-columns-is-layout-9d6595d7 wp-block-columns-is-layout-flex\">\n<div class=\"wp-block-column is-vertically-aligned-center is-layout-flow wp-block-column-is-layout-flow\">\n<figure class=\"wp-block-image size-full\"><img loading=\"lazy\" decoding=\"async\" width=\"1024\" height=\"768\" src=\"https:\/\/www.niemibil.se\/wp-content\/uploads\/2026\/02\/billig-ceed.avif.webp\" alt=\"\" class=\"wp-image-2643915\" srcset=\"https:\/\/www.niemibil.se\/wp-content\/uploads\/2026\/02\/billig-ceed.avif.webp 1024w, https:\/\/www.niemibil.se\/wp-content\/uploads\/2026\/02\/billig-ceed.avif-300x225.webp 300w, https:\/\/www.niemibil.se\/wp-content\/uploads\/2026\/02\/billig-ceed.avif-768x576.webp 768w, https:\/\/www.niemibil.se\/wp-content\/uploads\/2026\/02\/billig-ceed.avif-16x12.webp 16w\" sizes=\"auto, (max-width: 1024px) 100vw, 1024px\" \/><\/figure>\n<\/div>\n\n\n\n<div class=\"wp-block-column is-vertically-aligned-center is-layout-flow wp-block-column-is-layout-flow\">\n<h2 class=\"wp-block-heading has-large-font-size\"><strong>3 &#8211; Kia Ceed<\/strong><\/h2>\n\n\n\n<p><strong>9 054 kr per \u00e5r<\/strong>. Kostar Kia Ceed Sportswagen PHEV att k\u00f6ra, inte illa f\u00f6r en bil med (bland annat) f\u00f6rbr\u00e4nningsmotor.<\/p>\n<\/div>\n<\/div>\n\n\n\n<div style=\"height:50px\" aria-hidden=\"true\" class=\"wp-block-spacer\"><\/div>\n\n\n\n<h2 class=\"wp-block-heading has-large-font-size\"><strong>Topp 3 l\u00e4gst f\u00f6rs\u00e4kringspremie per \u00e5r<\/strong><\/h2>\n\n\n\n<div class=\"wp-block-columns are-vertically-aligned-center is-layout-flex wp-container-core-columns-is-layout-9d6595d7 wp-block-columns-is-layout-flex\">\n<div class=\"wp-block-column is-vertically-aligned-center is-layout-flow wp-block-column-is-layout-flow\">\n<figure class=\"wp-block-image size-full\"><img loading=\"lazy\" decoding=\"async\" width=\"1024\" height=\"768\" src=\"https:\/\/www.niemibil.se\/wp-content\/uploads\/2026\/02\/Billig-golf.avif.webp\" alt=\"\" class=\"wp-image-2643916\" srcset=\"https:\/\/www.niemibil.se\/wp-content\/uploads\/2026\/02\/Billig-golf.avif.webp 1024w, https:\/\/www.niemibil.se\/wp-content\/uploads\/2026\/02\/Billig-golf.avif-300x225.webp 300w, https:\/\/www.niemibil.se\/wp-content\/uploads\/2026\/02\/Billig-golf.avif-768x576.webp 768w, https:\/\/www.niemibil.se\/wp-content\/uploads\/2026\/02\/Billig-golf.avif-16x12.webp 16w\" sizes=\"auto, (max-width: 1024px) 100vw, 1024px\" \/><\/figure>\n<\/div>\n\n\n\n<div class=\"wp-block-column is-vertically-aligned-center is-layout-flow wp-block-column-is-layout-flow\">\n<h2 class=\"wp-block-heading has-large-font-size\"><strong>1 &#8211; Golf 1,5 e TSI<\/strong><\/h2>\n\n\n\n<p><strong>3 750 kr per \u00e5r<\/strong>. Inte mer \u00e4n s\u00e5 beh\u00f6ver du betala f\u00f6r att f\u00f6rs\u00e4kra en Golf, i alla fall inte just den h\u00e4r Golfen (din premie kan skilja sig).<\/p>\n<\/div>\n<\/div>\n\n\n\n<div class=\"wp-block-columns are-vertically-aligned-center is-layout-flex wp-container-core-columns-is-layout-9d6595d7 wp-block-columns-is-layout-flex\">\n<div class=\"wp-block-column is-vertically-aligned-center is-layout-flow wp-block-column-is-layout-flow\">\n<figure class=\"wp-block-image size-full\"><img loading=\"lazy\" decoding=\"async\" width=\"1024\" height=\"768\" src=\"https:\/\/www.niemibil.se\/wp-content\/uploads\/2026\/02\/billig-yaris.avif.webp\" alt=\"\" class=\"wp-image-2643917\" srcset=\"https:\/\/www.niemibil.se\/wp-content\/uploads\/2026\/02\/billig-yaris.avif.webp 1024w, https:\/\/www.niemibil.se\/wp-content\/uploads\/2026\/02\/billig-yaris.avif-300x225.webp 300w, https:\/\/www.niemibil.se\/wp-content\/uploads\/2026\/02\/billig-yaris.avif-768x576.webp 768w, https:\/\/www.niemibil.se\/wp-content\/uploads\/2026\/02\/billig-yaris.avif-16x12.webp 16w\" sizes=\"auto, (max-width: 1024px) 100vw, 1024px\" \/><\/figure>\n<\/div>\n\n\n\n<div class=\"wp-block-column is-vertically-aligned-center is-layout-flow wp-block-column-is-layout-flow\">\n<h2 class=\"wp-block-heading has-large-font-size\"><strong>2 &#8211; Toyota Yaris<\/strong><\/h2>\n\n\n\n<p><strong>3 800 kr per \u00e5r<\/strong>. Kostar f\u00f6rs\u00e4kring p\u00e5 Toyotas minsting, blyga 50 kronor mer per \u00e5r Golfen bara.<\/p>\n<\/div>\n<\/div>\n\n\n\n<div class=\"wp-block-columns are-vertically-aligned-center is-layout-flex wp-container-core-columns-is-layout-9d6595d7 wp-block-columns-is-layout-flex\">\n<div class=\"wp-block-column is-vertically-aligned-center is-layout-flow wp-block-column-is-layout-flow\">\n<figure class=\"wp-block-image size-full\"><img loading=\"lazy\" decoding=\"async\" width=\"1024\" height=\"768\" src=\"https:\/\/www.niemibil.se\/wp-content\/uploads\/2026\/02\/billig-v60.avif.webp\" alt=\"\" class=\"wp-image-2643918\" srcset=\"https:\/\/www.niemibil.se\/wp-content\/uploads\/2026\/02\/billig-v60.avif.webp 1024w, https:\/\/www.niemibil.se\/wp-content\/uploads\/2026\/02\/billig-v60.avif-300x225.webp 300w, https:\/\/www.niemibil.se\/wp-content\/uploads\/2026\/02\/billig-v60.avif-768x576.webp 768w, https:\/\/www.niemibil.se\/wp-content\/uploads\/2026\/02\/billig-v60.avif-16x12.webp 16w\" sizes=\"auto, (max-width: 1024px) 100vw, 1024px\" \/><\/figure>\n<\/div>\n\n\n\n<div class=\"wp-block-column is-vertically-aligned-center is-layout-flow wp-block-column-is-layout-flow\">\n<h2 class=\"wp-block-heading has-large-font-size\"><strong>3 &#8211; Volvo V60<\/strong><\/h2>\n\n\n\n<p><strong>4 200 kr per \u00e5r<\/strong>. M\u00e5nga blir s\u00e4kert glada av att en s\u00e5 pass popul\u00e4r bil \u00e4r billig att f\u00f6rs\u00e4kra, men det m\u00e5ste vara V60 med B4 Dieselmotorn, annars kan det sticka i v\u00e4g l\u00e5ngt mycket mer.<\/p>\n<\/div>\n<\/div>\n\n\n\n<div style=\"height:50px\" aria-hidden=\"true\" class=\"wp-block-spacer\"><\/div>\n\n\n\n<h2 class=\"wp-block-heading has-large-font-size\"><strong>Topp 3 l\u00e4gst skatt <\/strong><\/h2>\n\n\n\n<div class=\"wp-block-columns are-vertically-aligned-center is-layout-flex wp-container-core-columns-is-layout-9d6595d7 wp-block-columns-is-layout-flex\">\n<div class=\"wp-block-column is-vertically-aligned-center is-layout-flow wp-block-column-is-layout-flow\">\n<figure class=\"wp-block-image size-full\"><img loading=\"lazy\" decoding=\"async\" width=\"1024\" height=\"768\" src=\"https:\/\/www.niemibil.se\/wp-content\/uploads\/2026\/02\/billig-Tesla.avif.webp\" alt=\"\" class=\"wp-image-2643920\" srcset=\"https:\/\/www.niemibil.se\/wp-content\/uploads\/2026\/02\/billig-Tesla.avif.webp 1024w, https:\/\/www.niemibil.se\/wp-content\/uploads\/2026\/02\/billig-Tesla.avif-300x225.webp 300w, https:\/\/www.niemibil.se\/wp-content\/uploads\/2026\/02\/billig-Tesla.avif-768x576.webp 768w, https:\/\/www.niemibil.se\/wp-content\/uploads\/2026\/02\/billig-Tesla.avif-16x12.webp 16w\" sizes=\"auto, (max-width: 1024px) 100vw, 1024px\" \/><\/figure>\n<\/div>\n\n\n\n<div class=\"wp-block-column is-vertically-aligned-center is-layout-flow wp-block-column-is-layout-flow\">\n<h2 class=\"wp-block-heading has-large-font-size\"><strong>1 &#8211; Alla elbilar<\/strong><\/h2>\n\n\n\n<p><strong>360 kr per \u00e5r<\/strong>. Ja det kanske inte var ett s\u00e5 roligt svar, men det blir s\u00e5 klart delad f\u00f6rstaplats mellan ALLA elbilar!<\/p>\n<\/div>\n<\/div>\n\n\n\n<div class=\"wp-block-columns are-vertically-aligned-center is-layout-flex wp-container-core-columns-is-layout-9d6595d7 wp-block-columns-is-layout-flex\">\n<div class=\"wp-block-column is-vertically-aligned-center is-layout-flow wp-block-column-is-layout-flow\">\n<figure class=\"wp-block-image size-full\"><img loading=\"lazy\" decoding=\"async\" width=\"1024\" height=\"768\" src=\"https:\/\/www.niemibil.se\/wp-content\/uploads\/2026\/02\/billig-v60.avif.webp\" alt=\"\" class=\"wp-image-2643918\" srcset=\"https:\/\/www.niemibil.se\/wp-content\/uploads\/2026\/02\/billig-v60.avif.webp 1024w, https:\/\/www.niemibil.se\/wp-content\/uploads\/2026\/02\/billig-v60.avif-300x225.webp 300w, https:\/\/www.niemibil.se\/wp-content\/uploads\/2026\/02\/billig-v60.avif-768x576.webp 768w, https:\/\/www.niemibil.se\/wp-content\/uploads\/2026\/02\/billig-v60.avif-16x12.webp 16w\" sizes=\"auto, (max-width: 1024px) 100vw, 1024px\" \/><\/figure>\n<\/div>\n\n\n\n<div class=\"wp-block-column is-vertically-aligned-center is-layout-flow wp-block-column-is-layout-flow\">\n<h2 class=\"wp-block-heading has-large-font-size\"><strong>2 &#8211; Volvo V60 B4<\/strong><\/h2>\n\n\n\n<p><strong>3 389 kr per \u00e5r<\/strong>. Det l\u00e4t inte j\u00e4ttel\u00e5gt h\u00f6r jag er s\u00e4ga? Nej den h\u00e4r listan \u00e4r som sagt baserad p\u00e5 de topp 10 bilar med l\u00e4gst totat \u00e4gandekostnad, d\u00e4r denna Volvo st\u00e5r sig riktigt bra, men just p\u00e5 skatten sticker den ut lite negativt.<\/p>\n<\/div>\n<\/div>\n\n\n\n<div class=\"wp-block-columns are-vertically-aligned-center is-layout-flex wp-container-core-columns-is-layout-9d6595d7 wp-block-columns-is-layout-flex\">\n<div class=\"wp-block-column is-vertically-aligned-center is-layout-flow wp-block-column-is-layout-flow\">\n<figure class=\"wp-block-image size-full\"><img loading=\"lazy\" decoding=\"async\" width=\"1024\" height=\"768\" src=\"https:\/\/www.niemibil.se\/wp-content\/uploads\/2026\/02\/Billig-golf.avif.webp\" alt=\"\" class=\"wp-image-2643916\" srcset=\"https:\/\/www.niemibil.se\/wp-content\/uploads\/2026\/02\/Billig-golf.avif.webp 1024w, https:\/\/www.niemibil.se\/wp-content\/uploads\/2026\/02\/Billig-golf.avif-300x225.webp 300w, https:\/\/www.niemibil.se\/wp-content\/uploads\/2026\/02\/Billig-golf.avif-768x576.webp 768w, https:\/\/www.niemibil.se\/wp-content\/uploads\/2026\/02\/Billig-golf.avif-16x12.webp 16w\" sizes=\"auto, (max-width: 1024px) 100vw, 1024px\" \/><\/figure>\n<\/div>\n\n\n\n<div class=\"wp-block-column is-vertically-aligned-center is-layout-flow wp-block-column-is-layout-flow\">\n<h2 class=\"wp-block-heading has-large-font-size\"><strong>3 &#8211; VW Golf 1.5 eTSI<\/strong><\/h2>\n\n\n\n<p><strong>5 842 kr per \u00e5r<\/strong>. Samma symtom som Volvon, Golfen \u00e4r riktigt billig att \u00e4ga totalt sett, s\u00e5 pass att den v\u00e4ger upp den relativt h\u00f6ga skatten. Se hur den placerar sig p\u00e5 total \u00e4gandekostnad l\u00e4ngre ned!<\/p>\n<\/div>\n<\/div>\n\n\n\n<div style=\"height:50px\" aria-hidden=\"true\" class=\"wp-block-spacer\"><\/div>\n\n\n\n<h2 class=\"wp-block-heading has-large-font-size\"><strong>Topp 3 billigast service <\/strong><\/h2>\n\n\n\n<div class=\"wp-block-columns are-vertically-aligned-center is-layout-flex wp-container-core-columns-is-layout-9d6595d7 wp-block-columns-is-layout-flex\">\n<div class=\"wp-block-column is-vertically-aligned-center is-layout-flow wp-block-column-is-layout-flow\">\n<figure class=\"wp-block-image size-full\"><img loading=\"lazy\" decoding=\"async\" width=\"1337\" height=\"755\" src=\"https:\/\/www.niemibil.se\/wp-content\/uploads\/2026\/02\/billig-2008.webp\" alt=\"\" class=\"wp-image-2643932\" srcset=\"https:\/\/www.niemibil.se\/wp-content\/uploads\/2026\/02\/billig-2008.webp 1337w, https:\/\/www.niemibil.se\/wp-content\/uploads\/2026\/02\/billig-2008-300x169.webp 300w, https:\/\/www.niemibil.se\/wp-content\/uploads\/2026\/02\/billig-2008-1024x578.webp 1024w, https:\/\/www.niemibil.se\/wp-content\/uploads\/2026\/02\/billig-2008-768x434.webp 768w, https:\/\/www.niemibil.se\/wp-content\/uploads\/2026\/02\/billig-2008-18x10.webp 18w\" sizes=\"auto, (max-width: 1337px) 100vw, 1337px\" \/><\/figure>\n<\/div>\n\n\n\n<div class=\"wp-block-column is-vertically-aligned-center is-layout-flow wp-block-column-is-layout-flow\">\n<h2 class=\"wp-block-heading has-large-font-size\"><strong>1 &#8211; Peugeot e-2008<\/strong><\/h2>\n\n\n\n<p><strong>~2 300 kr per \u00e5r<\/strong>. Fransm\u00e4n kan dem! I alla fall \u00e4r det bra p\u00e5 att h\u00e5lla nere kostnaderna f\u00f6r underh\u00e5ll. Undrar om det \u00e4r f\u00f6r att fransm\u00e4n ofta beh\u00f6ver laga sina bilar? <\/p>\n<\/div>\n<\/div>\n\n\n\n<div class=\"wp-block-columns are-vertically-aligned-center is-layout-flex wp-container-core-columns-is-layout-9d6595d7 wp-block-columns-is-layout-flex\">\n<div class=\"wp-block-column is-vertically-aligned-center is-layout-flow wp-block-column-is-layout-flow\">\n<figure class=\"wp-block-image size-full\"><img loading=\"lazy\" decoding=\"async\" width=\"2560\" height=\"1439\" src=\"https:\/\/www.niemibil.se\/wp-content\/uploads\/2026\/02\/billig-id4.webp\" alt=\"\" class=\"wp-image-2643933\" srcset=\"https:\/\/www.niemibil.se\/wp-content\/uploads\/2026\/02\/billig-id4.webp 2560w, https:\/\/www.niemibil.se\/wp-content\/uploads\/2026\/02\/billig-id4-300x169.webp 300w, https:\/\/www.niemibil.se\/wp-content\/uploads\/2026\/02\/billig-id4-1024x576.webp 1024w, https:\/\/www.niemibil.se\/wp-content\/uploads\/2026\/02\/billig-id4-768x432.webp 768w, https:\/\/www.niemibil.se\/wp-content\/uploads\/2026\/02\/billig-id4-1536x863.webp 1536w, https:\/\/www.niemibil.se\/wp-content\/uploads\/2026\/02\/billig-id4-2048x1151.webp 2048w, https:\/\/www.niemibil.se\/wp-content\/uploads\/2026\/02\/billig-id4-18x10.webp 18w\" sizes=\"auto, (max-width: 2560px) 100vw, 2560px\" \/><\/figure>\n<\/div>\n\n\n\n<div class=\"wp-block-column is-vertically-aligned-center is-layout-flow wp-block-column-is-layout-flow\">\n<h2 class=\"wp-block-heading has-large-font-size\"><strong>2 &#8211; VW ID.4<\/strong><\/h2>\n\n\n\n<p><strong>~2 600 kr per \u00e5r<\/strong>. Volkswagens mellanstora och v\u00e4ldigt popul\u00e4ra elbil \u00e4r inget som t\u00e4r f\u00f6r mycket p\u00e5 pl\u00e5nboken h\u00e4r heller.<\/p>\n<\/div>\n<\/div>\n\n\n\n<div class=\"wp-block-columns are-vertically-aligned-center is-layout-flex wp-container-core-columns-is-layout-9d6595d7 wp-block-columns-is-layout-flex\">\n<div class=\"wp-block-column is-vertically-aligned-center is-layout-flow wp-block-column-is-layout-flow\">\n<figure class=\"wp-block-image size-full\"><img loading=\"lazy\" decoding=\"async\" width=\"2400\" height=\"1597\" src=\"https:\/\/www.niemibil.se\/wp-content\/uploads\/2024\/05\/MG4.webp\" alt=\"\" class=\"wp-image-2166367\" srcset=\"https:\/\/www.niemibil.se\/wp-content\/uploads\/2024\/05\/MG4.webp 2400w, https:\/\/www.niemibil.se\/wp-content\/uploads\/2024\/05\/MG4-300x200.webp 300w, https:\/\/www.niemibil.se\/wp-content\/uploads\/2024\/05\/MG4-1024x681.webp 1024w, https:\/\/www.niemibil.se\/wp-content\/uploads\/2024\/05\/MG4-768x511.webp 768w, https:\/\/www.niemibil.se\/wp-content\/uploads\/2024\/05\/MG4-1536x1022.webp 1536w, https:\/\/www.niemibil.se\/wp-content\/uploads\/2024\/05\/MG4-2048x1363.webp 2048w, https:\/\/www.niemibil.se\/wp-content\/uploads\/2024\/05\/MG4-18x12.webp 18w\" sizes=\"auto, (max-width: 2400px) 100vw, 2400px\" \/><\/figure>\n<\/div>\n\n\n\n<div class=\"wp-block-column is-vertically-aligned-center is-layout-flow wp-block-column-is-layout-flow\">\n<h2 class=\"wp-block-heading has-large-font-size\"><strong>3 &#8211; MG4<\/strong><\/h2>\n\n\n\n<p><strong>~3 000 kr per \u00e5r<\/strong>. Andra framtr\u00e4dandet f\u00f6r det brittisk-kinesiska klassikerm\u00e4rket, billig att ladda och billig att laga. Eller, ja. Serva.<\/p>\n<\/div>\n<\/div>\n\n\n\n<div style=\"height:50px\" aria-hidden=\"true\" class=\"wp-block-spacer\"><\/div>\n\n\n\n<h2 class=\"wp-block-heading has-large-font-size\"><strong>Topp 3 Minst v\u00e4rdeminskning <\/strong><\/h2>\n\n\n\n<div class=\"wp-block-columns are-vertically-aligned-center is-layout-flex wp-container-core-columns-is-layout-9d6595d7 wp-block-columns-is-layout-flex\">\n<div class=\"wp-block-column is-vertically-aligned-center is-layout-flow wp-block-column-is-layout-flow\">\n<figure class=\"wp-block-image size-full\"><img loading=\"lazy\" decoding=\"async\" width=\"1024\" height=\"768\" src=\"https:\/\/www.niemibil.se\/wp-content\/uploads\/2026\/02\/billig-yaris.avif.webp\" alt=\"\" class=\"wp-image-2643917\" srcset=\"https:\/\/www.niemibil.se\/wp-content\/uploads\/2026\/02\/billig-yaris.avif.webp 1024w, https:\/\/www.niemibil.se\/wp-content\/uploads\/2026\/02\/billig-yaris.avif-300x225.webp 300w, https:\/\/www.niemibil.se\/wp-content\/uploads\/2026\/02\/billig-yaris.avif-768x576.webp 768w, https:\/\/www.niemibil.se\/wp-content\/uploads\/2026\/02\/billig-yaris.avif-16x12.webp 16w\" sizes=\"auto, (max-width: 1024px) 100vw, 1024px\" \/><\/figure>\n<\/div>\n\n\n\n<div class=\"wp-block-column is-vertically-aligned-center is-layout-flow wp-block-column-is-layout-flow\">\n<h2 class=\"wp-block-heading has-large-font-size\"><strong>1 &#8211; <strong>Toyota Yaris<\/strong><\/strong><\/h2>\n\n\n\n<p><strong>~18 300 kr per \u00e5r<\/strong>. Andra g\u00e5ngen Toyota Yaris letar sig in p\u00e5 listan, och det \u00e4r i den kanske viktigaste kategorin! (i alla fall den kategorin som &#8221;kostar&#8221; bil\u00e4gare mest pengar).<\/p>\n<\/div>\n<\/div>\n\n\n\n<div class=\"wp-block-columns are-vertically-aligned-center is-layout-flex wp-container-core-columns-is-layout-9d6595d7 wp-block-columns-is-layout-flex\">\n<div class=\"wp-block-column is-vertically-aligned-center is-layout-flow wp-block-column-is-layout-flow\">\n<figure class=\"wp-block-image size-full\"><img loading=\"lazy\" decoding=\"async\" width=\"1024\" height=\"768\" src=\"https:\/\/www.niemibil.se\/wp-content\/uploads\/2026\/02\/billig-ceed.avif.webp\" alt=\"\" class=\"wp-image-2643915\" srcset=\"https:\/\/www.niemibil.se\/wp-content\/uploads\/2026\/02\/billig-ceed.avif.webp 1024w, https:\/\/www.niemibil.se\/wp-content\/uploads\/2026\/02\/billig-ceed.avif-300x225.webp 300w, https:\/\/www.niemibil.se\/wp-content\/uploads\/2026\/02\/billig-ceed.avif-768x576.webp 768w, https:\/\/www.niemibil.se\/wp-content\/uploads\/2026\/02\/billig-ceed.avif-16x12.webp 16w\" sizes=\"auto, (max-width: 1024px) 100vw, 1024px\" \/><\/figure>\n<\/div>\n\n\n\n<div class=\"wp-block-column is-vertically-aligned-center is-layout-flow wp-block-column-is-layout-flow\">\n<h2 class=\"wp-block-heading has-large-font-size\"><strong>2 &#8211; <strong>Kia Ceed<\/strong><\/strong><\/h2>\n\n\n\n<p><strong>~24 000 kr per \u00e5r<\/strong>. De st\u00e5r sig bra i v\u00e4rde, Kia. Det betyder att du som \u00e4gare beh\u00f6ver l\u00e4gga mindre pengar emellan den dagen du vill byta upp dig!<\/p>\n<\/div>\n<\/div>\n\n\n\n<div class=\"wp-block-columns are-vertically-aligned-center is-layout-flex wp-container-core-columns-is-layout-9d6595d7 wp-block-columns-is-layout-flex\">\n<div class=\"wp-block-column is-vertically-aligned-center is-layout-flow wp-block-column-is-layout-flow\">\n<figure class=\"wp-block-image size-full\"><img loading=\"lazy\" decoding=\"async\" width=\"2560\" height=\"1412\" src=\"https:\/\/www.niemibil.se\/wp-content\/uploads\/2026\/02\/billig-eniro.webp\" alt=\"\" class=\"wp-image-2643912\" srcset=\"https:\/\/www.niemibil.se\/wp-content\/uploads\/2026\/02\/billig-eniro.webp 2560w, https:\/\/www.niemibil.se\/wp-content\/uploads\/2026\/02\/billig-eniro-300x165.webp 300w, https:\/\/www.niemibil.se\/wp-content\/uploads\/2026\/02\/billig-eniro-1024x565.webp 1024w, https:\/\/www.niemibil.se\/wp-content\/uploads\/2026\/02\/billig-eniro-768x424.webp 768w, https:\/\/www.niemibil.se\/wp-content\/uploads\/2026\/02\/billig-eniro-1536x847.webp 1536w, https:\/\/www.niemibil.se\/wp-content\/uploads\/2026\/02\/billig-eniro-2048x1130.webp 2048w, https:\/\/www.niemibil.se\/wp-content\/uploads\/2026\/02\/billig-eniro-18x10.webp 18w\" sizes=\"auto, (max-width: 2560px) 100vw, 2560px\" \/><\/figure>\n<\/div>\n\n\n\n<div class=\"wp-block-column is-vertically-aligned-center is-layout-flow wp-block-column-is-layout-flow\">\n<h2 class=\"wp-block-heading has-large-font-size\"><strong>3 &#8211; Kia Niro PHEV<\/strong><\/h2>\n\n\n\n<p><strong>~27 000 kr per \u00e5r<\/strong>. Samma bild som ovan men de h\u00e4r siffrorna g\u00e4ller faktsikt Kia e-niros hybridsyskon Niro PHEV. F\u00f6r att omv\u00e4xling f\u00f6rn\u00f6jer!<\/p>\n<\/div>\n<\/div>\n\n\n\n<div style=\"height:50px\" aria-hidden=\"true\" class=\"wp-block-spacer\"><\/div>\n\n\n\n<h2 class=\"wp-block-heading has-large-font-size\"><strong>Grand total: Topp 10 bilar med l\u00e4gst TCO<\/strong><\/h2>\n\n\n\n<p>D\u00e5 var det dags att redovisa de ekonomiska superhj\u00e4ltarna 2026! Som sagt har vi tittat p\u00e5 total \u00e4gandekostnad per m\u00e5nad, och f\u00f6r att f\u00e5 reda p\u00e5 den har vi tagit h\u00e4nsyn till:<\/p>\n\n\n\n<ul class=\"wp-block-list\">\n<li>Br\u00e4nslekostnad per \u00e5r<\/li>\n\n\n\n<li>F\u00f6rs\u00e4kringskostnad per \u00e5r<\/li>\n\n\n\n<li>Skatt per \u00e5r<\/li>\n\n\n\n<li>Servicekostnad per \u00e5r<\/li>\n\n\n\n<li>V\u00e4rdeminskning per \u00e5r<\/li>\n<\/ul>\n\n\n\n<p>Vi r\u00e4knar att en normal \u00e4gare k\u00f6r 1 500 mil per \u00e5r i tre \u00e5r. H\u00e4r nere ser du allts\u00e5 bilarnas verkliga m\u00e5nadskostnad!<\/p>\n\n\n\n<div class=\"wp-block-columns are-vertically-aligned-center is-layout-flex wp-container-core-columns-is-layout-9d6595d7 wp-block-columns-is-layout-flex\">\n<div class=\"wp-block-column is-vertically-aligned-center is-layout-flow wp-block-column-is-layout-flow\">\n<figure class=\"wp-block-image size-full\"><img loading=\"lazy\" decoding=\"async\" width=\"1024\" height=\"768\" src=\"https:\/\/www.niemibil.se\/wp-content\/uploads\/2026\/02\/billig-yaris.avif.webp\" alt=\"\" class=\"wp-image-2643917\" srcset=\"https:\/\/www.niemibil.se\/wp-content\/uploads\/2026\/02\/billig-yaris.avif.webp 1024w, https:\/\/www.niemibil.se\/wp-content\/uploads\/2026\/02\/billig-yaris.avif-300x225.webp 300w, https:\/\/www.niemibil.se\/wp-content\/uploads\/2026\/02\/billig-yaris.avif-768x576.webp 768w, https:\/\/www.niemibil.se\/wp-content\/uploads\/2026\/02\/billig-yaris.avif-16x12.webp 16w\" sizes=\"auto, (max-width: 1024px) 100vw, 1024px\" \/><\/figure>\n<\/div>\n\n\n\n<div class=\"wp-block-column is-vertically-aligned-center is-layout-flow wp-block-column-is-layout-flow\">\n<h2 class=\"wp-block-heading has-large-font-size\"><strong>1 &#8211; <strong>Toyota Yaris<\/strong><\/strong> <strong>1.5 Hybrid<\/strong><\/h2>\n\n\n\n<p><strong>~3 400 kr per m\u00e5nad<\/strong>. Ta-daa! Toyota kniper f\u00f6rstaplatsen! M\u00e4rk v\u00e4l att vi bytt till att j\u00e4mf\u00f6ra kostnad per m\u00e5nad nu!<\/p>\n\n\n\n<div class=\"wp-block-buttons has-custom-font-size has-small-font-size is-content-justification-center is-layout-flex wp-container-core-buttons-is-layout-16018d1d wp-block-buttons-is-layout-flex\">\n<div class=\"wp-block-button has-custom-width wp-block-button__width-50\"><a class=\"wp-block-button__link has-white-color has-text-color has-background has-link-color has-small-font-size has-custom-font-size wp-element-button\" href=\"https:\/\/www.niemibil.se\/en\/used-cars\/?_sf_s=yaris&amp;_sfm_yearmodel=2004+2027&amp;_sfm_miles=0+40000&amp;_sfm_price-sek=0+850000\" style=\"border-top-left-radius:100px;border-top-right-radius:100px;border-bottom-left-radius:100px;border-bottom-right-radius:100px;background-color:#d81132\" target=\"_blank\" rel=\"noreferrer noopener\"><strong>Se alla Yaris p\u00e5 lager!<\/strong><\/a><\/div>\n<\/div>\n<\/div>\n<\/div>\n\n\n\n<div class=\"wp-block-columns are-vertically-aligned-center is-layout-flex wp-container-core-columns-is-layout-9d6595d7 wp-block-columns-is-layout-flex\">\n<div class=\"wp-block-column is-vertically-aligned-center is-layout-flow wp-block-column-is-layout-flow\">\n<figure class=\"wp-block-image size-full\"><img loading=\"lazy\" decoding=\"async\" width=\"1024\" height=\"768\" src=\"https:\/\/www.niemibil.se\/wp-content\/uploads\/2026\/02\/billig-ceed.avif.webp\" alt=\"\" class=\"wp-image-2643915\" srcset=\"https:\/\/www.niemibil.se\/wp-content\/uploads\/2026\/02\/billig-ceed.avif.webp 1024w, https:\/\/www.niemibil.se\/wp-content\/uploads\/2026\/02\/billig-ceed.avif-300x225.webp 300w, https:\/\/www.niemibil.se\/wp-content\/uploads\/2026\/02\/billig-ceed.avif-768x576.webp 768w, https:\/\/www.niemibil.se\/wp-content\/uploads\/2026\/02\/billig-ceed.avif-16x12.webp 16w\" sizes=\"auto, (max-width: 1024px) 100vw, 1024px\" \/><\/figure>\n<\/div>\n\n\n\n<div class=\"wp-block-column is-vertically-aligned-center is-layout-flow wp-block-column-is-layout-flow\">\n<h2 class=\"wp-block-heading has-large-font-size\"><strong>2 &#8211; <strong>Kia <\/strong>Ceed SW PHEV<\/strong><\/h2>\n\n\n\n<p><strong>~3 800 kr per m\u00e5nad<\/strong>. Hybridt\u00e4tt i toppen, hur kommer det sig? Jo elbilarna har ganska stark v\u00e4rdeminskning, eftersom att de ofta \u00e4r nyare \u00e5rsmodell.<\/p>\n\n\n\n<div class=\"wp-block-buttons has-custom-font-size has-small-font-size is-content-justification-center is-layout-flex wp-container-core-buttons-is-layout-16018d1d wp-block-buttons-is-layout-flex\">\n<div class=\"wp-block-button has-custom-width wp-block-button__width-50\"><a class=\"wp-block-button__link has-white-color has-text-color has-background has-link-color has-small-font-size has-custom-font-size wp-element-button\" href=\"https:\/\/www.niemibil.se\/en\/used-cars\/?_sf_s=ceed&amp;_sfm_yearmodel=2004+2027&amp;_sfm_miles=0+40000&amp;_sfm_price-sek=0+850000\" style=\"border-top-left-radius:100px;border-top-right-radius:100px;border-bottom-left-radius:100px;border-bottom-right-radius:100px;background-color:#d81132\" target=\"_blank\" rel=\"noreferrer noopener\"><strong>Se alla Ceed p\u00e5 lager!<\/strong><\/a><\/div>\n<\/div>\n<\/div>\n<\/div>\n\n\n\n<div class=\"wp-block-columns are-vertically-aligned-center is-layout-flex wp-container-core-columns-is-layout-9d6595d7 wp-block-columns-is-layout-flex\">\n<div class=\"wp-block-column is-vertically-aligned-center is-layout-flow wp-block-column-is-layout-flow\">\n<figure class=\"wp-block-image size-full\"><img loading=\"lazy\" decoding=\"async\" width=\"1337\" height=\"755\" src=\"https:\/\/www.niemibil.se\/wp-content\/uploads\/2026\/02\/billig-2008.webp\" alt=\"\" class=\"wp-image-2643932\" srcset=\"https:\/\/www.niemibil.se\/wp-content\/uploads\/2026\/02\/billig-2008.webp 1337w, https:\/\/www.niemibil.se\/wp-content\/uploads\/2026\/02\/billig-2008-300x169.webp 300w, https:\/\/www.niemibil.se\/wp-content\/uploads\/2026\/02\/billig-2008-1024x578.webp 1024w, https:\/\/www.niemibil.se\/wp-content\/uploads\/2026\/02\/billig-2008-768x434.webp 768w, https:\/\/www.niemibil.se\/wp-content\/uploads\/2026\/02\/billig-2008-18x10.webp 18w\" sizes=\"auto, (max-width: 1337px) 100vw, 1337px\" \/><\/figure>\n<\/div>\n\n\n\n<div class=\"wp-block-column is-vertically-aligned-center is-layout-flow wp-block-column-is-layout-flow\">\n<h2 class=\"wp-block-heading has-large-font-size\"><strong>3 &#8211; Peugeot e-2008<\/strong><\/h2>\n\n\n\n<p><strong>~4 000 kr per m\u00e5nad<\/strong>. D\u00e4r kom f\u00f6rsta elbilen, och den \u00e4r fr\u00e5n Frankrike! Inte illa f\u00e5r vi s\u00e4ga, sacre bleu!<\/p>\n\n\n\n<div class=\"wp-block-buttons has-custom-font-size has-small-font-size is-content-justification-center is-layout-flex wp-container-core-buttons-is-layout-16018d1d wp-block-buttons-is-layout-flex\">\n<div class=\"wp-block-button has-custom-width wp-block-button__width-50\"><a class=\"wp-block-button__link has-white-color has-text-color has-background has-link-color has-small-font-size has-custom-font-size wp-element-button\" href=\"https:\/\/www.niemibil.se\/en\/used-cars\/?_sf_s=2008&amp;_sfm_yearmodel=2004+2027&amp;_sfm_miles=0+40000&amp;_sfm_price-sek=0+850000\" style=\"border-top-left-radius:100px;border-top-right-radius:100px;border-bottom-left-radius:100px;border-bottom-right-radius:100px;background-color:#d81132\" target=\"_blank\" rel=\"noreferrer noopener\"><strong>Se alla 2008 p\u00e5 lager!<\/strong><\/a><\/div>\n<\/div>\n<\/div>\n<\/div>\n\n\n\n<div class=\"wp-block-columns are-vertically-aligned-center is-layout-flex wp-container-core-columns-is-layout-9d6595d7 wp-block-columns-is-layout-flex\">\n<div class=\"wp-block-column is-vertically-aligned-center is-layout-flow wp-block-column-is-layout-flow\">\n<figure class=\"wp-block-image size-full\"><img loading=\"lazy\" decoding=\"async\" width=\"2560\" height=\"1412\" src=\"https:\/\/www.niemibil.se\/wp-content\/uploads\/2026\/02\/billig-eniro.webp\" alt=\"\" class=\"wp-image-2643912\" srcset=\"https:\/\/www.niemibil.se\/wp-content\/uploads\/2026\/02\/billig-eniro.webp 2560w, https:\/\/www.niemibil.se\/wp-content\/uploads\/2026\/02\/billig-eniro-300x165.webp 300w, https:\/\/www.niemibil.se\/wp-content\/uploads\/2026\/02\/billig-eniro-1024x565.webp 1024w, https:\/\/www.niemibil.se\/wp-content\/uploads\/2026\/02\/billig-eniro-768x424.webp 768w, https:\/\/www.niemibil.se\/wp-content\/uploads\/2026\/02\/billig-eniro-1536x847.webp 1536w, https:\/\/www.niemibil.se\/wp-content\/uploads\/2026\/02\/billig-eniro-2048x1130.webp 2048w, https:\/\/www.niemibil.se\/wp-content\/uploads\/2026\/02\/billig-eniro-18x10.webp 18w\" sizes=\"auto, (max-width: 2560px) 100vw, 2560px\" \/><\/figure>\n<\/div>\n\n\n\n<div class=\"wp-block-column is-vertically-aligned-center is-layout-flow wp-block-column-is-layout-flow\">\n<h2 class=\"wp-block-heading has-large-font-size\"><strong>4 &#8211; <strong>Kia Niro PHEV<\/strong><\/strong><\/h2>\n\n\n\n<p><strong>~4 200 kr per m\u00e5nad<\/strong>. \u00c4nnu en Kia, \u00e4nnu en hybrid, bra jobbat s\u00e4ger vi till Koreanerna som bygger b\u00e5de bra OCH billiga bilar!<\/p>\n\n\n\n<div class=\"wp-block-buttons has-custom-font-size has-small-font-size is-content-justification-center is-layout-flex wp-container-core-buttons-is-layout-16018d1d wp-block-buttons-is-layout-flex\">\n<div class=\"wp-block-button has-custom-width wp-block-button__width-50\"><a class=\"wp-block-button__link has-white-color has-text-color has-background has-link-color has-small-font-size has-custom-font-size wp-element-button\" href=\"https:\/\/www.niemibil.se\/en\/used-cars\/?_sf_s=niro&amp;_sfm_yearmodel=2004+2027&amp;_sfm_miles=0+40000&amp;_sfm_price-sek=0+850000\" style=\"border-top-left-radius:100px;border-top-right-radius:100px;border-bottom-left-radius:100px;border-bottom-right-radius:100px;background-color:#d81132\" target=\"_blank\" rel=\"noreferrer noopener\"><strong>Se alla Niro p\u00e5 lager!<\/strong><\/a><\/div>\n<\/div>\n<\/div>\n<\/div>\n\n\n\n<div class=\"wp-block-columns are-vertically-aligned-center is-layout-flex wp-container-core-columns-is-layout-9d6595d7 wp-block-columns-is-layout-flex\">\n<div class=\"wp-block-column is-vertically-aligned-center is-layout-flow wp-block-column-is-layout-flow\">\n<figure class=\"wp-block-image size-full\"><img loading=\"lazy\" decoding=\"async\" width=\"2560\" height=\"1326\" src=\"https:\/\/www.niemibil.se\/wp-content\/uploads\/2026\/02\/billig-passat.webp\" alt=\"\" class=\"wp-image-2643940\" srcset=\"https:\/\/www.niemibil.se\/wp-content\/uploads\/2026\/02\/billig-passat.webp 2560w, https:\/\/www.niemibil.se\/wp-content\/uploads\/2026\/02\/billig-passat-300x155.webp 300w, https:\/\/www.niemibil.se\/wp-content\/uploads\/2026\/02\/billig-passat-1024x530.webp 1024w, https:\/\/www.niemibil.se\/wp-content\/uploads\/2026\/02\/billig-passat-768x398.webp 768w, https:\/\/www.niemibil.se\/wp-content\/uploads\/2026\/02\/billig-passat-1536x796.webp 1536w, https:\/\/www.niemibil.se\/wp-content\/uploads\/2026\/02\/billig-passat-2048x1061.webp 2048w, https:\/\/www.niemibil.se\/wp-content\/uploads\/2026\/02\/billig-passat-18x9.webp 18w\" sizes=\"auto, (max-width: 2560px) 100vw, 2560px\" \/><\/figure>\n<\/div>\n\n\n\n<div class=\"wp-block-column is-vertically-aligned-center is-layout-flow wp-block-column-is-layout-flow\">\n<h2 class=\"wp-block-heading has-large-font-size\"><strong>5 &#8211; <strong>VW Passat GTE <\/strong><\/strong><\/h2>\n\n\n\n<p><strong>~4 850 kr per m\u00e5nad<\/strong>. Oj, var kom den ifr\u00e5n? Jo Passat GTE lyckades inte med att kvala in sig p\u00e5 topp 3 i n\u00e5gon kategori, men totalen \u00e4r s\u00e5 pass bra att den kommer med p\u00e5 listan. Precis i mitten, vilket \u00e4r passande f\u00f6r bilen som \u00e4r bra p\u00e5 mycket, men kanske inte b\u00e4st p\u00e5 lika mycket.<\/p>\n\n\n\n<div class=\"wp-block-buttons has-custom-font-size has-small-font-size is-content-justification-center is-layout-flex wp-container-core-buttons-is-layout-16018d1d wp-block-buttons-is-layout-flex\">\n<div class=\"wp-block-button has-custom-width wp-block-button__width-50\"><a class=\"wp-block-button__link has-white-color has-text-color has-background has-link-color has-small-font-size has-custom-font-size wp-element-button\" href=\"https:\/\/www.niemibil.se\/en\/used-cars\/?_sf_s=passat&amp;_sfm_yearmodel=2004+2027&amp;_sfm_miles=0+40000&amp;_sfm_price-sek=0+850000\" style=\"border-top-left-radius:100px;border-top-right-radius:100px;border-bottom-left-radius:100px;border-bottom-right-radius:100px;background-color:#d81132\" target=\"_blank\" rel=\"noreferrer noopener\"><strong>Se alla Passat p\u00e5 lager!<\/strong><\/a><\/div>\n<\/div>\n<\/div>\n<\/div>\n\n\n\n<div class=\"wp-block-columns are-vertically-aligned-center is-layout-flex wp-container-core-columns-is-layout-9d6595d7 wp-block-columns-is-layout-flex\">\n<div class=\"wp-block-column is-vertically-aligned-center is-layout-flow wp-block-column-is-layout-flow\">\n<figure class=\"wp-block-image size-full\"><img loading=\"lazy\" decoding=\"async\" width=\"2400\" height=\"1597\" src=\"https:\/\/www.niemibil.se\/wp-content\/uploads\/2024\/05\/MG4.webp\" alt=\"\" class=\"wp-image-2166367\" srcset=\"https:\/\/www.niemibil.se\/wp-content\/uploads\/2024\/05\/MG4.webp 2400w, https:\/\/www.niemibil.se\/wp-content\/uploads\/2024\/05\/MG4-300x200.webp 300w, https:\/\/www.niemibil.se\/wp-content\/uploads\/2024\/05\/MG4-1024x681.webp 1024w, https:\/\/www.niemibil.se\/wp-content\/uploads\/2024\/05\/MG4-768x511.webp 768w, https:\/\/www.niemibil.se\/wp-content\/uploads\/2024\/05\/MG4-1536x1022.webp 1536w, https:\/\/www.niemibil.se\/wp-content\/uploads\/2024\/05\/MG4-2048x1363.webp 2048w, https:\/\/www.niemibil.se\/wp-content\/uploads\/2024\/05\/MG4-18x12.webp 18w\" sizes=\"auto, (max-width: 2400px) 100vw, 2400px\" \/><\/figure>\n<\/div>\n\n\n\n<div class=\"wp-block-column is-vertically-aligned-center is-layout-flow wp-block-column-is-layout-flow\">\n<h2 class=\"wp-block-heading has-large-font-size\"><strong>6 &#8211; MG4<\/strong><\/h2>\n\n\n\n<p><strong>~5 000 kr per m\u00e5nad<\/strong>. Den kan vara lite dyr att f\u00f6rs\u00e4kra, det \u00e4r det som g\u00f6r att MG4 inte kommer h\u00f6gre. Men om du hittar en vettig f\u00f6rs\u00e4kringspremie s\u00e5 l\u00e4r m\u00e5nadskostnaden sluta betydligt l\u00e4gre f\u00f6r dig \u00e4n s\u00e5 h\u00e4r.<\/p>\n\n\n\n<div class=\"wp-block-buttons has-custom-font-size has-small-font-size is-content-justification-center is-layout-flex wp-container-core-buttons-is-layout-16018d1d wp-block-buttons-is-layout-flex\">\n<div class=\"wp-block-button has-custom-width wp-block-button__width-50\"><a class=\"wp-block-button__link has-white-color has-text-color has-background has-link-color has-small-font-size has-custom-font-size wp-element-button\" href=\"https:\/\/www.niemibil.se\/en\/used-cars\/?_sf_s=mg%204&amp;_sfm_yearmodel=2004+2027&amp;_sfm_miles=0+40000&amp;_sfm_price-sek=0+850000\" style=\"border-top-left-radius:100px;border-top-right-radius:100px;border-bottom-left-radius:100px;border-bottom-right-radius:100px;background-color:#d81132\" target=\"_blank\" rel=\"noreferrer noopener\"><strong>Se alla MG4 p\u00e5 lager!<\/strong><\/a><\/div>\n<\/div>\n<\/div>\n<\/div>\n\n\n\n<div class=\"wp-block-columns are-vertically-aligned-center is-layout-flex wp-container-core-columns-is-layout-9d6595d7 wp-block-columns-is-layout-flex\">\n<div class=\"wp-block-column is-vertically-aligned-center is-layout-flow wp-block-column-is-layout-flow\">\n<figure class=\"wp-block-image size-full\"><img loading=\"lazy\" decoding=\"async\" width=\"2560\" height=\"1412\" src=\"https:\/\/www.niemibil.se\/wp-content\/uploads\/2026\/02\/billig-eniro.webp\" alt=\"\" class=\"wp-image-2643912\" srcset=\"https:\/\/www.niemibil.se\/wp-content\/uploads\/2026\/02\/billig-eniro.webp 2560w, https:\/\/www.niemibil.se\/wp-content\/uploads\/2026\/02\/billig-eniro-300x165.webp 300w, https:\/\/www.niemibil.se\/wp-content\/uploads\/2026\/02\/billig-eniro-1024x565.webp 1024w, https:\/\/www.niemibil.se\/wp-content\/uploads\/2026\/02\/billig-eniro-768x424.webp 768w, https:\/\/www.niemibil.se\/wp-content\/uploads\/2026\/02\/billig-eniro-1536x847.webp 1536w, https:\/\/www.niemibil.se\/wp-content\/uploads\/2026\/02\/billig-eniro-2048x1130.webp 2048w, https:\/\/www.niemibil.se\/wp-content\/uploads\/2026\/02\/billig-eniro-18x10.webp 18w\" sizes=\"auto, (max-width: 2560px) 100vw, 2560px\" \/><\/figure>\n<\/div>\n\n\n\n<div class=\"wp-block-column is-vertically-aligned-center is-layout-flow wp-block-column-is-layout-flow\">\n<h2 class=\"wp-block-heading has-large-font-size\"><strong>7 &#8211; Kia e-Niro PHEV<\/strong><\/h2>\n\n\n\n<p><strong>~5 200 kr per \u00e5r<\/strong>. Tv\u00e5 stycken Kia Niro p\u00e5 samma lista borde vara en stark fingervisning f\u00f6r vilken bil som \u00e4r det s\u00e4kraste kortet f\u00f6r dig som letar en riktigt billig bil att \u00e4ga n\u00e4sta g\u00e5ng du ska k\u00f6pa!<\/p>\n\n\n\n<div class=\"wp-block-buttons has-custom-font-size has-small-font-size is-content-justification-center is-layout-flex wp-container-core-buttons-is-layout-16018d1d wp-block-buttons-is-layout-flex\">\n<div class=\"wp-block-button has-custom-width wp-block-button__width-50\"><a class=\"wp-block-button__link has-white-color has-text-color has-background has-link-color has-small-font-size has-custom-font-size wp-element-button\" href=\"https:\/\/www.niemibil.se\/en\/used-cars\/?_sf_s=niro&amp;_sfm_yearmodel=2004+2027&amp;_sfm_miles=0+40000&amp;_sfm_price-sek=0+850000\" style=\"border-top-left-radius:100px;border-top-right-radius:100px;border-bottom-left-radius:100px;border-bottom-right-radius:100px;background-color:#d81132\" target=\"_blank\" rel=\"noreferrer noopener\"><strong>Se alla Niro p\u00e5 lager!<\/strong><\/a><\/div>\n<\/div>\n<\/div>\n<\/div>\n\n\n\n<div class=\"wp-block-columns are-vertically-aligned-center is-layout-flex wp-container-core-columns-is-layout-9d6595d7 wp-block-columns-is-layout-flex\">\n<div class=\"wp-block-column is-vertically-aligned-center is-layout-flow wp-block-column-is-layout-flow\">\n<figure class=\"wp-block-image size-full\"><img loading=\"lazy\" decoding=\"async\" width=\"1024\" height=\"768\" src=\"https:\/\/www.niemibil.se\/wp-content\/uploads\/2026\/02\/Billig-golf.avif.webp\" alt=\"\" class=\"wp-image-2643916\" srcset=\"https:\/\/www.niemibil.se\/wp-content\/uploads\/2026\/02\/Billig-golf.avif.webp 1024w, https:\/\/www.niemibil.se\/wp-content\/uploads\/2026\/02\/Billig-golf.avif-300x225.webp 300w, https:\/\/www.niemibil.se\/wp-content\/uploads\/2026\/02\/Billig-golf.avif-768x576.webp 768w, https:\/\/www.niemibil.se\/wp-content\/uploads\/2026\/02\/Billig-golf.avif-16x12.webp 16w\" sizes=\"auto, (max-width: 1024px) 100vw, 1024px\" \/><\/figure>\n<\/div>\n\n\n\n<div class=\"wp-block-column is-vertically-aligned-center is-layout-flow wp-block-column-is-layout-flow\">\n<h2 class=\"wp-block-heading has-large-font-size\"><strong>8 &#8211; <strong>VW Golf 1.5 e TSI<\/strong><\/strong><\/h2>\n\n\n\n<p><strong>~5 300 kr per m\u00e5nad<\/strong>. Br\u00e4nslekostnad och skatt drar ned resultatet lite, men Golf \u00e4r fortfarande en riktigt vettig bil sett till \u00e4gandekostnad och vad man faktiskt f\u00e5r f\u00f6r pengarna.<\/p>\n\n\n\n<div class=\"wp-block-buttons has-custom-font-size has-small-font-size is-content-justification-center is-layout-flex wp-container-core-buttons-is-layout-16018d1d wp-block-buttons-is-layout-flex\">\n<div class=\"wp-block-button has-custom-width wp-block-button__width-50\"><a class=\"wp-block-button__link has-white-color has-text-color has-background has-link-color has-small-font-size has-custom-font-size wp-element-button\" href=\"https:\/\/www.niemibil.se\/en\/used-cars\/?_sf_s=golf&amp;_sfm_yearmodel=2004+2027&amp;_sfm_miles=0+40000&amp;_sfm_price-sek=0+850000\" style=\"border-top-left-radius:100px;border-top-right-radius:100px;border-bottom-left-radius:100px;border-bottom-right-radius:100px;background-color:#d81132\" target=\"_blank\" rel=\"noreferrer noopener\"><strong>Se alla Golf p\u00e5 lager!<\/strong><\/a><\/div>\n<\/div>\n<\/div>\n<\/div>\n\n\n\n<div class=\"wp-block-columns are-vertically-aligned-center is-layout-flex wp-container-core-columns-is-layout-9d6595d7 wp-block-columns-is-layout-flex\">\n<div class=\"wp-block-column is-vertically-aligned-center is-layout-flow wp-block-column-is-layout-flow\">\n<figure class=\"wp-block-image size-full\"><img loading=\"lazy\" decoding=\"async\" width=\"1024\" height=\"768\" src=\"https:\/\/www.niemibil.se\/wp-content\/uploads\/2026\/02\/billig-v60.avif.webp\" alt=\"\" class=\"wp-image-2643918\" srcset=\"https:\/\/www.niemibil.se\/wp-content\/uploads\/2026\/02\/billig-v60.avif.webp 1024w, https:\/\/www.niemibil.se\/wp-content\/uploads\/2026\/02\/billig-v60.avif-300x225.webp 300w, https:\/\/www.niemibil.se\/wp-content\/uploads\/2026\/02\/billig-v60.avif-768x576.webp 768w, https:\/\/www.niemibil.se\/wp-content\/uploads\/2026\/02\/billig-v60.avif-16x12.webp 16w\" sizes=\"auto, (max-width: 1024px) 100vw, 1024px\" \/><\/figure>\n<\/div>\n\n\n\n<div class=\"wp-block-column is-vertically-aligned-center is-layout-flow wp-block-column-is-layout-flow\">\n<h2 class=\"wp-block-heading has-large-font-size\"><strong>9 &#8211; <strong>Volvo V60 B4 Diesel<\/strong><\/strong><\/h2>\n\n\n\n<p><strong>~5 300 kr per m\u00e5nad<\/strong>. Delad \u00e5ttondeplats kanske, men Volvon har n\u00e5gra enstaka kronor h\u00f6gre TCO \u00e4n Golfen. Men en stark insats fr\u00e5n en av Sveriges absolut popul\u00e4raste bilar!<\/p>\n\n\n\n<div class=\"wp-block-buttons has-custom-font-size has-small-font-size is-content-justification-center is-layout-flex wp-container-core-buttons-is-layout-16018d1d wp-block-buttons-is-layout-flex\">\n<div class=\"wp-block-button has-custom-width wp-block-button__width-50\"><a class=\"wp-block-button__link has-white-color has-text-color has-background has-link-color has-small-font-size has-custom-font-size wp-element-button\" href=\"https:\/\/www.niemibil.se\/en\/used-cars\/?_sf_s=v60&amp;_sfm_yearmodel=2004+2027&amp;_sfm_miles=0+40000&amp;_sfm_price-sek=0+850000\" style=\"border-top-left-radius:100px;border-top-right-radius:100px;border-bottom-left-radius:100px;border-bottom-right-radius:100px;background-color:#d81132\" target=\"_blank\" rel=\"noreferrer noopener\"><strong>Se alla V60 p\u00e5 lager!<\/strong><\/a><\/div>\n<\/div>\n<\/div>\n<\/div>\n\n\n\n<div class=\"wp-block-columns are-vertically-aligned-center is-layout-flex wp-container-core-columns-is-layout-9d6595d7 wp-block-columns-is-layout-flex\">\n<div class=\"wp-block-column is-vertically-aligned-center is-layout-flow wp-block-column-is-layout-flow\">\n<figure class=\"wp-block-image size-full\"><img loading=\"lazy\" decoding=\"async\" width=\"2560\" height=\"1439\" src=\"https:\/\/www.niemibil.se\/wp-content\/uploads\/2026\/02\/billig-id4.webp\" alt=\"\" class=\"wp-image-2643933\" srcset=\"https:\/\/www.niemibil.se\/wp-content\/uploads\/2026\/02\/billig-id4.webp 2560w, https:\/\/www.niemibil.se\/wp-content\/uploads\/2026\/02\/billig-id4-300x169.webp 300w, https:\/\/www.niemibil.se\/wp-content\/uploads\/2026\/02\/billig-id4-1024x576.webp 1024w, https:\/\/www.niemibil.se\/wp-content\/uploads\/2026\/02\/billig-id4-768x432.webp 768w, https:\/\/www.niemibil.se\/wp-content\/uploads\/2026\/02\/billig-id4-1536x863.webp 1536w, https:\/\/www.niemibil.se\/wp-content\/uploads\/2026\/02\/billig-id4-2048x1151.webp 2048w, https:\/\/www.niemibil.se\/wp-content\/uploads\/2026\/02\/billig-id4-18x10.webp 18w\" sizes=\"auto, (max-width: 2560px) 100vw, 2560px\" \/><\/figure>\n<\/div>\n\n\n\n<div class=\"wp-block-column is-vertically-aligned-center is-layout-flow wp-block-column-is-layout-flow\">\n<h2 class=\"wp-block-heading has-large-font-size\"><strong>10 &#8211; VW ID.4<\/strong><\/h2>\n\n\n\n<p><strong>~5 450 kr per m\u00e5nad<\/strong>. Det k\u00e4nns dumt att s\u00e4ga att ID.4 kommer sist, den \u00e4r ju faktiskt den tionde billigaste bilen att \u00e4ga. Men inte riktigt lika billig som sina VW-syskon p\u00e5 listan.<\/p>\n\n\n\n<div class=\"wp-block-buttons has-custom-font-size has-small-font-size is-content-justification-center is-layout-flex wp-container-core-buttons-is-layout-16018d1d wp-block-buttons-is-layout-flex\">\n<div class=\"wp-block-button has-custom-width wp-block-button__width-50\"><a class=\"wp-block-button__link has-white-color has-text-color has-background has-link-color has-small-font-size has-custom-font-size wp-element-button\" href=\"https:\/\/www.niemibil.se\/en\/used-cars\/?_sf_s=id&amp;_sfm_yearmodel=2004+2027&amp;_sfm_miles=0+40000&amp;_sfm_price-sek=0+850000&amp;_sft_bilmarke=volkswagen\" style=\"border-top-left-radius:100px;border-top-right-radius:100px;border-bottom-left-radius:100px;border-bottom-right-radius:100px;background-color:#d81132\" target=\"_blank\" rel=\"noreferrer noopener\"><strong>Se alla ID.4 p\u00e5 lager!<\/strong><\/a><\/div>\n<\/div>\n<\/div>\n<\/div>\n\n\n\n<div style=\"height:50px\" aria-hidden=\"true\" class=\"wp-block-spacer\"><\/div>\n\n\n\n<p>S\u00e5g du din bil p\u00e5 listan? Eller kanske din n\u00e4sta bil? Vi kan nog hj\u00e4lpa dig ska du se! P\u00e5 niemibil.se kan du s\u00f6ka efter precis den bil du vill ha, skapa en bevakning f\u00f6r den typ av bil du \u00e4r ute efter, och reservera din dr\u00f6mbil innan n\u00e5gon annan hinner f\u00f6re!<\/p>\n\n\n\n<div class=\"wp-block-buttons is-content-justification-center is-layout-flex wp-container-core-buttons-is-layout-16018d1d wp-block-buttons-is-layout-flex\">\n<div class=\"wp-block-button\"><a class=\"wp-block-button__link has-white-color has-text-color has-background has-link-color has-medium-font-size has-custom-font-size wp-element-button\" href=\"https:\/\/www.niemibil.se\/en\/used-cars\/\" style=\"border-top-left-radius:100px;border-top-right-radius:100px;border-bottom-left-radius:100px;border-bottom-right-radius:100px;background-color:#d81132\" target=\"_blank\" rel=\"noreferrer noopener\"><strong>Se alla bilar p\u00e5 lager!<\/strong><\/a><\/div>\n<\/div>\n\n\n\n<p><\/p>","protected":false},"excerpt":{"rendered":"<p>Att k\u00f6pa bil handlar om mer \u00e4n ink\u00f6pspriset. Den verkliga kostnaden m\u00e4rks f\u00f6rst n\u00e4r du r\u00e4knar in allt du faktiskt betalar f\u00f6r att h\u00e5lla bilen i rullning. Staten ska ha sitt, den kommer beh\u00f6va service och kanske \u00e4ven reservdelar och s\u00e5 ska man ju tanka och\/eller ladda den ocks\u00e5. Har du h\u00f6rt begreppet &#8221;TCO&#8221; f\u00f6rut? [&hellip;]<\/p>\n","protected":false},"author":18,"featured_media":2643910,"comment_status":"closed","ping_status":"closed","sticky":false,"template":"","format":"standard","meta":{"_acf_changed":false,"footnotes":""},"categories":[1],"tags":[],"class_list":["post-2643908","post","type-post","status-publish","format-standard","has-post-thumbnail","hentry","category-uncategorized"],"acf":[],"_links":{"self":[{"href":"https:\/\/www.niemibil.se\/en\/wp-json\/wp\/v2\/posts\/2643908","targetHints":{"allow":["GET"]}}],"collection":[{"href":"https:\/\/www.niemibil.se\/en\/wp-json\/wp\/v2\/posts"}],"about":[{"href":"https:\/\/www.niemibil.se\/en\/wp-json\/wp\/v2\/types\/post"}],"author":[{"embeddable":true,"href":"https:\/\/www.niemibil.se\/en\/wp-json\/wp\/v2\/users\/18"}],"replies":[{"embeddable":true,"href":"https:\/\/www.niemibil.se\/en\/wp-json\/wp\/v2\/comments?post=2643908"}],"version-history":[{"count":9,"href":"https:\/\/www.niemibil.se\/en\/wp-json\/wp\/v2\/posts\/2643908\/revisions"}],"predecessor-version":[{"id":2644115,"href":"https:\/\/www.niemibil.se\/en\/wp-json\/wp\/v2\/posts\/2643908\/revisions\/2644115"}],"wp:featuredmedia":[{"embeddable":true,"href":"https:\/\/www.niemibil.se\/en\/wp-json\/wp\/v2\/media\/2643910"}],"wp:attachment":[{"href":"https:\/\/www.niemibil.se\/en\/wp-json\/wp\/v2\/media?parent=2643908"}],"wp:term":[{"taxonomy":"category","embeddable":true,"href":"https:\/\/www.niemibil.se\/en\/wp-json\/wp\/v2\/categories?post=2643908"},{"taxonomy":"post_tag","embeddable":true,"href":"https:\/\/www.niemibil.se\/en\/wp-json\/wp\/v2\/tags?post=2643908"}],"curies":[{"name":"wp","href":"https:\/\/api.w.org\/{rel}","templated":true}]}}