{"id":2641802,"date":"2026-02-06T12:45:42","date_gmt":"2026-02-06T11:45:42","guid":{"rendered":"https:\/\/www.niemibil.se\/?p=2641802"},"modified":"2026-02-09T08:20:07","modified_gmt":"2026-02-09T07:20:07","slug":"hur-lange-haller-vinterdacken-och-hur-vet-man-om-de-borjar-bli-daliga","status":"publish","type":"post","link":"https:\/\/www.niemibil.se\/en\/hur-lange-haller-vinterdacken-och-hur-vet-man-om-de-borjar-bli-daliga\/","title":{"rendered":"Hur l\u00e4nge h\u00e5ller vinterd\u00e4cken \u2013 och hur vet man om de b\u00f6rjar bli d\u00e5liga?"},"content":{"rendered":"<p><strong>N\u00e4r kylan kryper p\u00e5 \u00e4r det m\u00e5nga som byter till vinterd\u00e4ck, men hur l\u00e4nge borde de egentligen anv\u00e4ndas? Och hur vet man om de b\u00f6rjar bli slitna eller p\u00e5 v\u00e4g att bli farliga? H\u00e4r reder vi ut det p\u00e5 ett enkelt s\u00e4tt!<\/strong><\/p>\n\n\n\n<div style=\"height:25px\" aria-hidden=\"true\" class=\"wp-block-spacer\"><\/div>\n\n\n\n<div class=\"wp-block-columns is-layout-flex wp-container-core-columns-is-layout-9d6595d7 wp-block-columns-is-layout-flex\">\n<div class=\"wp-block-column is-layout-flow wp-block-column-is-layout-flow\">\n<figure class=\"wp-block-image size-full\"><img loading=\"lazy\" decoding=\"async\" width=\"841\" height=\"561\" src=\"https:\/\/www.niemibil.se\/wp-content\/uploads\/2026\/02\/skoda-uppsala.webp\" alt=\"\" class=\"wp-image-2641703\" srcset=\"https:\/\/www.niemibil.se\/wp-content\/uploads\/2026\/02\/skoda-uppsala.webp 841w, https:\/\/www.niemibil.se\/wp-content\/uploads\/2026\/02\/skoda-uppsala-300x200.webp 300w, https:\/\/www.niemibil.se\/wp-content\/uploads\/2026\/02\/skoda-uppsala-768x512.webp 768w, https:\/\/www.niemibil.se\/wp-content\/uploads\/2026\/02\/skoda-uppsala-18x12.webp 18w\" sizes=\"auto, (max-width: 841px) 100vw, 841px\" \/><\/figure>\n<\/div>\n\n\n\n<div class=\"wp-block-column is-vertically-aligned-center is-layout-flow wp-block-column-is-layout-flow\">\n<div class=\"wp-block-group is-nowrap is-layout-flex wp-container-core-group-is-layout-ad2f72ca wp-block-group-is-layout-flex\">\n<div style=\"height:100px;width:20px\" aria-hidden=\"true\" class=\"wp-block-spacer wp-container-content-62aae154\"><\/div>\n\n\n\n<p>Det finns inget exakt svar p\u00e5 hur l\u00e4nge en upps\u00e4ttning d\u00e4ck \u00e4r s\u00e4kra att k\u00f6ra med, i alla fall inte ett som passar alla olika d\u00e4ck och tillverkare. Men generellt brukar man s\u00e4ga att vinterd\u00e4ck h\u00e5ller ungef\u00e4r <strong>2-4 s\u00e4songer<\/strong> (det vill s\u00e4ga vintrar). Det kan bero p\u00e5 flera saker:<\/p>\n<\/div>\n<\/div>\n<\/div>\n\n\n\n<ol class=\"wp-block-list\">\n<li><strong>Hur mycket du k\u00f6r:<\/strong> Mer k\u00f6rning = snabbare slitage.<\/li>\n\n\n\n<li><strong>Hur du k\u00f6r:<\/strong> Mjuk k\u00f6rstil ger mindre d\u00e4ckslitage \u00e4n snabba accelerationer och h\u00e5rda kurvor.<\/li>\n\n\n\n<li><strong>Underh\u00e5ll:<\/strong> R\u00e4tt lufttryck g\u00f6r att d\u00e4cken h\u00e5ller l\u00e4ngre.<\/li>\n\n\n\n<li><strong>F\u00f6rvaring<\/strong>: Korrekt f\u00f6rvaring under sommaren g\u00f6r skillnad.<\/li>\n<\/ol>\n\n\n\n<p>Det \u00e4r allts\u00e5 helt normalt att d\u00e4cken k\u00e4nns olika efter n\u00e5gra \u00e5r, b\u00e5de n\u00e4r det g\u00e4ller m\u00f6nsterdjup och gummits egenskaper.<\/p>\n\n\n\n<p class=\"has-medium-font-size\"><strong><strong>N\u00e4r b\u00f6r man byta vinterd\u00e4cken?<\/strong><\/strong><\/p>\n\n\n\n<p>Det viktigaste att h\u00e5lla koll p\u00e5 \u00e4r <strong>m\u00f6nsterdjupet<\/strong>. F\u00f6r vinterd\u00e4ck \u00e4r det lag p\u00e5 minst <strong>3 mm<\/strong> i m\u00f6nsterdjup i Sverige, men m\u00e5nga experter rekommenderar minst <strong>4\u20135 mm<\/strong> f\u00f6r riktigt bra grepp i sn\u00f6 och slask.<\/p>\n\n\n\n<p>Om dina vinterd\u00e4ck har mindre m\u00f6nsterdjup \u00e4n s\u00e5 \u00e4r det dags att byta \u2013 \u00e4ven om d\u00e4cken bara \u00e4r ett par s\u00e4songer gamla.<\/p>\n\n\n\n<p>Om du k\u00f6r med dubbade vinterd\u00e4ck \u00e4r det bra att kolla till dem med j\u00e4mna mellanrum. Verkar det som att m\u00e5nga dubbar har lossnat? Resten av d\u00e4cket \u00e4r konstruerat f\u00f6r att fungera tillsammans med dubbar, s\u00e5 du kan inte t\u00e4nka att det bara blir som att k\u00f6ra med dubbfria vinterd\u00e4ck, utan de b\u00f6r bytas.<\/p>\n\n\n\n<p class=\"has-medium-font-size\"><strong><strong>Tecken p\u00e5 att vinterd\u00e4cken \u00e4r i d\u00e5ligt skick<\/strong><\/strong><\/p>\n\n\n\n<p>Det \u00e4r l\u00e4tt att bara t\u00e4nka \u201cjag har r\u00e4tt nya vinterd\u00e4ck de f\u00e5r duga ett tag till,\u201d men t\u00e4nk p\u00e5 att inget har s\u00e5 stor p\u00e5verkan p\u00e5 din bils v\u00e4gegenskaper som d\u00e4cken. H\u00e4r \u00e4r n\u00e5gra vanliga tecken p\u00e5 att det kan vara dags att byta till nyare d\u00e4ck:<\/p>\n\n\n\n<ul class=\"wp-block-list\">\n<li><strong>L\u00e5gt m\u00f6nsterdjup:<\/strong> mindre \u00e4n 4\u20135 mm betyder s\u00e4mre grepp.<\/li>\n\n\n\n<li><strong>Sprickor i gummit:<\/strong> s\u00e4rskilt i sidov\u00e4ggarna \u00e4r det ett varningstecken.<\/li>\n\n\n\n<li><strong>D\u00e4cket k\u00e4nns h\u00e5rt och stelt:<\/strong> \u00e4ldre d\u00e4ck blir ofta betydligt h\u00e5rdare och tappar flexibilitet.<\/li>\n\n\n\n<li><strong>Oj\u00e4mnt slitage:<\/strong> kan bero p\u00e5 fel i hjulinst\u00e4llning eller lufttryck.<\/li>\n\n\n\n<li><strong>Vibrationer i ratten:<\/strong> kan vara tecken p\u00e5 skador eller obalans.<\/li>\n\n\n\n<li><strong>Tappade dubbar: <\/strong>P\u00e5verkar f\u00e4stet, s\u00e4rskilt p\u00e5 isiga v\u00e4gar.<\/li>\n<\/ul>\n\n\n\n<p>Om du m\u00e4rker n\u00e5got av det h\u00e4r \u00e4r det klokt att l\u00e5ta en d\u00e4ckverkstad titta p\u00e5 d\u00e4cken.<\/p>\n\n\n\n<p class=\"has-medium-font-size\"><strong><strong>Tips f\u00f6r att f\u00f6rl\u00e4nga livsl\u00e4ngden p\u00e5 vinterd\u00e4cken<\/strong><\/strong><\/p>\n\n\n\n<p>Att ta hand om d\u00e4cken betyder att de h\u00e5ller l\u00e4ngre \u2013 och ger dig en tryggare k\u00f6rning:<\/p>\n\n\n\n<ul class=\"wp-block-list\">\n<li><strong>Kontrollera lufttrycket regelbundet<\/strong>: f\u00f6r l\u00e5gt eller f\u00f6r h\u00f6gt tryck g\u00f6r att d\u00e4cket slits snabbare.<\/li>\n\n\n\n<li><strong>Vinterd\u00e4ck p\u00e5 r\u00e4tt hjul:<\/strong> se till att b\u00e5de fram- och bakhjul har likv\u00e4rdigt skick.<\/li>\n\n\n\n<li><strong>Byt i tid:<\/strong> v\u00e4nta inte tills sista vintern, d\u00e5 riskerar du s\u00e4mre grepp.<\/li>\n\n\n\n<li><strong>F\u00f6rvara dem r\u00e4tt p\u00e5 sommaren:<\/strong> m\u00f6rkt, svalt och torrt \u00e4r b\u00e4st.<\/li>\n<\/ul>\n\n\n\n<p class=\"has-medium-font-size\"><strong><strong>Summary<\/strong><\/strong><\/p>\n\n\n\n<p>Hur l\u00e4nge vinterd\u00e4cken h\u00e5ller beror p\u00e5 hur du k\u00f6r, hur mycket du k\u00f6r och hur du sk\u00f6ter dem. En tumregel \u00e4r <strong>2-4 vinters\u00e4songer<\/strong>, men det viktigaste \u00e4r att <strong>h\u00e5lla koll p\u00e5 m\u00f6nsterdjupet och d\u00e4cksstatusen<\/strong>. N\u00e4r d\u00e4cken b\u00f6rjar bli h\u00e5rda, spruckna eller har d\u00e5ligt m\u00f6nsterdjup \u00e4r det dags att byta \u2013 f\u00f6r din egen och andras s\u00e4kerhet p\u00e5 v\u00e4gen.<\/p>\n\n\n\n<div style=\"height:30px\" aria-hidden=\"true\" class=\"wp-block-spacer\"><\/div>\n\n\n\n<div class=\"wp-block-columns are-vertically-aligned-bottom is-layout-flex wp-container-core-columns-is-layout-9d6595d7 wp-block-columns-is-layout-flex\">\n<div class=\"wp-block-column is-vertically-aligned-bottom is-layout-flow wp-block-column-is-layout-flow\" style=\"flex-basis:33.33%\">\n<p><strong>This question was answered by:<\/strong><\/p>\n<\/div>\n\n\n\n<div class=\"wp-block-column is-vertically-aligned-bottom is-layout-flow wp-block-column-is-layout-flow\" style=\"flex-basis:66.66%\"><\/div>\n<\/div>\n\n\n\n<div class=\"wp-block-columns is-layout-flex wp-container-core-columns-is-layout-9d6595d7 wp-block-columns-is-layout-flex\">\n<div class=\"wp-block-column is-vertically-aligned-bottom is-layout-flow wp-block-column-is-layout-flow\" style=\"flex-basis:25%\"><div class=\"wp-block-image\">\n<figure class=\"alignleft size-full is-resized\"><img loading=\"lazy\" decoding=\"async\" width=\"400\" height=\"400\" src=\"https:\/\/www.niemibil.se\/wp-content\/uploads\/2025\/10\/400x400-Olga.webp\" alt=\"\" class=\"wp-image-2629100\" style=\"width:200px\" srcset=\"https:\/\/www.niemibil.se\/wp-content\/uploads\/2025\/10\/400x400-Olga.webp 400w, https:\/\/www.niemibil.se\/wp-content\/uploads\/2025\/10\/400x400-Olga-300x300.webp 300w, https:\/\/www.niemibil.se\/wp-content\/uploads\/2025\/10\/400x400-Olga-150x150.webp 150w, https:\/\/www.niemibil.se\/wp-content\/uploads\/2025\/10\/400x400-Olga-12x12.webp 12w\" sizes=\"auto, (max-width: 400px) 100vw, 400px\" \/><\/figure>\n<\/div><\/div>\n\n\n\n<div class=\"wp-block-column is-vertically-aligned-bottom is-layout-flow wp-block-column-is-layout-flow\" style=\"flex-basis:66.66%\">\n<p class=\"has-text-align-left has-medium-font-size\"><strong>Olga Granbom<\/strong><br><em>Workshop Manager, Niemi Bil Spantgatan, Lule\u00e5<\/em><\/p>\n<\/div>\n<\/div>\n\n\n\n<p><\/p>","protected":false},"excerpt":{"rendered":"<p>N\u00e4r kylan kryper p\u00e5 \u00e4r det m\u00e5nga som byter till vinterd\u00e4ck, men hur l\u00e4nge borde de egentligen anv\u00e4ndas? Och hur vet man om de b\u00f6rjar bli slitna eller p\u00e5 v\u00e4g att bli farliga? H\u00e4r reder vi ut det p\u00e5 ett enkelt s\u00e4tt! Det finns inget exakt svar p\u00e5 hur l\u00e4nge en upps\u00e4ttning d\u00e4ck \u00e4r s\u00e4kra [&hellip;]<\/p>\n","protected":false},"author":18,"featured_media":0,"comment_status":"closed","ping_status":"closed","sticky":false,"template":"","format":"standard","meta":{"_acf_changed":false,"footnotes":""},"categories":[1],"tags":[],"class_list":["post-2641802","post","type-post","status-publish","format-standard","hentry","category-uncategorized"],"acf":[],"_links":{"self":[{"href":"https:\/\/www.niemibil.se\/en\/wp-json\/wp\/v2\/posts\/2641802","targetHints":{"allow":["GET"]}}],"collection":[{"href":"https:\/\/www.niemibil.se\/en\/wp-json\/wp\/v2\/posts"}],"about":[{"href":"https:\/\/www.niemibil.se\/en\/wp-json\/wp\/v2\/types\/post"}],"author":[{"embeddable":true,"href":"https:\/\/www.niemibil.se\/en\/wp-json\/wp\/v2\/users\/18"}],"replies":[{"embeddable":true,"href":"https:\/\/www.niemibil.se\/en\/wp-json\/wp\/v2\/comments?post=2641802"}],"version-history":[{"count":4,"href":"https:\/\/www.niemibil.se\/en\/wp-json\/wp\/v2\/posts\/2641802\/revisions"}],"predecessor-version":[{"id":2642023,"href":"https:\/\/www.niemibil.se\/en\/wp-json\/wp\/v2\/posts\/2641802\/revisions\/2642023"}],"wp:attachment":[{"href":"https:\/\/www.niemibil.se\/en\/wp-json\/wp\/v2\/media?parent=2641802"}],"wp:term":[{"taxonomy":"category","embeddable":true,"href":"https:\/\/www.niemibil.se\/en\/wp-json\/wp\/v2\/categories?post=2641802"},{"taxonomy":"post_tag","embeddable":true,"href":"https:\/\/www.niemibil.se\/en\/wp-json\/wp\/v2\/tags?post=2641802"}],"curies":[{"name":"wp","href":"https:\/\/api.w.org\/{rel}","templated":true}]}}