{"id":2636691,"date":"2025-12-19T12:21:22","date_gmt":"2025-12-19T11:21:22","guid":{"rendered":"https:\/\/www.niemibil.se\/?p=2636691"},"modified":"2025-12-21T16:00:55","modified_gmt":"2025-12-21T15:00:55","slug":"the-car-2025-wrapped","status":"publish","type":"post","link":"https:\/\/www.niemibil.se\/en\/the-car-2025-wrapped\/","title":{"rendered":"Used Car Year 2025 Wrapped!"},"content":{"rendered":"<p><strong>Can you guess which municipality completely rejected electric cars? What was the best-selling car model of the year? We have answers to those questions and many more in our big review of the used year 2025! Join us in a look back at the past year, in Niemi Bil Wrapped!<\/strong><\/p>\n\n\n\n<p>Another year is almost upon us, and it hit us how much data is flooding us every day here at Niemi Bil. At the same time, the &quot;wrapped season&quot; is getting underway in earnest, and we get to know what our favorite songs on Spotify were, what series we binged on Netflix, and much more!<\/p>\n\n\n\n<p>So we didn&#039;t want to be worse!<\/p>\n\n\n\n<p>Let&#039;s look at what sold the most, who bought the least, what it cost, which color was most popular, and all the interesting facts (and all the uninteresting facts for that matter) are here!<\/p>\n\n\n\n<p class=\"has-small-font-size\"><em>Source: Swedish Transport Agency<\/em>,<em> used cars purchased in Sweden from car dealers, max 10 years old<\/em>. <\/p>\n\n\n\n<div style=\"height:25px\" aria-hidden=\"true\" class=\"wp-block-spacer\"><\/div>\n\n\n\n<figure class=\"wp-block-image size-large\"><img loading=\"lazy\" decoding=\"async\" width=\"1024\" height=\"288\" src=\"https:\/\/www.niemibil.se\/wp-content\/uploads\/2025\/12\/RETROTOPPEN-1024x288.webp\" alt=\"\" class=\"wp-image-2636769\" srcset=\"https:\/\/www.niemibil.se\/wp-content\/uploads\/2025\/12\/RETROTOPPEN-1024x288.webp 1024w, https:\/\/www.niemibil.se\/wp-content\/uploads\/2025\/12\/RETROTOPPEN-300x84.webp 300w, https:\/\/www.niemibil.se\/wp-content\/uploads\/2025\/12\/RETROTOPPEN-768x216.webp 768w, https:\/\/www.niemibil.se\/wp-content\/uploads\/2025\/12\/RETROTOPPEN-1536x432.webp 1536w, https:\/\/www.niemibil.se\/wp-content\/uploads\/2025\/12\/RETROTOPPEN-18x5.webp 18w, https:\/\/www.niemibil.se\/wp-content\/uploads\/2025\/12\/RETROTOPPEN.webp 1920w\" sizes=\"auto, (max-width: 1024px) 100vw, 1024px\" \/><\/figure>\n\n\n\n<p class=\"has-medium-font-size\">The first decade of the 2000s is just a fond memory now, but do you remember all the amazing cars we had \u201cback then?\u201d Some were more amazing than others, and our perception of them has changed over the years. Here we take a look at which of them all <strong>cars at least 15 years old<\/strong> which was sold the most in 2025!<\/p>\n\n\n\n<div class=\"wp-block-columns is-layout-flex wp-container-core-columns-is-layout-9d6595d7 wp-block-columns-is-layout-flex\">\n<div class=\"wp-block-column is-layout-flow wp-block-column-is-layout-flow\">\n<figure class=\"wp-block-image size-full\"><img loading=\"lazy\" decoding=\"async\" width=\"2048\" height=\"1536\" src=\"https:\/\/www.niemibil.se\/wp-content\/uploads\/2025\/12\/saab-saab-aero-9-5.webp\" alt=\"\" class=\"wp-image-2636698\" srcset=\"https:\/\/www.niemibil.se\/wp-content\/uploads\/2025\/12\/saab-saab-aero-9-5.webp 2048w, https:\/\/www.niemibil.se\/wp-content\/uploads\/2025\/12\/saab-saab-aero-9-5-300x225.webp 300w, https:\/\/www.niemibil.se\/wp-content\/uploads\/2025\/12\/saab-saab-aero-9-5-1024x768.webp 1024w, https:\/\/www.niemibil.se\/wp-content\/uploads\/2025\/12\/saab-saab-aero-9-5-768x576.webp 768w, https:\/\/www.niemibil.se\/wp-content\/uploads\/2025\/12\/saab-saab-aero-9-5-1536x1152.webp 1536w, https:\/\/www.niemibil.se\/wp-content\/uploads\/2025\/12\/saab-saab-aero-9-5-16x12.webp 16w\" sizes=\"auto, (max-width: 2048px) 100vw, 2048px\" \/><\/figure>\n<\/div>\n\n\n\n<div class=\"wp-block-column is-vertically-aligned-center is-layout-flow wp-block-column-is-layout-flow\">\n<div class=\"wp-block-group is-nowrap is-layout-flex wp-container-core-group-is-layout-ad2f72ca wp-block-group-is-layout-flex\">\n<div style=\"height:100px;width:20px\" aria-hidden=\"true\" class=\"wp-block-spacer wp-container-content-62aae154\"><\/div>\n\n\n\n<p class=\"has-medium-font-size\"><strong>Place 5: SAAB 9-5<\/strong><br><br>The classic, and unfortunately bankrupt Swedish car brand SAAB (which these days \u201conly\u201d manufactures boring things like fighter jets) starts the list. Almost 12,500 units have been sold this year. Impressive!<br><\/p>\n<\/div>\n<\/div>\n<\/div>\n\n\n\n<div class=\"wp-block-columns is-layout-flex wp-container-core-columns-is-layout-9d6595d7 wp-block-columns-is-layout-flex\">\n<div class=\"wp-block-column is-layout-flow wp-block-column-is-layout-flow\">\n<figure class=\"wp-block-image size-full\"><img loading=\"lazy\" decoding=\"async\" width=\"2258\" height=\"1382\" src=\"https:\/\/www.niemibil.se\/wp-content\/uploads\/2025\/12\/Volvo_V50_1.6_D.webp\" alt=\"\" class=\"wp-image-2636699\" srcset=\"https:\/\/www.niemibil.se\/wp-content\/uploads\/2025\/12\/Volvo_V50_1.6_D.webp 2258w, https:\/\/www.niemibil.se\/wp-content\/uploads\/2025\/12\/Volvo_V50_1.6_D-300x184.webp 300w, https:\/\/www.niemibil.se\/wp-content\/uploads\/2025\/12\/Volvo_V50_1.6_D-1024x627.webp 1024w, https:\/\/www.niemibil.se\/wp-content\/uploads\/2025\/12\/Volvo_V50_1.6_D-768x470.webp 768w, https:\/\/www.niemibil.se\/wp-content\/uploads\/2025\/12\/Volvo_V50_1.6_D-1536x940.webp 1536w, https:\/\/www.niemibil.se\/wp-content\/uploads\/2025\/12\/Volvo_V50_1.6_D-2048x1253.webp 2048w, https:\/\/www.niemibil.se\/wp-content\/uploads\/2025\/12\/Volvo_V50_1.6_D-18x12.webp 18w\" sizes=\"auto, (max-width: 2258px) 100vw, 2258px\" \/><\/figure>\n<\/div>\n\n\n\n<div class=\"wp-block-column is-vertically-aligned-center is-layout-flow wp-block-column-is-layout-flow\">\n<div class=\"wp-block-group is-nowrap is-layout-flex wp-container-core-group-is-layout-ad2f72ca wp-block-group-is-layout-flex\">\n<div style=\"height:100px;width:20px\" aria-hidden=\"true\" class=\"wp-block-spacer wp-container-content-62aae154\"><\/div>\n\n\n\n<p class=\"has-medium-font-size\"><strong>Place 4: Volvo V50<\/strong><br><br>Swedish classic Volvo continues the list with one of its big favorites. Volvo doesn&#039;t manufacture fighter jets, but has made the occasional aircraft engine over the years (some of which are used by, that&#039;s right, SAAB).<\/p>\n<\/div>\n<\/div>\n<\/div>\n\n\n\n<div class=\"wp-block-columns is-layout-flex wp-container-core-columns-is-layout-9d6595d7 wp-block-columns-is-layout-flex\">\n<div class=\"wp-block-column is-layout-flow wp-block-column-is-layout-flow\">\n<figure class=\"wp-block-image size-full\"><img loading=\"lazy\" decoding=\"async\" width=\"2560\" height=\"1303\" src=\"https:\/\/www.niemibil.se\/wp-content\/uploads\/2025\/12\/2010_Saab_9-3_X_TTID_2.0.webp\" alt=\"\" class=\"wp-image-2636702\" srcset=\"https:\/\/www.niemibil.se\/wp-content\/uploads\/2025\/12\/2010_Saab_9-3_X_TTID_2.0.webp 2560w, https:\/\/www.niemibil.se\/wp-content\/uploads\/2025\/12\/2010_Saab_9-3_X_TTID_2.0-300x153.webp 300w, https:\/\/www.niemibil.se\/wp-content\/uploads\/2025\/12\/2010_Saab_9-3_X_TTID_2.0-1024x521.webp 1024w, https:\/\/www.niemibil.se\/wp-content\/uploads\/2025\/12\/2010_Saab_9-3_X_TTID_2.0-768x391.webp 768w, https:\/\/www.niemibil.se\/wp-content\/uploads\/2025\/12\/2010_Saab_9-3_X_TTID_2.0-1536x782.webp 1536w, https:\/\/www.niemibil.se\/wp-content\/uploads\/2025\/12\/2010_Saab_9-3_X_TTID_2.0-2048x1042.webp 2048w, https:\/\/www.niemibil.se\/wp-content\/uploads\/2025\/12\/2010_Saab_9-3_X_TTID_2.0-18x9.webp 18w\" sizes=\"auto, (max-width: 2560px) 100vw, 2560px\" \/><\/figure>\n<\/div>\n\n\n\n<div class=\"wp-block-column is-vertically-aligned-center is-layout-flow wp-block-column-is-layout-flow\">\n<div class=\"wp-block-group is-nowrap is-layout-flex wp-container-core-group-is-layout-ad2f72ca wp-block-group-is-layout-flex\">\n<div style=\"height:100px;width:20px\" aria-hidden=\"true\" class=\"wp-block-spacer wp-container-content-62aae154\"><\/div>\n\n\n\n<p class=\"has-medium-font-size\"><strong>Place 3: SAAB 9-3<\/strong><br><br>Svenska Aeroplan Aktiebolag takes a full two places on the list, impressive for a car that doesn&#039;t exist!<\/p>\n<\/div>\n<\/div>\n<\/div>\n\n\n\n<div class=\"wp-block-columns is-layout-flex wp-container-core-columns-is-layout-9d6595d7 wp-block-columns-is-layout-flex\">\n<div class=\"wp-block-column is-layout-flow wp-block-column-is-layout-flow\">\n<figure class=\"wp-block-image size-full\"><img loading=\"lazy\" decoding=\"async\" width=\"2560\" height=\"1716\" src=\"https:\/\/www.niemibil.se\/wp-content\/uploads\/2025\/12\/VW_Golf_VI_1.4_Comfortline_Deep_Black.webp\" alt=\"\" class=\"wp-image-2636704\" srcset=\"https:\/\/www.niemibil.se\/wp-content\/uploads\/2025\/12\/VW_Golf_VI_1.4_Comfortline_Deep_Black.webp 2560w, https:\/\/www.niemibil.se\/wp-content\/uploads\/2025\/12\/VW_Golf_VI_1.4_Comfortline_Deep_Black-300x201.webp 300w, https:\/\/www.niemibil.se\/wp-content\/uploads\/2025\/12\/VW_Golf_VI_1.4_Comfortline_Deep_Black-1024x686.webp 1024w, https:\/\/www.niemibil.se\/wp-content\/uploads\/2025\/12\/VW_Golf_VI_1.4_Comfortline_Deep_Black-768x515.webp 768w, https:\/\/www.niemibil.se\/wp-content\/uploads\/2025\/12\/VW_Golf_VI_1.4_Comfortline_Deep_Black-1536x1030.webp 1536w, https:\/\/www.niemibil.se\/wp-content\/uploads\/2025\/12\/VW_Golf_VI_1.4_Comfortline_Deep_Black-2048x1373.webp 2048w, https:\/\/www.niemibil.se\/wp-content\/uploads\/2025\/12\/VW_Golf_VI_1.4_Comfortline_Deep_Black-18x12.webp 18w\" sizes=\"auto, (max-width: 2560px) 100vw, 2560px\" \/><\/figure>\n<\/div>\n\n\n\n<div class=\"wp-block-column is-vertically-aligned-center is-layout-flow wp-block-column-is-layout-flow\">\n<div class=\"wp-block-group is-nowrap is-layout-flex wp-container-core-group-is-layout-ad2f72ca wp-block-group-is-layout-flex\">\n<div style=\"height:100px;width:20px\" aria-hidden=\"true\" class=\"wp-block-spacer wp-container-content-62aae154\"><\/div>\n\n\n\n<p class=\"has-medium-font-size\"><strong>Place 2: VW Golf<\/strong><br><br>If there is a top list of cars, then there will be a Golf on that list, it&#039;s been around for a long time and is still true this year! (hint: it will be true next year too)<br><\/p>\n<\/div>\n<\/div>\n<\/div>\n\n\n\n<div class=\"wp-block-columns is-layout-flex wp-container-core-columns-is-layout-9d6595d7 wp-block-columns-is-layout-flex\">\n<div class=\"wp-block-column is-layout-flow wp-block-column-is-layout-flow\">\n<figure class=\"wp-block-image size-full\"><img loading=\"lazy\" decoding=\"async\" width=\"640\" height=\"480\" src=\"https:\/\/www.niemibil.se\/wp-content\/uploads\/2025\/12\/2010-volvo-xc70-4-door-wagon-3-2l-angular-front-exterior-view_100246880_m.webp\" alt=\"\" class=\"wp-image-2636705\" srcset=\"https:\/\/www.niemibil.se\/wp-content\/uploads\/2025\/12\/2010-volvo-xc70-4-door-wagon-3-2l-angular-front-exterior-view_100246880_m.webp 640w, https:\/\/www.niemibil.se\/wp-content\/uploads\/2025\/12\/2010-volvo-xc70-4-door-wagon-3-2l-angular-front-exterior-view_100246880_m-300x225.webp 300w, https:\/\/www.niemibil.se\/wp-content\/uploads\/2025\/12\/2010-volvo-xc70-4-door-wagon-3-2l-angular-front-exterior-view_100246880_m-16x12.webp 16w\" sizes=\"auto, (max-width: 640px) 100vw, 640px\" \/><\/figure>\n<\/div>\n\n\n\n<div class=\"wp-block-column is-vertically-aligned-center is-layout-flow wp-block-column-is-layout-flow\">\n<div class=\"wp-block-group is-nowrap is-layout-flex wp-container-core-group-is-layout-ad2f72ca wp-block-group-is-layout-flex\">\n<div style=\"height:100px;width:20px\" aria-hidden=\"true\" class=\"wp-block-spacer wp-container-content-62aae154\"><\/div>\n\n\n\n<p class=\"has-medium-font-size\"><strong>Place 1: Volvo V70<\/strong><br><br>It was a police car and an ambulance. It was your parents&#039; car, and your friends&#039; parents&#039; car, and probably your car at some point too. No one is surprised who tops the list of best-selling 15+ year old cars!<\/p>\n<\/div>\n<\/div>\n<\/div>\n\n\n\n<div style=\"height:100px\" aria-hidden=\"true\" class=\"wp-block-spacer\"><\/div>\n\n\n\n<figure class=\"wp-block-image size-large\"><img loading=\"lazy\" decoding=\"async\" width=\"1024\" height=\"288\" src=\"https:\/\/www.niemibil.se\/wp-content\/uploads\/2025\/12\/vem-salde-vi-till-1024x288.webp\" alt=\"\" class=\"wp-image-2636775\" srcset=\"https:\/\/www.niemibil.se\/wp-content\/uploads\/2025\/12\/vem-salde-vi-till-1024x288.webp 1024w, https:\/\/www.niemibil.se\/wp-content\/uploads\/2025\/12\/vem-salde-vi-till-300x84.webp 300w, https:\/\/www.niemibil.se\/wp-content\/uploads\/2025\/12\/vem-salde-vi-till-768x216.webp 768w, https:\/\/www.niemibil.se\/wp-content\/uploads\/2025\/12\/vem-salde-vi-till-1536x432.webp 1536w, https:\/\/www.niemibil.se\/wp-content\/uploads\/2025\/12\/vem-salde-vi-till-18x5.webp 18w, https:\/\/www.niemibil.se\/wp-content\/uploads\/2025\/12\/vem-salde-vi-till.webp 1920w\" sizes=\"auto, (max-width: 1024px) 100vw, 1024px\" \/><\/figure>\n\n\n\n<p class=\"has-medium-font-size\">When you want to sell your car, you mainly have two options: either you sell directly to other private individuals, for example at Blocket. Or you turn to a car dealer (for example Niemi Bil, I mean, why would you go to anyone else?) and sell the car that way.<\/p>\n\n\n\n<p>But which option was the Swedes&#039; favorite? Yes, you can see it here!<\/p>\n\n\n\n<div class=\"wp-block-columns is-layout-flex wp-container-core-columns-is-layout-9d6595d7 wp-block-columns-is-layout-flex\">\n<div class=\"wp-block-column is-layout-flow wp-block-column-is-layout-flow\">\n<figure class=\"wp-block-image size-full\"><img loading=\"lazy\" decoding=\"async\" width=\"1080\" height=\"1080\" src=\"https:\/\/www.niemibil.se\/wp-content\/uploads\/2025\/12\/2025-fordelning-salj.webp\" alt=\"\" class=\"wp-image-2636710\" srcset=\"https:\/\/www.niemibil.se\/wp-content\/uploads\/2025\/12\/2025-fordelning-salj.webp 1080w, https:\/\/www.niemibil.se\/wp-content\/uploads\/2025\/12\/2025-fordelning-salj-300x300.webp 300w, https:\/\/www.niemibil.se\/wp-content\/uploads\/2025\/12\/2025-fordelning-salj-1024x1024.webp 1024w, https:\/\/www.niemibil.se\/wp-content\/uploads\/2025\/12\/2025-fordelning-salj-150x150.webp 150w, https:\/\/www.niemibil.se\/wp-content\/uploads\/2025\/12\/2025-fordelning-salj-768x768.webp 768w, https:\/\/www.niemibil.se\/wp-content\/uploads\/2025\/12\/2025-fordelning-salj-12x12.webp 12w\" sizes=\"auto, (max-width: 1080px) 100vw, 1080px\" \/><\/figure>\n<\/div>\n\n\n\n<div class=\"wp-block-column is-vertically-aligned-center is-layout-flow wp-block-column-is-layout-flow\">\n<div class=\"wp-block-group is-nowrap is-layout-flex wp-container-core-group-is-layout-ad2f72ca wp-block-group-is-layout-flex\">\n<div style=\"height:100px;width:20px\" aria-hidden=\"true\" class=\"wp-block-spacer wp-container-content-62aae154\"><\/div>\n\n\n\n<p class=\"has-medium-font-size\">As you can see, Swedes prefer to sell everything to car dealers. Perhaps it&#039;s due to increased activity and marketing, or perhaps it&#039;s the fast, smooth and secure transactions that attract them.<\/p>\n<\/div>\n<\/div>\n<\/div>\n\n\n\n<p>To put this into perspective, we can mention that just a few years ago, in 2017, selling your car to a car dealer was significantly less popular. At that time, half of all private individuals chose to sell to other private individuals instead. Whether this is due to increased activity and marketing from dealers, that the process has become more complicated, or that it has become more convenient to sell to companies is difficult to answer, but the truth probably lies somewhere in the middle.<\/p>\n\n\n\n<div style=\"height:100px\" aria-hidden=\"true\" class=\"wp-block-spacer\"><\/div>\n\n\n\n<figure class=\"wp-block-image size-large\"><img loading=\"lazy\" decoding=\"async\" width=\"1024\" height=\"288\" src=\"https:\/\/www.niemibil.se\/wp-content\/uploads\/2025\/12\/favoritbransle-1024x288.webp\" alt=\"\" class=\"wp-image-2636774\" srcset=\"https:\/\/www.niemibil.se\/wp-content\/uploads\/2025\/12\/favoritbransle-1024x288.webp 1024w, https:\/\/www.niemibil.se\/wp-content\/uploads\/2025\/12\/favoritbransle-300x84.webp 300w, https:\/\/www.niemibil.se\/wp-content\/uploads\/2025\/12\/favoritbransle-768x216.webp 768w, https:\/\/www.niemibil.se\/wp-content\/uploads\/2025\/12\/favoritbransle-1536x432.webp 1536w, https:\/\/www.niemibil.se\/wp-content\/uploads\/2025\/12\/favoritbransle-18x5.webp 18w, https:\/\/www.niemibil.se\/wp-content\/uploads\/2025\/12\/favoritbransle.webp 1920w\" sizes=\"auto, (max-width: 1024px) 100vw, 1024px\" \/><\/figure>\n\n\n\n<p class=\"has-medium-font-size\">Diesel, electric, petrol or something else fun. There are many ways to propel a car forward (more ways than you think, actually) but what sold best on the used market in 2025?<\/p>\n\n\n\n<div class=\"wp-block-columns is-layout-flex wp-container-core-columns-is-layout-9d6595d7 wp-block-columns-is-layout-flex\">\n<div class=\"wp-block-column is-layout-flow wp-block-column-is-layout-flow\">\n<figure class=\"wp-block-image size-full\"><img loading=\"lazy\" decoding=\"async\" width=\"1080\" height=\"1080\" src=\"https:\/\/www.niemibil.se\/wp-content\/uploads\/2025\/12\/2025-fordelning-bransle.webp\" alt=\"\" class=\"wp-image-2636711\" srcset=\"https:\/\/www.niemibil.se\/wp-content\/uploads\/2025\/12\/2025-fordelning-bransle.webp 1080w, https:\/\/www.niemibil.se\/wp-content\/uploads\/2025\/12\/2025-fordelning-bransle-300x300.webp 300w, https:\/\/www.niemibil.se\/wp-content\/uploads\/2025\/12\/2025-fordelning-bransle-1024x1024.webp 1024w, https:\/\/www.niemibil.se\/wp-content\/uploads\/2025\/12\/2025-fordelning-bransle-150x150.webp 150w, https:\/\/www.niemibil.se\/wp-content\/uploads\/2025\/12\/2025-fordelning-bransle-768x768.webp 768w, https:\/\/www.niemibil.se\/wp-content\/uploads\/2025\/12\/2025-fordelning-bransle-12x12.webp 12w\" sizes=\"auto, (max-width: 1080px) 100vw, 1080px\" \/><\/figure>\n<\/div>\n\n\n\n<div class=\"wp-block-column is-vertically-aligned-center is-layout-flow wp-block-column-is-layout-flow\">\n<div class=\"wp-block-group is-nowrap is-layout-flex wp-container-core-group-is-layout-ad2f72ca wp-block-group-is-layout-flex\">\n<div style=\"height:100px;width:20px\" aria-hidden=\"true\" class=\"wp-block-spacer wp-container-content-62aae154\"><\/div>\n\n\n\n<p class=\"has-medium-font-size\">Yes, ethanol is still being sold. Strangely enough. Also included in the graph is \u201cother\u201d of 0.02 %, so small that it is not even visible. What it is we can only speculate about\u2026 Gengas? Flint drift?<\/p>\n<\/div>\n<\/div>\n<\/div>\n\n\n\n<p>How has it changed compared to last year? <\/p>\n\n\n\n<p>Yes, gasoline is declining in popularity. <strong>from just over 30 %<\/strong> to <strong>26,7%<\/strong>, but remains the most popular fuel. <\/p>\n\n\n\n<p>Diesel has also fallen <strong>from 28 %<\/strong> to <strong>23,1 %<\/strong>. <\/p>\n\n\n\n<p>But Electric cars have sold just over 50% of the % this year, with the number going up from <strong>37,607 cars<\/strong> to the whole <strong>56 959<\/strong> <strong>cars<\/strong> during this year! A share increase of <strong>over 50 %<\/strong> thus (<strong>from 10.3 %<\/strong> last year to <strong>15,6 %<\/strong> this year).<\/p>\n\n\n\n<p>Plug-in hybrids have also increased from <strong>15,8 %<\/strong> share to <strong>18,5 %<\/strong> and electric hybrids have also increased marginally. But Ethanol has actually increased its share the most, from having sold only 1,345 ethanol-powered cars in 2024, a whopping 2,185 have been sold this year! (Okay, that sounded more impressive before I wrote it out\u2026)<\/p>\n\n\n\n<p><strong>* Bonus anecdote:<\/strong> The diesel municipality of 2025 was Sorsele! Where 61% of all used cars purchased were powered by diesel. Almost three times more than the average in Sweden!<\/p>\n\n\n\n<div style=\"height:100px\" aria-hidden=\"true\" class=\"wp-block-spacer\"><\/div>\n\n\n\n<figure class=\"wp-block-image size-large\"><img loading=\"lazy\" decoding=\"async\" width=\"1024\" height=\"288\" src=\"https:\/\/www.niemibil.se\/wp-content\/uploads\/2025\/12\/ar-vi-fargglada-1024x288.webp\" alt=\"\" class=\"wp-image-2636772\" srcset=\"https:\/\/www.niemibil.se\/wp-content\/uploads\/2025\/12\/ar-vi-fargglada-1024x288.webp 1024w, https:\/\/www.niemibil.se\/wp-content\/uploads\/2025\/12\/ar-vi-fargglada-300x84.webp 300w, https:\/\/www.niemibil.se\/wp-content\/uploads\/2025\/12\/ar-vi-fargglada-768x216.webp 768w, https:\/\/www.niemibil.se\/wp-content\/uploads\/2025\/12\/ar-vi-fargglada-1536x432.webp 1536w, https:\/\/www.niemibil.se\/wp-content\/uploads\/2025\/12\/ar-vi-fargglada-18x5.webp 18w, https:\/\/www.niemibil.se\/wp-content\/uploads\/2025\/12\/ar-vi-fargglada.webp 1920w\" sizes=\"auto, (max-width: 1024px) 100vw, 1024px\" \/><\/figure>\n\n\n\n<p class=\"has-medium-font-size\">Well\u2026 Most of the cars you see on the roads now are probably black. Or white. Or maybe gray if it&#039;s some really daring person who bought a car to stand out from the crowd. No, but kidding aside, cars of other colors have actually been sold too, here&#039;s the top list!<\/p>\n\n\n\n<p class=\"has-medium-font-size\"><strong>Place 1: White<\/strong><\/p>\n\n\n\n<figure class=\"wp-block-image size-full is-resized\"><img loading=\"lazy\" decoding=\"async\" width=\"970\" height=\"646\" src=\"https:\/\/www.niemibil.se\/wp-content\/uploads\/2025\/12\/vit3.webp\" alt=\"\" class=\"wp-image-2636720\" style=\"width:600px\" srcset=\"https:\/\/www.niemibil.se\/wp-content\/uploads\/2025\/12\/vit3.webp 970w, https:\/\/www.niemibil.se\/wp-content\/uploads\/2025\/12\/vit3-300x200.webp 300w, https:\/\/www.niemibil.se\/wp-content\/uploads\/2025\/12\/vit3-768x511.webp 768w, https:\/\/www.niemibil.se\/wp-content\/uploads\/2025\/12\/vit3-18x12.webp 18w\" sizes=\"auto, (max-width: 970px) 100vw, 970px\" \/><\/figure>\n\n\n\n<p>Yes. So the most popular color for cars this year is\u2026 no color at all? Or how does that work again, is white no color or all colors at the same time? The whole <strong>26,33 %<\/strong> of all used cars sold in 2025 were white.<\/p>\n\n\n\n<p class=\"has-medium-font-size\"><strong>Place 2: Black<\/strong><\/p>\n\n\n\n<figure class=\"wp-block-image size-large is-resized\"><img loading=\"lazy\" decoding=\"async\" width=\"1024\" height=\"685\" src=\"https:\/\/www.niemibil.se\/wp-content\/uploads\/2025\/12\/svart-1-1024x685.webp\" alt=\"\" class=\"wp-image-2636721\" style=\"width:600px\" srcset=\"https:\/\/www.niemibil.se\/wp-content\/uploads\/2025\/12\/svart-1-1024x685.webp 1024w, https:\/\/www.niemibil.se\/wp-content\/uploads\/2025\/12\/svart-1-300x201.webp 300w, https:\/\/www.niemibil.se\/wp-content\/uploads\/2025\/12\/svart-1-768x514.webp 768w, https:\/\/www.niemibil.se\/wp-content\/uploads\/2025\/12\/svart-1-1536x1028.webp 1536w, https:\/\/www.niemibil.se\/wp-content\/uploads\/2025\/12\/svart-1-18x12.webp 18w, https:\/\/www.niemibil.se\/wp-content\/uploads\/2025\/12\/svart-1.webp 1600w\" sizes=\"auto, (max-width: 1024px) 100vw, 1024px\" \/><\/figure>\n\n\n\n<p>Or is it that black isn&#039;t a color? Black can be quite stylish, but it&#039;s a bit sad that it&#039;s just become so common.<strong> 21,27 %<\/strong> of all cars sold this year were black.<\/p>\n\n\n\n<p class=\"has-medium-font-size\"><strong>Location 3: Gray<\/strong><\/p>\n\n\n\n<figure class=\"wp-block-image size-full is-resized\"><img loading=\"lazy\" decoding=\"async\" width=\"728\" height=\"485\" src=\"https:\/\/www.niemibil.se\/wp-content\/uploads\/2025\/12\/gra.webp\" alt=\"\" class=\"wp-image-2636714\" style=\"width:600px\" srcset=\"https:\/\/www.niemibil.se\/wp-content\/uploads\/2025\/12\/gra.webp 728w, https:\/\/www.niemibil.se\/wp-content\/uploads\/2025\/12\/gra-300x200.webp 300w, https:\/\/www.niemibil.se\/wp-content\/uploads\/2025\/12\/gra-18x12.webp 18w\" sizes=\"auto, (max-width: 728px) 100vw, 728px\" \/><\/figure>\n\n\n\n<p>Okay, enough with the boring colors now\u2026 <strong>19,33 %<\/strong> of the cars were gray. Maybe the next color will be a color anyway?<\/p>\n\n\n\n<p class=\"has-medium-font-size\"><strong>Place 4: Silver<\/strong><\/p>\n\n\n\n<figure class=\"wp-block-image size-large is-resized\"><img loading=\"lazy\" decoding=\"async\" width=\"1024\" height=\"678\" src=\"https:\/\/www.niemibil.se\/wp-content\/uploads\/2025\/12\/silver-1024x678.webp\" alt=\"\" class=\"wp-image-2636716\" style=\"width:600px\" srcset=\"https:\/\/www.niemibil.se\/wp-content\/uploads\/2025\/12\/silver-1024x678.webp 1024w, https:\/\/www.niemibil.se\/wp-content\/uploads\/2025\/12\/silver-300x199.webp 300w, https:\/\/www.niemibil.se\/wp-content\/uploads\/2025\/12\/silver-768x509.webp 768w, https:\/\/www.niemibil.se\/wp-content\/uploads\/2025\/12\/silver-1536x1018.webp 1536w, https:\/\/www.niemibil.se\/wp-content\/uploads\/2025\/12\/silver-18x12.webp 18w, https:\/\/www.niemibil.se\/wp-content\/uploads\/2025\/12\/silver.webp 2000w\" sizes=\"auto, (max-width: 1024px) 100vw, 1024px\" \/><\/figure>\n\n\n\n<p>I don&#039;t know what I expected... <strong>6,97 %<\/strong><\/p>\n\n\n\n<p class=\"has-medium-font-size\"><strong>Place 5: Blue<\/strong><\/p>\n\n\n\n<figure class=\"wp-block-image size-full is-resized\"><img loading=\"lazy\" decoding=\"async\" width=\"970\" height=\"646\" src=\"https:\/\/www.niemibil.se\/wp-content\/uploads\/2025\/12\/bla.webp\" alt=\"\" class=\"wp-image-2636713\" style=\"width:600px\" srcset=\"https:\/\/www.niemibil.se\/wp-content\/uploads\/2025\/12\/bla.webp 970w, https:\/\/www.niemibil.se\/wp-content\/uploads\/2025\/12\/bla-300x200.webp 300w, https:\/\/www.niemibil.se\/wp-content\/uploads\/2025\/12\/bla-768x511.webp 768w, https:\/\/www.niemibil.se\/wp-content\/uploads\/2025\/12\/bla-18x12.webp 18w\" sizes=\"auto, (max-width: 970px) 100vw, 970px\" \/><\/figure>\n\n\n\n<p>A color!? A real color! Finally! The sea, the sky, and <strong>6,06 %<\/strong> of all used cars sold in Sweden in 2025.<\/p>\n\n\n\n<p><strong>Bonus! Place 6: Red<\/strong><\/p>\n\n\n\n<figure class=\"wp-block-image size-full is-resized\"><img loading=\"lazy\" decoding=\"async\" width=\"2048\" height=\"1183\" src=\"https:\/\/www.niemibil.se\/wp-content\/uploads\/2025\/12\/rod2.webp\" alt=\"\" class=\"wp-image-2636724\" style=\"width:600px\" srcset=\"https:\/\/www.niemibil.se\/wp-content\/uploads\/2025\/12\/rod2.webp 2048w, https:\/\/www.niemibil.se\/wp-content\/uploads\/2025\/12\/rod2-300x173.webp 300w, https:\/\/www.niemibil.se\/wp-content\/uploads\/2025\/12\/rod2-1024x592.webp 1024w, https:\/\/www.niemibil.se\/wp-content\/uploads\/2025\/12\/rod2-768x444.webp 768w, https:\/\/www.niemibil.se\/wp-content\/uploads\/2025\/12\/rod2-1536x887.webp 1536w, https:\/\/www.niemibil.se\/wp-content\/uploads\/2025\/12\/rod2-18x10.webp 18w\" sizes=\"auto, (max-width: 2048px) 100vw, 2048px\" \/><\/figure>\n\n\n\n<p>Yes, I threw in another spot on the list to add a little more color. Red cars accounted for 6 percent of all used car sales, just as much as blue cars. It&#039;s only right that they make the list!<\/p>\n\n\n\n<div style=\"height:100px\" aria-hidden=\"true\" class=\"wp-block-spacer\"><\/div>\n\n\n\n<figure class=\"wp-block-image size-large\"><img loading=\"lazy\" decoding=\"async\" width=\"1024\" height=\"288\" src=\"https:\/\/www.niemibil.se\/wp-content\/uploads\/2025\/12\/gul-bil-1024x288.webp\" alt=\"\" class=\"wp-image-2636776\" srcset=\"https:\/\/www.niemibil.se\/wp-content\/uploads\/2025\/12\/gul-bil-1024x288.webp 1024w, https:\/\/www.niemibil.se\/wp-content\/uploads\/2025\/12\/gul-bil-300x84.webp 300w, https:\/\/www.niemibil.se\/wp-content\/uploads\/2025\/12\/gul-bil-768x216.webp 768w, https:\/\/www.niemibil.se\/wp-content\/uploads\/2025\/12\/gul-bil-1536x432.webp 1536w, https:\/\/www.niemibil.se\/wp-content\/uploads\/2025\/12\/gul-bil-18x5.webp 18w, https:\/\/www.niemibil.se\/wp-content\/uploads\/2025\/12\/gul-bil.webp 1920w\" sizes=\"auto, (max-width: 1024px) 100vw, 1024px\" \/><\/figure>\n\n\n\n<p class=\"has-medium-font-size\">Okay, let&#039;s throw in some more color! Do you remember the game we played on the school bus? &quot;Yellow car!&quot; someone shouted, and then you had a bruise on your shoulder... Violent times! Below you can see in which municipalities in Sweden the young people probably have the biggest problem with this, because the next list is about which municipality the highest proportion of yellow used cars have been sold in during 2025!<\/p>\n\n\n<div class=\"wp-block-image\">\n<figure class=\"aligncenter size-full is-resized\"><img loading=\"lazy\" decoding=\"async\" width=\"728\" height=\"481\" src=\"https:\/\/www.niemibil.se\/wp-content\/uploads\/2025\/12\/gul.webp\" alt=\"\" class=\"wp-image-2636726\" style=\"width:400px\" srcset=\"https:\/\/www.niemibil.se\/wp-content\/uploads\/2025\/12\/gul.webp 728w, https:\/\/www.niemibil.se\/wp-content\/uploads\/2025\/12\/gul-300x198.webp 300w, https:\/\/www.niemibil.se\/wp-content\/uploads\/2025\/12\/gul-18x12.webp 18w\" sizes=\"auto, (max-width: 728px) 100vw, 728px\" \/><\/figure>\n<\/div>\n\n\n<p><strong>Top 10 municipalities with the highest proportion of yellow cars<\/strong> (of all used cars sold in 2025)<\/p>\n\n\n\n<figure class=\"wp-block-table\"><table class=\"has-fixed-layout\"><thead><tr><th class=\"has-text-align-center\" data-align=\"center\">Municipality<\/th><th class=\"has-text-align-center\" data-align=\"center\">Percentage of yellow cars<\/th><th class=\"has-text-align-center\" data-align=\"center\">Number of yellow cars<\/th><\/tr><\/thead><tbody><tr><td class=\"has-text-align-center\" data-align=\"center\"><strong>Asele<\/strong>*<\/td><td class=\"has-text-align-center\" data-align=\"center\">1,61 %<\/td><td class=\"has-text-align-center\" data-align=\"center\">1 pc<\/td><\/tr><tr><td class=\"has-text-align-center\" data-align=\"center\"><strong>Tors\u00e5s<\/strong><\/td><td class=\"has-text-align-center\" data-align=\"center\">1,25 %<\/td><td class=\"has-text-align-center\" data-align=\"center\">3 pcs<\/td><\/tr><tr><td class=\"has-text-align-center\" data-align=\"center\"><strong>Alvsbyn<\/strong><\/td><td class=\"has-text-align-center\" data-align=\"center\">1,21 %<\/td><td class=\"has-text-align-center\" data-align=\"center\">3<\/td><\/tr><tr><td class=\"has-text-align-center\" data-align=\"center\"><strong>Malung-Seal<\/strong><\/td><td class=\"has-text-align-center\" data-align=\"center\">1,18 %<\/td><td class=\"has-text-align-center\" data-align=\"center\">4<\/td><\/tr><tr><td class=\"has-text-align-center\" data-align=\"center\"><strong>Vineyards<\/strong><\/td><td class=\"has-text-align-center\" data-align=\"center\">1,12 %<\/td><td class=\"has-text-align-center\" data-align=\"center\">3<\/td><\/tr><tr><td class=\"has-text-align-center\" data-align=\"center\"><strong>Gotland<\/strong>**<\/td><td class=\"has-text-align-center\" data-align=\"center\">0,98 %<\/td><td class=\"has-text-align-center\" data-align=\"center\">15<\/td><\/tr><tr><td class=\"has-text-align-center\" data-align=\"center\"><strong>Haparanda<\/strong><\/td><td class=\"has-text-align-center\" data-align=\"center\">0,86 %<\/td><td class=\"has-text-align-center\" data-align=\"center\">2<\/td><\/tr><tr><td class=\"has-text-align-center\" data-align=\"center\"><strong>Kalix<\/strong><\/td><td class=\"has-text-align-center\" data-align=\"center\">0,85 %<\/td><td class=\"has-text-align-center\" data-align=\"center\">5<\/td><\/tr><tr><td class=\"has-text-align-center\" data-align=\"center\"><strong>Swallow&#039;s Nest<\/strong><\/td><td class=\"has-text-align-center\" data-align=\"center\">0,84 %<\/td><td class=\"has-text-align-center\" data-align=\"center\">5<\/td><\/tr><tr><td class=\"has-text-align-center\" data-align=\"center\"><strong>Harnosand<\/strong><\/td><td class=\"has-text-align-center\" data-align=\"center\">0,82 %<\/td><td class=\"has-text-align-center\" data-align=\"center\">7<\/td><\/tr><\/tbody><\/table><\/figure>\n\n\n\n<p>* Yes, we know, \u00c5sele is small, so a single yellow car is enough for first place, it&#039;s the proportion that counts here!<\/p>\n\n\n\n<p>** Summer vacation tip: Gotland! Teach your children the &quot;Yellow Car Game&quot;<\/p>\n\n\n\n<div style=\"height:100px\" aria-hidden=\"true\" class=\"wp-block-spacer\"><\/div>\n\n\n\n<figure class=\"wp-block-image size-large\"><img loading=\"lazy\" decoding=\"async\" width=\"1024\" height=\"288\" src=\"https:\/\/www.niemibil.se\/wp-content\/uploads\/2025\/12\/raketerna-1024x288.webp\" alt=\"\" class=\"wp-image-2636770\" srcset=\"https:\/\/www.niemibil.se\/wp-content\/uploads\/2025\/12\/raketerna-1024x288.webp 1024w, https:\/\/www.niemibil.se\/wp-content\/uploads\/2025\/12\/raketerna-300x84.webp 300w, https:\/\/www.niemibil.se\/wp-content\/uploads\/2025\/12\/raketerna-768x216.webp 768w, https:\/\/www.niemibil.se\/wp-content\/uploads\/2025\/12\/raketerna-1536x432.webp 1536w, https:\/\/www.niemibil.se\/wp-content\/uploads\/2025\/12\/raketerna-18x5.webp 18w, https:\/\/www.niemibil.se\/wp-content\/uploads\/2025\/12\/raketerna.webp 1920w\" sizes=\"auto, (max-width: 1024px) 100vw, 1024px\" \/><\/figure>\n\n\n\n<p>Has your favorite car increased in popularity and skyrocketed like a rocket? Or has it behaved more like a time bomb? Well, we&#039;ve certainly looked to the sky to see which car models have increased the most in popularity on the used market over the past year! We compare how many cars of each model were purchased in 2024.<\/p>\n\n\n\n<div class=\"wp-block-columns is-layout-flex wp-container-core-columns-is-layout-9d6595d7 wp-block-columns-is-layout-flex\">\n<div class=\"wp-block-column is-layout-flow wp-block-column-is-layout-flow\">\n<figure class=\"wp-block-image size-full\"><img loading=\"lazy\" decoding=\"async\" width=\"2560\" height=\"1484\" src=\"https:\/\/www.niemibil.se\/wp-content\/uploads\/2025\/12\/kia-ev9.webp\" alt=\"\" class=\"wp-image-2636779\" srcset=\"https:\/\/www.niemibil.se\/wp-content\/uploads\/2025\/12\/kia-ev9.webp 2560w, https:\/\/www.niemibil.se\/wp-content\/uploads\/2025\/12\/kia-ev9-300x174.webp 300w, https:\/\/www.niemibil.se\/wp-content\/uploads\/2025\/12\/kia-ev9-1024x594.webp 1024w, https:\/\/www.niemibil.se\/wp-content\/uploads\/2025\/12\/kia-ev9-768x445.webp 768w, https:\/\/www.niemibil.se\/wp-content\/uploads\/2025\/12\/kia-ev9-1536x890.webp 1536w, https:\/\/www.niemibil.se\/wp-content\/uploads\/2025\/12\/kia-ev9-2048x1187.webp 2048w, https:\/\/www.niemibil.se\/wp-content\/uploads\/2025\/12\/kia-ev9-18x10.webp 18w\" sizes=\"auto, (max-width: 2560px) 100vw, 2560px\" \/><\/figure>\n<\/div>\n\n\n\n<div class=\"wp-block-column is-vertically-aligned-center is-layout-flow wp-block-column-is-layout-flow\">\n<div class=\"wp-block-group is-nowrap is-layout-flex wp-container-core-group-is-layout-ad2f72ca wp-block-group-is-layout-flex\">\n<div style=\"height:100px;width:20px\" aria-hidden=\"true\" class=\"wp-block-spacer wp-container-content-62aae154\"><\/div>\n\n\n\n<p class=\"has-medium-font-size\"><strong>Place 5: Kia EV9<\/strong><br><br>With a bang, Kia&#039;s big EV9 entered the used market a year ago, and it&#039;s been going uphill ever since!<br><br><strong>Increase: 384.78 %<\/strong><br><\/p>\n<\/div>\n<\/div>\n<\/div>\n\n\n\n<div class=\"wp-block-columns is-layout-flex wp-container-core-columns-is-layout-9d6595d7 wp-block-columns-is-layout-flex\">\n<div class=\"wp-block-column is-layout-flow wp-block-column-is-layout-flow\">\n<figure class=\"wp-block-image size-full\"><img loading=\"lazy\" decoding=\"async\" width=\"2560\" height=\"1478\" src=\"https:\/\/www.niemibil.se\/wp-content\/uploads\/2025\/12\/mg-marvel.webp\" alt=\"\" class=\"wp-image-2636782\" srcset=\"https:\/\/www.niemibil.se\/wp-content\/uploads\/2025\/12\/mg-marvel.webp 2560w, https:\/\/www.niemibil.se\/wp-content\/uploads\/2025\/12\/mg-marvel-300x173.webp 300w, https:\/\/www.niemibil.se\/wp-content\/uploads\/2025\/12\/mg-marvel-1024x591.webp 1024w, https:\/\/www.niemibil.se\/wp-content\/uploads\/2025\/12\/mg-marvel-768x443.webp 768w, https:\/\/www.niemibil.se\/wp-content\/uploads\/2025\/12\/mg-marvel-1536x887.webp 1536w, https:\/\/www.niemibil.se\/wp-content\/uploads\/2025\/12\/mg-marvel-2048x1182.webp 2048w, https:\/\/www.niemibil.se\/wp-content\/uploads\/2025\/12\/mg-marvel-18x10.webp 18w\" sizes=\"auto, (max-width: 2560px) 100vw, 2560px\" \/><\/figure>\n<\/div>\n\n\n\n<div class=\"wp-block-column is-vertically-aligned-center is-layout-flow wp-block-column-is-layout-flow\">\n<div class=\"wp-block-group is-nowrap is-layout-flex wp-container-core-group-is-layout-ad2f72ca wp-block-group-is-layout-flex\">\n<div style=\"height:100px;width:20px\" aria-hidden=\"true\" class=\"wp-block-spacer wp-container-content-62aae154\"><\/div>\n\n\n\n<p class=\"has-medium-font-size\"><strong>Place 4: MG Marvel<\/strong><br><br>MG&#039;s focus on increasing the premium feel resulted in the MG Marvel, which is no longer sold as a new car, but is popular as a used car!<br><br><strong>Increase: 408.76 %<\/strong><br><\/p>\n<\/div>\n<\/div>\n<\/div>\n\n\n\n<div class=\"wp-block-columns is-layout-flex wp-container-core-columns-is-layout-9d6595d7 wp-block-columns-is-layout-flex\">\n<div class=\"wp-block-column is-layout-flow wp-block-column-is-layout-flow\">\n<figure class=\"wp-block-image size-full is-resized\"><img loading=\"lazy\" decoding=\"async\" width=\"297\" height=\"169\" src=\"https:\/\/www.niemibil.se\/wp-content\/uploads\/2025\/12\/mg5.webp\" alt=\"\" class=\"wp-image-2636783\" style=\"width:416px;height:auto\" srcset=\"https:\/\/www.niemibil.se\/wp-content\/uploads\/2025\/12\/mg5.webp 297w, https:\/\/www.niemibil.se\/wp-content\/uploads\/2025\/12\/mg5-18x10.webp 18w\" sizes=\"auto, (max-width: 297px) 100vw, 297px\" \/><\/figure>\n<\/div>\n\n\n\n<div class=\"wp-block-column is-vertically-aligned-center is-layout-flow wp-block-column-is-layout-flow\">\n<div class=\"wp-block-group is-nowrap is-layout-flex wp-container-core-group-is-layout-ad2f72ca wp-block-group-is-layout-flex\">\n<div style=\"height:100px;width:20px\" aria-hidden=\"true\" class=\"wp-block-spacer wp-container-content-62aae154\"><\/div>\n\n\n\n<p class=\"has-medium-font-size\"><strong>Place 3: MG5<\/strong><br><br>More MG models have increased in popularity, even their more traditional station wagons have skyrocketed!<br><br><strong>Increase: 505.07 %<\/strong><br><\/p>\n<\/div>\n<\/div>\n<\/div>\n\n\n\n<div class=\"wp-block-columns is-layout-flex wp-container-core-columns-is-layout-9d6595d7 wp-block-columns-is-layout-flex\">\n<div class=\"wp-block-column is-layout-flow wp-block-column-is-layout-flow\">\n<figure class=\"wp-block-image size-full is-resized\"><img loading=\"lazy\" decoding=\"async\" width=\"2560\" height=\"1471\" src=\"https:\/\/www.niemibil.se\/wp-content\/uploads\/2025\/12\/Volvo_EX30_IMG_8923.webp\" alt=\"\" class=\"wp-image-2636787\" style=\"width:416px;height:auto\" srcset=\"https:\/\/www.niemibil.se\/wp-content\/uploads\/2025\/12\/Volvo_EX30_IMG_8923.webp 2560w, https:\/\/www.niemibil.se\/wp-content\/uploads\/2025\/12\/Volvo_EX30_IMG_8923-300x172.webp 300w, https:\/\/www.niemibil.se\/wp-content\/uploads\/2025\/12\/Volvo_EX30_IMG_8923-1024x588.webp 1024w, https:\/\/www.niemibil.se\/wp-content\/uploads\/2025\/12\/Volvo_EX30_IMG_8923-768x441.webp 768w, https:\/\/www.niemibil.se\/wp-content\/uploads\/2025\/12\/Volvo_EX30_IMG_8923-1536x883.webp 1536w, https:\/\/www.niemibil.se\/wp-content\/uploads\/2025\/12\/Volvo_EX30_IMG_8923-2048x1177.webp 2048w, https:\/\/www.niemibil.se\/wp-content\/uploads\/2025\/12\/Volvo_EX30_IMG_8923-18x10.webp 18w\" sizes=\"auto, (max-width: 2560px) 100vw, 2560px\" \/><\/figure>\n<\/div>\n\n\n\n<div class=\"wp-block-column is-vertically-aligned-center is-layout-flow wp-block-column-is-layout-flow\">\n<div class=\"wp-block-group is-nowrap is-layout-flex wp-container-core-group-is-layout-ad2f72ca wp-block-group-is-layout-flex\">\n<div style=\"height:100px;width:20px\" aria-hidden=\"true\" class=\"wp-block-spacer wp-container-content-62aae154\"><\/div>\n\n\n\n<p class=\"has-medium-font-size\"><strong>Place 2: Volvo EX30<\/strong><br><br>Of course, a Volvo has also found its way onto this list, this time it is their smallest, fully electric SUV that has increased the most!<br><br><strong>Increase: 756.52 %<\/strong><br><\/p>\n<\/div>\n<\/div>\n<\/div>\n\n\n\n<div class=\"wp-block-columns is-layout-flex wp-container-core-columns-is-layout-9d6595d7 wp-block-columns-is-layout-flex\">\n<div class=\"wp-block-column is-layout-flow wp-block-column-is-layout-flow\">\n<figure class=\"wp-block-image size-full is-resized\"><img loading=\"lazy\" decoding=\"async\" width=\"2560\" height=\"1440\" src=\"https:\/\/www.niemibil.se\/wp-content\/uploads\/2025\/12\/2023_Volkswagen_ID.7_Pro_S_Tourer_front.webp\" alt=\"\" class=\"wp-image-2636788\" style=\"width:416px;height:auto\" srcset=\"https:\/\/www.niemibil.se\/wp-content\/uploads\/2025\/12\/2023_Volkswagen_ID.7_Pro_S_Tourer_front.webp 2560w, https:\/\/www.niemibil.se\/wp-content\/uploads\/2025\/12\/2023_Volkswagen_ID.7_Pro_S_Tourer_front-300x169.webp 300w, https:\/\/www.niemibil.se\/wp-content\/uploads\/2025\/12\/2023_Volkswagen_ID.7_Pro_S_Tourer_front-1024x576.webp 1024w, https:\/\/www.niemibil.se\/wp-content\/uploads\/2025\/12\/2023_Volkswagen_ID.7_Pro_S_Tourer_front-768x432.webp 768w, https:\/\/www.niemibil.se\/wp-content\/uploads\/2025\/12\/2023_Volkswagen_ID.7_Pro_S_Tourer_front-1536x864.webp 1536w, https:\/\/www.niemibil.se\/wp-content\/uploads\/2025\/12\/2023_Volkswagen_ID.7_Pro_S_Tourer_front-2048x1152.webp 2048w, https:\/\/www.niemibil.se\/wp-content\/uploads\/2025\/12\/2023_Volkswagen_ID.7_Pro_S_Tourer_front-18x10.webp 18w\" sizes=\"auto, (max-width: 2560px) 100vw, 2560px\" \/><\/figure>\n<\/div>\n\n\n\n<div class=\"wp-block-column is-vertically-aligned-center is-layout-flow wp-block-column-is-layout-flow\">\n<div class=\"wp-block-group is-nowrap is-layout-flex wp-container-core-group-is-layout-ad2f72ca wp-block-group-is-layout-flex\">\n<div style=\"height:100px;width:20px\" aria-hidden=\"true\" class=\"wp-block-spacer wp-container-content-62aae154\"><\/div>\n\n\n\n<p class=\"has-medium-font-size\"><strong>Place 1: Volkswagen ID.7<\/strong><br><br>Here it is! This year&#039;s New Year&#039;s rocket comes from Germany, and is basically an electric Passat, so it&#039;s no wonder it&#039;s so popular!<br><br><strong>Increase: 1,352.63 %<\/strong><br><\/p>\n<\/div>\n<\/div>\n<\/div>\n\n\n\n<p>It should be said that many of this year&#039;s rockets are car models that were launched just a few years ago, and thus only this year have had their first, real chance to break into the used market. But how they have done it! Have you yourself contributed to the statistics and been one of those who bought one of these models used? Or are you perhaps planning to do so in 2026? <\/p>\n\n\n\n<div style=\"height:100px\" aria-hidden=\"true\" class=\"wp-block-spacer\"><\/div>\n\n\n\n<figure class=\"wp-block-image size-large\"><img loading=\"lazy\" decoding=\"async\" width=\"1024\" height=\"288\" src=\"https:\/\/www.niemibil.se\/wp-content\/uploads\/2025\/12\/bilbytarkommunen-1024x288.webp\" alt=\"\" class=\"wp-image-2636773\" srcset=\"https:\/\/www.niemibil.se\/wp-content\/uploads\/2025\/12\/bilbytarkommunen-1024x288.webp 1024w, https:\/\/www.niemibil.se\/wp-content\/uploads\/2025\/12\/bilbytarkommunen-300x84.webp 300w, https:\/\/www.niemibil.se\/wp-content\/uploads\/2025\/12\/bilbytarkommunen-768x216.webp 768w, https:\/\/www.niemibil.se\/wp-content\/uploads\/2025\/12\/bilbytarkommunen-1536x432.webp 1536w, https:\/\/www.niemibil.se\/wp-content\/uploads\/2025\/12\/bilbytarkommunen-18x5.webp 18w, https:\/\/www.niemibil.se\/wp-content\/uploads\/2025\/12\/bilbytarkommunen.webp 1920w\" sizes=\"auto, (max-width: 1024px) 100vw, 1024px\" \/><\/figure>\n\n\n\n<p>Where you live obviously has a big impact on what car you buy, but does it also play a role in how often you change cars? Here we have compiled some facts about what proportion of the population in the municipality bought a new used car during the year, and found which were Sweden&#039;s most eager municipalities to buy in 2025!<\/p>\n\n\n\n<div style=\"height:50px\" aria-hidden=\"true\" class=\"wp-block-spacer\"><\/div>\n\n\n\n<figure class=\"wp-block-table\"><table class=\"has-fixed-layout\"><thead><tr><th class=\"has-text-align-center\" data-align=\"center\">Municipality<\/th><th class=\"has-text-align-center\" data-align=\"center\">Percentage who bought a car<\/th><th class=\"has-text-align-center\" data-align=\"center\">Number of cars purchased<\/th><\/tr><\/thead><tbody><tr><td class=\"has-text-align-center\" data-align=\"center\"><strong>Solna<\/strong><\/td><td class=\"has-text-align-center\" data-align=\"center\">8,58 %<\/td><td class=\"has-text-align-center\" data-align=\"center\">7,420 pcs<\/td><\/tr><tr><td class=\"has-text-align-center\" data-align=\"center\"><strong>Skurup<\/strong><\/td><td class=\"has-text-align-center\" data-align=\"center\">5,38 %<\/td><td class=\"has-text-align-center\" data-align=\"center\">923 pcs<\/td><\/tr><tr><td class=\"has-text-align-center\" data-align=\"center\"><strong>New mill<\/strong><\/td><td class=\"has-text-align-center\" data-align=\"center\">5,06 %<\/td><td class=\"has-text-align-center\" data-align=\"center\">627 pcs<\/td><\/tr><tr><td class=\"has-text-align-center\" data-align=\"center\"><strong>Forshaga<\/strong><\/td><td class=\"has-text-align-center\" data-align=\"center\">4,82 %<\/td><td class=\"has-text-align-center\" data-align=\"center\">552 pcs<\/td><\/tr><tr><td class=\"has-text-align-center\" data-align=\"center\"><strong>Grastorp<\/strong><\/td><td class=\"has-text-align-center\" data-align=\"center\">4,69 %<\/td><td class=\"has-text-align-center\" data-align=\"center\">262 pcs<\/td><\/tr><tr><td class=\"has-text-align-center\" data-align=\"center\"><strong>Panties<\/strong><\/td><td class=\"has-text-align-center\" data-align=\"center\">4,64 %<\/td><td class=\"has-text-align-center\" data-align=\"center\">692 pcs<\/td><\/tr><tr><td class=\"has-text-align-center\" data-align=\"center\"><strong>Ljungby<\/strong><\/td><td class=\"has-text-align-center\" data-align=\"center\">4,52 %<\/td><td class=\"has-text-align-center\" data-align=\"center\">1,275 pcs<\/td><\/tr><tr><td class=\"has-text-align-center\" data-align=\"center\"><strong>Vaggeryd<\/strong><\/td><td class=\"has-text-align-center\" data-align=\"center\">4,46 %<\/td><td class=\"has-text-align-center\" data-align=\"center\">665 pcs<\/td><\/tr><tr><td class=\"has-text-align-center\" data-align=\"center\"><strong>Bollebygd<\/strong><\/td><td class=\"has-text-align-center\" data-align=\"center\">4,44 %<\/td><td class=\"has-text-align-center\" data-align=\"center\">434 pcs<\/td><\/tr><tr><td class=\"has-text-align-center\" data-align=\"center\"><strong>Str\u00e4ngn\u00e4s<\/strong><\/td><td class=\"has-text-align-center\" data-align=\"center\">4,44 %<\/td><td class=\"has-text-align-center\" data-align=\"center\">1,748 pcs<\/td><\/tr><\/tbody><\/table><\/figure>\n\n\n\n<p>Congratulations Solna, we say! You were the municipality most eager to change cars in the country! <\/p>\n\n\n\n<p>As a counterpoint, we can mention Sorsele in V\u00e4sterbotten, where only 2.08% of all residents bought a used car during the year. That&#039;s a solid 49 cars if you add that up.<\/p>\n\n\n\n<p>The second least eager to buy were actually the people of Stockholm, where only 2.18% of all people living in the royal capital made the effort to buy a new car!<\/p>\n\n\n\n<div style=\"height:100px\" aria-hidden=\"true\" class=\"wp-block-spacer\"><\/div>\n\n\n\n<figure class=\"wp-block-image size-large\"><img loading=\"lazy\" decoding=\"async\" width=\"1024\" height=\"288\" src=\"https:\/\/www.niemibil.se\/wp-content\/uploads\/2025\/12\/elbilskommun-1024x288.webp\" alt=\"\" class=\"wp-image-2636832\" srcset=\"https:\/\/www.niemibil.se\/wp-content\/uploads\/2025\/12\/elbilskommun-1024x288.webp 1024w, https:\/\/www.niemibil.se\/wp-content\/uploads\/2025\/12\/elbilskommun-300x84.webp 300w, https:\/\/www.niemibil.se\/wp-content\/uploads\/2025\/12\/elbilskommun-768x216.webp 768w, https:\/\/www.niemibil.se\/wp-content\/uploads\/2025\/12\/elbilskommun-1536x432.webp 1536w, https:\/\/www.niemibil.se\/wp-content\/uploads\/2025\/12\/elbilskommun-18x5.webp 18w, https:\/\/www.niemibil.se\/wp-content\/uploads\/2025\/12\/elbilskommun.webp 1920w\" sizes=\"auto, (max-width: 1024px) 100vw, 1024px\" \/><\/figure>\n\n\n\n<p>The electric car is an unreasonably hotly debated topic. Is it better than cars with a combustion engine, or is it worse? Or are there basically only two ways to propel a car forward, and which fuel is best depends on who will own the car? Yes, in any case, the electric car is more popular in some places and less popular in others. <\/p>\n\n\n\n<p>What percentage of all used cars purchased were electric, and which municipality had the highest average? We&#039;ll take a look here!<\/p>\n\n\n\n<figure class=\"wp-block-table\"><table class=\"has-fixed-layout\"><thead><tr><th class=\"has-text-align-center\" data-align=\"center\">Municipality<\/th><th class=\"has-text-align-center\" data-align=\"center\">Share of electric cars<\/th><th class=\"has-text-align-center\" data-align=\"center\">Number of electric cars purchased<\/th><\/tr><\/thead><tbody><tr><td class=\"has-text-align-center\" data-align=\"center\"><strong>Pocket<\/strong><\/td><td class=\"has-text-align-center\" data-align=\"center\">28,66 %<\/td><td class=\"has-text-align-center\" data-align=\"center\">239 pcs<\/td><\/tr><tr><td class=\"has-text-align-center\" data-align=\"center\"><strong>H\u00e4rryda<\/strong><\/td><td class=\"has-text-align-center\" data-align=\"center\">26,12 %<\/td><td class=\"has-text-align-center\" data-align=\"center\">407 pcs<\/td><\/tr><tr><td class=\"has-text-align-center\" data-align=\"center\"><strong>Vellinge<\/strong><\/td><td class=\"has-text-align-center\" data-align=\"center\">25,47 %<\/td><td class=\"has-text-align-center\" data-align=\"center\">392 pcs<\/td><\/tr><tr><td class=\"has-text-align-center\" data-align=\"center\"><strong>Clay room<\/strong><\/td><td class=\"has-text-align-center\" data-align=\"center\">25,31 %<\/td><td class=\"has-text-align-center\" data-align=\"center\">444 pcs<\/td><\/tr><tr><td class=\"has-text-align-center\" data-align=\"center\"><strong>Kungsbacka<\/strong><\/td><td class=\"has-text-align-center\" data-align=\"center\">24,80 %<\/td><td class=\"has-text-align-center\" data-align=\"center\">909 pcs<\/td><\/tr><tr><td class=\"has-text-align-center\" data-align=\"center\"><strong>Nacka<\/strong><\/td><td class=\"has-text-align-center\" data-align=\"center\">24,49 %<\/td><td class=\"has-text-align-center\" data-align=\"center\">857 pcs<\/td><\/tr><tr><td class=\"has-text-align-center\" data-align=\"center\"><strong>K\u00e4vlinge<\/strong><\/td><td class=\"has-text-align-center\" data-align=\"center\">24,46 %<\/td><td class=\"has-text-align-center\" data-align=\"center\">319 pcs<\/td><\/tr><tr><td class=\"has-text-align-center\" data-align=\"center\"><strong>Danderyd<\/strong><\/td><td class=\"has-text-align-center\" data-align=\"center\">24,37 %<\/td><td class=\"has-text-align-center\" data-align=\"center\">261 pcs<\/td><\/tr><tr><td class=\"has-text-align-center\" data-align=\"center\"><strong>Solna<\/strong><\/td><td class=\"has-text-align-center\" data-align=\"center\">23,37 %<\/td><td class=\"has-text-align-center\" data-align=\"center\">1,734 pcs<\/td><\/tr><tr><td class=\"has-text-align-center\" data-align=\"center\"><strong>Stenungsund<\/strong><\/td><td class=\"has-text-align-center\" data-align=\"center\">23,05 %<\/td><td class=\"has-text-align-center\" data-align=\"center\">272 pcs<\/td><\/tr><\/tbody><\/table><\/figure>\n\n\n\n<p>Solna is also on this list, so is it the car municipality of the year 2025? Yes, maybe. The west coast is doing really well on the electric car front, and it remains to be determined whether the west coast is the best coast when it comes to electric cars overall. But we&#039;ll let someone else do that.<\/p>\n\n\n\n<p>In which municipality was the proportion of electric car purchases lowest then?<\/p>\n\n\n\n<p>Yes it was <strong>Upper calyx<\/strong>, where it was purchased\u2026<strong> not a single used electric car<\/strong> in the whole year? It stands out. The other 289 municipalities in Sweden bought some electric cars! It is also impressive in its own way.<\/p>\n\n\n\n<div style=\"height:100px\" aria-hidden=\"true\" class=\"wp-block-spacer\"><\/div>\n\n\n\n<figure class=\"wp-block-image size-large\"><img loading=\"lazy\" decoding=\"async\" width=\"1024\" height=\"288\" src=\"https:\/\/www.niemibil.se\/wp-content\/uploads\/2025\/12\/popularaste-market-1024x288.webp\" alt=\"\" class=\"wp-image-2636771\" srcset=\"https:\/\/www.niemibil.se\/wp-content\/uploads\/2025\/12\/popularaste-market-1024x288.webp 1024w, https:\/\/www.niemibil.se\/wp-content\/uploads\/2025\/12\/popularaste-market-300x84.webp 300w, https:\/\/www.niemibil.se\/wp-content\/uploads\/2025\/12\/popularaste-market-768x216.webp 768w, https:\/\/www.niemibil.se\/wp-content\/uploads\/2025\/12\/popularaste-market-1536x432.webp 1536w, https:\/\/www.niemibil.se\/wp-content\/uploads\/2025\/12\/popularaste-market-18x5.webp 18w, https:\/\/www.niemibil.se\/wp-content\/uploads\/2025\/12\/popularaste-market.webp 1920w\" sizes=\"auto, (max-width: 1024px) 100vw, 1024px\" \/><\/figure>\n\n\n\n<p>Now we&#039;re getting to the really interesting points! Which was actually the most popular car manufacturer? Which car brand is closest to the heart of the Swede? Here&#039;s the list: Top 5 best-selling car brands in 2025, stay tuned!<\/p>\n\n\n\n<div class=\"wp-block-columns is-layout-flex wp-container-core-columns-is-layout-9d6595d7 wp-block-columns-is-layout-flex\">\n<div class=\"wp-block-column is-layout-flow wp-block-column-is-layout-flow\">\n<figure class=\"wp-block-image size-full is-resized\"><img loading=\"lazy\" decoding=\"async\" width=\"2560\" height=\"1422\" src=\"https:\/\/www.niemibil.se\/wp-content\/uploads\/2025\/12\/bmw.webp\" alt=\"\" class=\"wp-image-2636790\" style=\"width:416px;height:auto\" srcset=\"https:\/\/www.niemibil.se\/wp-content\/uploads\/2025\/12\/bmw.webp 2560w, https:\/\/www.niemibil.se\/wp-content\/uploads\/2025\/12\/bmw-300x167.webp 300w, https:\/\/www.niemibil.se\/wp-content\/uploads\/2025\/12\/bmw-1024x569.webp 1024w, https:\/\/www.niemibil.se\/wp-content\/uploads\/2025\/12\/bmw-768x427.webp 768w, https:\/\/www.niemibil.se\/wp-content\/uploads\/2025\/12\/bmw-1536x853.webp 1536w, https:\/\/www.niemibil.se\/wp-content\/uploads\/2025\/12\/bmw-2048x1138.webp 2048w, https:\/\/www.niemibil.se\/wp-content\/uploads\/2025\/12\/bmw-18x10.webp 18w\" sizes=\"auto, (max-width: 2560px) 100vw, 2560px\" \/><\/figure>\n<\/div>\n\n\n\n<div class=\"wp-block-column is-vertically-aligned-center is-layout-flow wp-block-column-is-layout-flow\">\n<div class=\"wp-block-group is-nowrap is-layout-flex wp-container-core-group-is-layout-ad2f72ca wp-block-group-is-layout-flex\">\n<div style=\"height:100px;width:20px\" aria-hidden=\"true\" class=\"wp-block-spacer wp-container-content-62aae154\"><\/div>\n\n\n\n<p class=\"has-medium-font-size\"><strong>Place 5: BMW<\/strong><br><br>Bayerische Motoren Werke, or BMW as they are more often called (perhaps because that is their official name\u2026) takes fifth place!<br><br><strong>Number sold: 23,313<\/strong><br><\/p>\n<\/div>\n<\/div>\n<\/div>\n\n\n\n<div class=\"wp-block-columns is-layout-flex wp-container-core-columns-is-layout-9d6595d7 wp-block-columns-is-layout-flex\">\n<div class=\"wp-block-column is-layout-flow wp-block-column-is-layout-flow\">\n<figure class=\"wp-block-image size-full is-resized\"><img loading=\"lazy\" decoding=\"async\" width=\"2560\" height=\"1412\" src=\"https:\/\/www.niemibil.se\/wp-content\/uploads\/2025\/12\/Toyota.webp\" alt=\"\" class=\"wp-image-2636791\" style=\"width:416px;height:auto\" srcset=\"https:\/\/www.niemibil.se\/wp-content\/uploads\/2025\/12\/Toyota.webp 2560w, https:\/\/www.niemibil.se\/wp-content\/uploads\/2025\/12\/Toyota-300x165.webp 300w, https:\/\/www.niemibil.se\/wp-content\/uploads\/2025\/12\/Toyota-1024x565.webp 1024w, https:\/\/www.niemibil.se\/wp-content\/uploads\/2025\/12\/Toyota-768x424.webp 768w, https:\/\/www.niemibil.se\/wp-content\/uploads\/2025\/12\/Toyota-1536x847.webp 1536w, https:\/\/www.niemibil.se\/wp-content\/uploads\/2025\/12\/Toyota-2048x1130.webp 2048w, https:\/\/www.niemibil.se\/wp-content\/uploads\/2025\/12\/Toyota-18x10.webp 18w\" sizes=\"auto, (max-width: 2560px) 100vw, 2560px\" \/><\/figure>\n<\/div>\n\n\n\n<div class=\"wp-block-column is-vertically-aligned-center is-layout-flow wp-block-column-is-layout-flow\">\n<div class=\"wp-block-group is-nowrap is-layout-flex wp-container-core-group-is-layout-ad2f72ca wp-block-group-is-layout-flex\">\n<div style=\"height:100px;width:20px\" aria-hidden=\"true\" class=\"wp-block-spacer wp-container-content-62aae154\"><\/div>\n\n\n\n<p class=\"has-medium-font-size\"><strong>Place 4: Toyota<\/strong><br><br>Fourth place comes from Japan, and it&#039;s none other than the world&#039;s largest car manufacturer, Toyota, that ends up here!<br><br><strong><strong>Number sold: 24,661<\/strong><\/strong><br><\/p>\n<\/div>\n<\/div>\n<\/div>\n\n\n\n<div class=\"wp-block-columns is-layout-flex wp-container-core-columns-is-layout-9d6595d7 wp-block-columns-is-layout-flex\">\n<div class=\"wp-block-column is-layout-flow wp-block-column-is-layout-flow\">\n<figure class=\"wp-block-image size-full is-resized\"><img loading=\"lazy\" decoding=\"async\" width=\"2560\" height=\"1427\" src=\"https:\/\/www.niemibil.se\/wp-content\/uploads\/2025\/12\/kia.webp\" alt=\"\" class=\"wp-image-2636792\" style=\"width:416px;height:auto\" srcset=\"https:\/\/www.niemibil.se\/wp-content\/uploads\/2025\/12\/kia.webp 2560w, https:\/\/www.niemibil.se\/wp-content\/uploads\/2025\/12\/kia-300x167.webp 300w, https:\/\/www.niemibil.se\/wp-content\/uploads\/2025\/12\/kia-1024x571.webp 1024w, https:\/\/www.niemibil.se\/wp-content\/uploads\/2025\/12\/kia-768x428.webp 768w, https:\/\/www.niemibil.se\/wp-content\/uploads\/2025\/12\/kia-1536x856.webp 1536w, https:\/\/www.niemibil.se\/wp-content\/uploads\/2025\/12\/kia-2048x1142.webp 2048w, https:\/\/www.niemibil.se\/wp-content\/uploads\/2025\/12\/kia-18x10.webp 18w\" sizes=\"auto, (max-width: 2560px) 100vw, 2560px\" \/><\/figure>\n<\/div>\n\n\n\n<div class=\"wp-block-column is-vertically-aligned-center is-layout-flow wp-block-column-is-layout-flow\">\n<div class=\"wp-block-group is-nowrap is-layout-flex wp-container-core-group-is-layout-ad2f72ca wp-block-group-is-layout-flex\">\n<div style=\"height:100px;width:20px\" aria-hidden=\"true\" class=\"wp-block-spacer wp-container-content-62aae154\"><\/div>\n\n\n\n<p class=\"has-medium-font-size\"><strong>Place 3: Kia<\/strong><br><br>And from Japan&#039;s neighboring country, South Korea, comes third place! A car brand that has grown significantly, and this year too!<br><br><strong><strong><strong>Number sold: 32,956<\/strong><\/strong><\/strong><br><\/p>\n<\/div>\n<\/div>\n<\/div>\n\n\n\n<div class=\"wp-block-columns is-layout-flex wp-container-core-columns-is-layout-9d6595d7 wp-block-columns-is-layout-flex\">\n<div class=\"wp-block-column is-layout-flow wp-block-column-is-layout-flow\">\n<figure class=\"wp-block-image size-full is-resized\"><img loading=\"lazy\" decoding=\"async\" width=\"2460\" height=\"1538\" src=\"https:\/\/www.niemibil.se\/wp-content\/uploads\/2025\/12\/vw.webp\" alt=\"\" class=\"wp-image-2636793\" style=\"width:416px;height:auto\" srcset=\"https:\/\/www.niemibil.se\/wp-content\/uploads\/2025\/12\/vw.webp 2460w, https:\/\/www.niemibil.se\/wp-content\/uploads\/2025\/12\/vw-300x188.webp 300w, https:\/\/www.niemibil.se\/wp-content\/uploads\/2025\/12\/vw-1024x640.webp 1024w, https:\/\/www.niemibil.se\/wp-content\/uploads\/2025\/12\/vw-768x480.webp 768w, https:\/\/www.niemibil.se\/wp-content\/uploads\/2025\/12\/vw-1536x960.webp 1536w, https:\/\/www.niemibil.se\/wp-content\/uploads\/2025\/12\/vw-2048x1280.webp 2048w, https:\/\/www.niemibil.se\/wp-content\/uploads\/2025\/12\/vw-18x12.webp 18w\" sizes=\"auto, (max-width: 2460px) 100vw, 2460px\" \/><\/figure>\n<\/div>\n\n\n\n<div class=\"wp-block-column is-vertically-aligned-center is-layout-flow wp-block-column-is-layout-flow\">\n<div class=\"wp-block-group is-nowrap is-layout-flex wp-container-core-group-is-layout-ad2f72ca wp-block-group-is-layout-flex\">\n<div style=\"height:100px;width:20px\" aria-hidden=\"true\" class=\"wp-block-spacer wp-container-content-62aae154\"><\/div>\n\n\n\n<p class=\"has-medium-font-size\"><strong>Place 2: Volkswagen<\/strong><br><br>Golf, Passat, ID.7 and more, is it strange that second place goes to the people&#039;s car? But it wasn&#039;t quite enough for first place.<br><br><strong><strong><strong>Number sold: 43,374<\/strong><\/strong><\/strong><br><\/p>\n<\/div>\n<\/div>\n<\/div>\n\n\n\n<div class=\"wp-block-columns is-layout-flex wp-container-core-columns-is-layout-9d6595d7 wp-block-columns-is-layout-flex\">\n<div class=\"wp-block-column is-layout-flow wp-block-column-is-layout-flow\">\n<figure class=\"wp-block-image size-full is-resized\"><img loading=\"lazy\" decoding=\"async\" width=\"1200\" height=\"675\" src=\"https:\/\/www.niemibil.se\/wp-content\/uploads\/2025\/12\/volvo.webp\" alt=\"\" class=\"wp-image-2636794\" style=\"width:416px;height:auto\" srcset=\"https:\/\/www.niemibil.se\/wp-content\/uploads\/2025\/12\/volvo.webp 1200w, https:\/\/www.niemibil.se\/wp-content\/uploads\/2025\/12\/volvo-300x169.webp 300w, https:\/\/www.niemibil.se\/wp-content\/uploads\/2025\/12\/volvo-1024x576.webp 1024w, https:\/\/www.niemibil.se\/wp-content\/uploads\/2025\/12\/volvo-768x432.webp 768w, https:\/\/www.niemibil.se\/wp-content\/uploads\/2025\/12\/volvo-18x10.webp 18w\" sizes=\"auto, (max-width: 1200px) 100vw, 1200px\" \/><\/figure>\n<\/div>\n\n\n\n<div class=\"wp-block-column is-vertically-aligned-center is-layout-flow wp-block-column-is-layout-flow\">\n<div class=\"wp-block-group is-nowrap is-layout-flex wp-container-core-group-is-layout-ad2f72ca wp-block-group-is-layout-flex\">\n<div style=\"height:100px;width:20px\" aria-hidden=\"true\" class=\"wp-block-spacer wp-container-content-62aae154\"><\/div>\n\n\n\n<p class=\"has-medium-font-size\"><strong>Place 1: Volvo<\/strong><br><br>The least surprising thing today is that Volvo is the best-selling brand in Sweden, right? But congratulations anyway, we say to the favorite! <br><br><strong><strong><strong>Number sold: 69,242<\/strong><\/strong><\/strong><br><\/p>\n<\/div>\n<\/div>\n<\/div>\n\n\n\n<p>So Volvo won. Imagine that. But if you want to get an even clearer message about Volvo&#039;s dominance, check out the next list. No spoilers but... It&#039;s &quot;Volvo-dense&quot; you could say.<\/p>\n\n\n\n<div style=\"height:100px\" aria-hidden=\"true\" class=\"wp-block-spacer\"><\/div>\n\n\n\n<figure class=\"wp-block-image size-large\"><img loading=\"lazy\" decoding=\"async\" width=\"1024\" height=\"288\" src=\"https:\/\/www.niemibil.se\/wp-content\/uploads\/2025\/12\/popularaste-modellen-1024x288.webp\" alt=\"\" class=\"wp-image-2636777\" srcset=\"https:\/\/www.niemibil.se\/wp-content\/uploads\/2025\/12\/popularaste-modellen-1024x288.webp 1024w, https:\/\/www.niemibil.se\/wp-content\/uploads\/2025\/12\/popularaste-modellen-300x84.webp 300w, https:\/\/www.niemibil.se\/wp-content\/uploads\/2025\/12\/popularaste-modellen-768x216.webp 768w, https:\/\/www.niemibil.se\/wp-content\/uploads\/2025\/12\/popularaste-modellen-1536x432.webp 1536w, https:\/\/www.niemibil.se\/wp-content\/uploads\/2025\/12\/popularaste-modellen-18x5.webp 18w, https:\/\/www.niemibil.se\/wp-content\/uploads\/2025\/12\/popularaste-modellen.webp 1920w\" sizes=\"auto, (max-width: 1024px) 100vw, 1024px\" \/><\/figure>\n\n\n\n<p>We&#039;re wrapping up the used car year Wrapped 2025 with the question everyone wants to know the answer to: Which car sold best? You&#039;ve probably seen a whole bunch of these models along the roads, not just this year, but now 2025 is our focus, so here they are: The car models that sold best on the used market in 2025!<\/p>\n\n\n\n<div style=\"height:100px\" aria-hidden=\"true\" class=\"wp-block-spacer\"><\/div>\n\n\n\n<figure class=\"wp-block-image size-full\"><img loading=\"lazy\" decoding=\"async\" width=\"2100\" height=\"1386\" src=\"https:\/\/www.niemibil.se\/wp-content\/uploads\/2025\/12\/rav4444444444444.webp\" alt=\"\" class=\"wp-image-2636801\" srcset=\"https:\/\/www.niemibil.se\/wp-content\/uploads\/2025\/12\/rav4444444444444.webp 2100w, https:\/\/www.niemibil.se\/wp-content\/uploads\/2025\/12\/rav4444444444444-300x198.webp 300w, https:\/\/www.niemibil.se\/wp-content\/uploads\/2025\/12\/rav4444444444444-1024x676.webp 1024w, https:\/\/www.niemibil.se\/wp-content\/uploads\/2025\/12\/rav4444444444444-768x507.webp 768w, https:\/\/www.niemibil.se\/wp-content\/uploads\/2025\/12\/rav4444444444444-1536x1014.webp 1536w, https:\/\/www.niemibil.se\/wp-content\/uploads\/2025\/12\/rav4444444444444-2048x1352.webp 2048w, https:\/\/www.niemibil.se\/wp-content\/uploads\/2025\/12\/rav4444444444444-18x12.webp 18w\" sizes=\"auto, (max-width: 2100px) 100vw, 2100px\" \/><\/figure>\n\n\n\n<p class=\"has-large-font-size\"><strong>Place number 10: Toyota RAV4<\/strong><\/p>\n\n\n\n<p>The world&#039;s largest car manufacturer, yes, but this is actually Toyota&#039;s only placement in this year&#039;s top 10. The RAV4 has sold quite a lot on the used market anyway, <strong>5 299<\/strong> pieces to be more precise.<\/p>\n\n\n\n<div style=\"height:50px\" aria-hidden=\"true\" class=\"wp-block-spacer\"><\/div>\n\n\n\n<figure class=\"wp-block-image size-large\"><img loading=\"lazy\" decoding=\"async\" width=\"1024\" height=\"676\" src=\"https:\/\/www.niemibil.se\/wp-content\/uploads\/2025\/12\/tigaaguannan-1024x676.webp\" alt=\"\" class=\"wp-image-2636802\" srcset=\"https:\/\/www.niemibil.se\/wp-content\/uploads\/2025\/12\/tigaaguannan-1024x676.webp 1024w, https:\/\/www.niemibil.se\/wp-content\/uploads\/2025\/12\/tigaaguannan-300x198.webp 300w, https:\/\/www.niemibil.se\/wp-content\/uploads\/2025\/12\/tigaaguannan-768x507.webp 768w, https:\/\/www.niemibil.se\/wp-content\/uploads\/2025\/12\/tigaaguannan-1536x1014.webp 1536w, https:\/\/www.niemibil.se\/wp-content\/uploads\/2025\/12\/tigaaguannan-2048x1352.webp 2048w, https:\/\/www.niemibil.se\/wp-content\/uploads\/2025\/12\/tigaaguannan-18x12.webp 18w\" sizes=\"auto, (max-width: 1024px) 100vw, 1024px\" \/><\/figure>\n\n\n\n<p class=\"has-large-font-size\"><strong>Place number 9: Volkswagen Tiguan<\/strong><\/p>\n\n\n\n<p>Volkswagen thunders onto the list early. The Tiguan is a popular mid-size SUV, and we like that in Sweden. <strong>6 227<\/strong> used Tiguans got new owners in 2025! In Sweden, at least\u2026<\/p>\n\n\n\n<div style=\"height:100px\" aria-hidden=\"true\" class=\"wp-block-spacer\"><\/div>\n\n\n\n<figure class=\"wp-block-image size-full is-resized\"><img loading=\"lazy\" decoding=\"async\" width=\"1200\" height=\"750\" src=\"https:\/\/www.niemibil.se\/wp-content\/uploads\/2025\/12\/ceeeeeeeeeeeeed-1.webp\" alt=\"\" class=\"wp-image-2636805\" style=\"width:840px;height:auto\" srcset=\"https:\/\/www.niemibil.se\/wp-content\/uploads\/2025\/12\/ceeeeeeeeeeeeed-1.webp 1200w, https:\/\/www.niemibil.se\/wp-content\/uploads\/2025\/12\/ceeeeeeeeeeeeed-1-300x188.webp 300w, https:\/\/www.niemibil.se\/wp-content\/uploads\/2025\/12\/ceeeeeeeeeeeeed-1-1024x640.webp 1024w, https:\/\/www.niemibil.se\/wp-content\/uploads\/2025\/12\/ceeeeeeeeeeeeed-1-768x480.webp 768w, https:\/\/www.niemibil.se\/wp-content\/uploads\/2025\/12\/ceeeeeeeeeeeeed-1-18x12.webp 18w\" sizes=\"auto, (max-width: 1200px) 100vw, 1200px\" \/><\/figure>\n\n\n\n<p class=\"has-large-font-size\"><strong>Place number 8: Kia CEED<\/strong><\/p>\n\n\n\n<p>There! Kia made the list too, with its popular CEED. Wasn&#039;t it spelled &quot;C&#039;eed&quot; before or did I miss something? <strong>7 636<\/strong> pieces of used Kia CEED were sold in 2025 anyway, regardless of how it is spelled.<\/p>\n\n\n\n<div style=\"height:100px\" aria-hidden=\"true\" class=\"wp-block-spacer\"><\/div>\n\n\n\n<figure class=\"wp-block-image size-large\"><img loading=\"lazy\" decoding=\"async\" width=\"1024\" height=\"684\" src=\"https:\/\/www.niemibil.se\/wp-content\/uploads\/2025\/12\/nironironiro-1024x684.webp\" alt=\"\" class=\"wp-image-2636808\" srcset=\"https:\/\/www.niemibil.se\/wp-content\/uploads\/2025\/12\/nironironiro-1024x684.webp 1024w, https:\/\/www.niemibil.se\/wp-content\/uploads\/2025\/12\/nironironiro-300x200.webp 300w, https:\/\/www.niemibil.se\/wp-content\/uploads\/2025\/12\/nironironiro-768x513.webp 768w, https:\/\/www.niemibil.se\/wp-content\/uploads\/2025\/12\/nironironiro-18x12.webp 18w, https:\/\/www.niemibil.se\/wp-content\/uploads\/2025\/12\/nironironiro.webp 1080w\" sizes=\"auto, (max-width: 1024px) 100vw, 1024px\" \/><\/figure>\n\n\n\n<p class=\"has-large-font-size\"><strong>Place number 7: Kia Niro<\/strong><\/p>\n\n\n\n<p>We&#039;ll get another Kia while we&#039;re at it, right? It was sold. <strong>8 805<\/strong> pieces of Kia Niro during the past year!<\/p>\n\n\n\n<div style=\"height:100px\" aria-hidden=\"true\" class=\"wp-block-spacer\"><\/div>\n\n\n\n<figure class=\"wp-block-image size-full\"><img loading=\"lazy\" decoding=\"async\" width=\"800\" height=\"500\" src=\"https:\/\/www.niemibil.se\/wp-content\/uploads\/2025\/12\/passsassassassasat.webp\" alt=\"\" class=\"wp-image-2636807\" srcset=\"https:\/\/www.niemibil.se\/wp-content\/uploads\/2025\/12\/passsassassassasat.webp 800w, https:\/\/www.niemibil.se\/wp-content\/uploads\/2025\/12\/passsassassassasat-300x188.webp 300w, https:\/\/www.niemibil.se\/wp-content\/uploads\/2025\/12\/passsassassassasat-768x480.webp 768w, https:\/\/www.niemibil.se\/wp-content\/uploads\/2025\/12\/passsassassassasat-18x12.webp 18w\" sizes=\"auto, (max-width: 800px) 100vw, 800px\" \/><\/figure>\n\n\n\n<p class=\"has-large-font-size\"><strong>Place number 6: Volkswagen Passat<\/strong><\/p>\n\n\n\n<p>Volkswagen&#039;s second entry on the list is the classic Passat. It was actually sold <strong>9 335<\/strong> pieces of this car in 2025.<\/p>\n\n\n\n<div style=\"height:100px\" aria-hidden=\"true\" class=\"wp-block-spacer\"><\/div>\n\n\n\n<figure class=\"wp-block-image size-full\"><img loading=\"lazy\" decoding=\"async\" width=\"800\" height=\"500\" src=\"https:\/\/www.niemibil.se\/wp-content\/uploads\/2025\/12\/Golfolo.webp\" alt=\"\" class=\"wp-image-2636806\" srcset=\"https:\/\/www.niemibil.se\/wp-content\/uploads\/2025\/12\/Golfolo.webp 800w, https:\/\/www.niemibil.se\/wp-content\/uploads\/2025\/12\/Golfolo-300x188.webp 300w, https:\/\/www.niemibil.se\/wp-content\/uploads\/2025\/12\/Golfolo-768x480.webp 768w, https:\/\/www.niemibil.se\/wp-content\/uploads\/2025\/12\/Golfolo-18x12.webp 18w\" sizes=\"auto, (max-width: 800px) 100vw, 800px\" \/><\/figure>\n\n\n\n<p class=\"has-large-font-size\"><strong>Place number 5: Volkswagen Golf<\/strong><\/p>\n\n\n\n<p>More Volkswagen! Germany has a strong place in the Swedish car industry, and the whole <strong>10 046<\/strong> Golfs were sold this year.<\/p>\n\n\n\n<div style=\"height:100px\" aria-hidden=\"true\" class=\"wp-block-spacer\"><\/div>\n\n\n\n<figure class=\"wp-block-image size-large\"><img loading=\"lazy\" decoding=\"async\" width=\"1024\" height=\"676\" src=\"https:\/\/www.niemibil.se\/wp-content\/uploads\/2025\/12\/v909090909-1024x676.webp\" alt=\"\" class=\"wp-image-2636809\" srcset=\"https:\/\/www.niemibil.se\/wp-content\/uploads\/2025\/12\/v909090909-1024x676.webp 1024w, https:\/\/www.niemibil.se\/wp-content\/uploads\/2025\/12\/v909090909-300x198.webp 300w, https:\/\/www.niemibil.se\/wp-content\/uploads\/2025\/12\/v909090909-768x507.webp 768w, https:\/\/www.niemibil.se\/wp-content\/uploads\/2025\/12\/v909090909-1536x1014.webp 1536w, https:\/\/www.niemibil.se\/wp-content\/uploads\/2025\/12\/v909090909-2048x1352.webp 2048w, https:\/\/www.niemibil.se\/wp-content\/uploads\/2025\/12\/v909090909-18x12.webp 18w\" sizes=\"auto, (max-width: 1024px) 100vw, 1024px\" \/><\/figure>\n\n\n\n<p class=\"has-large-font-size\"><strong>Place number 4: Volvo V90<\/strong><\/p>\n\n\n\n<p>It probably says a lot that the first Volvo on the list comes in 4th place? The nice family car V90 was sold in <strong>10 207<\/strong> copies this year!<\/p>\n\n\n\n<div style=\"height:100px\" aria-hidden=\"true\" class=\"wp-block-spacer\"><\/div>\n\n\n\n<figure class=\"wp-block-image size-large\"><img loading=\"lazy\" decoding=\"async\" width=\"1024\" height=\"676\" src=\"https:\/\/www.niemibil.se\/wp-content\/uploads\/2025\/12\/xc400000-1024x676.webp\" alt=\"\" class=\"wp-image-2636810\" srcset=\"https:\/\/www.niemibil.se\/wp-content\/uploads\/2025\/12\/xc400000-1024x676.webp 1024w, https:\/\/www.niemibil.se\/wp-content\/uploads\/2025\/12\/xc400000-300x198.webp 300w, https:\/\/www.niemibil.se\/wp-content\/uploads\/2025\/12\/xc400000-768x507.webp 768w, https:\/\/www.niemibil.se\/wp-content\/uploads\/2025\/12\/xc400000-1536x1014.webp 1536w, https:\/\/www.niemibil.se\/wp-content\/uploads\/2025\/12\/xc400000-2048x1352.webp 2048w, https:\/\/www.niemibil.se\/wp-content\/uploads\/2025\/12\/xc400000-18x12.webp 18w\" sizes=\"auto, (max-width: 1024px) 100vw, 1024px\" \/><\/figure>\n\n\n\n<p class=\"has-large-font-size\"><strong>Place number 3: Volvo XC40<\/strong><\/p>\n\n\n\n<p>Of the small, delicious SUV from Volvo, <strong>11 269 <\/strong>pieces. Good job!<\/p>\n\n\n\n<div style=\"height:100px\" aria-hidden=\"true\" class=\"wp-block-spacer\"><\/div>\n\n\n\n<figure class=\"wp-block-image size-large\"><img loading=\"lazy\" decoding=\"async\" width=\"1024\" height=\"676\" src=\"https:\/\/www.niemibil.se\/wp-content\/uploads\/2025\/12\/volvo-xc60-1024x676.webp\" alt=\"\" class=\"wp-image-2636811\" srcset=\"https:\/\/www.niemibil.se\/wp-content\/uploads\/2025\/12\/volvo-xc60-1024x676.webp 1024w, https:\/\/www.niemibil.se\/wp-content\/uploads\/2025\/12\/volvo-xc60-300x198.webp 300w, https:\/\/www.niemibil.se\/wp-content\/uploads\/2025\/12\/volvo-xc60-768x507.webp 768w, https:\/\/www.niemibil.se\/wp-content\/uploads\/2025\/12\/volvo-xc60-1536x1014.webp 1536w, https:\/\/www.niemibil.se\/wp-content\/uploads\/2025\/12\/volvo-xc60-2048x1352.webp 2048w, https:\/\/www.niemibil.se\/wp-content\/uploads\/2025\/12\/volvo-xc60-18x12.webp 18w\" sizes=\"auto, (max-width: 1024px) 100vw, 1024px\" \/><\/figure>\n\n\n\n<p class=\"has-large-font-size\"><strong>Place number 2: Volvo XC60<\/strong><\/p>\n\n\n\n<p>Yes, Volvo&#039;s popular SUV is of course high on the list of <strong>16 444<\/strong> sold!<\/p>\n\n\n\n<div style=\"height:100px\" aria-hidden=\"true\" class=\"wp-block-spacer\"><\/div>\n\n\n\n<figure class=\"wp-block-image size-large\"><img loading=\"lazy\" decoding=\"async\" width=\"1024\" height=\"676\" src=\"https:\/\/www.niemibil.se\/wp-content\/uploads\/2025\/12\/volvo-v60222222-1024x676.webp\" alt=\"\" class=\"wp-image-2636812\" srcset=\"https:\/\/www.niemibil.se\/wp-content\/uploads\/2025\/12\/volvo-v60222222-1024x676.webp 1024w, https:\/\/www.niemibil.se\/wp-content\/uploads\/2025\/12\/volvo-v60222222-300x198.webp 300w, https:\/\/www.niemibil.se\/wp-content\/uploads\/2025\/12\/volvo-v60222222-768x507.webp 768w, https:\/\/www.niemibil.se\/wp-content\/uploads\/2025\/12\/volvo-v60222222-1536x1014.webp 1536w, https:\/\/www.niemibil.se\/wp-content\/uploads\/2025\/12\/volvo-v60222222-2048x1352.webp 2048w, https:\/\/www.niemibil.se\/wp-content\/uploads\/2025\/12\/volvo-v60222222-18x12.webp 18w\" sizes=\"auto, (max-width: 1024px) 100vw, 1024px\" \/><\/figure>\n\n\n\n<p class=\"has-large-font-size\"><strong>Number 1 spot: Volvo V60<\/strong><\/p>\n\n\n\n<p>Ta-daa! Volvo, Volvo, Volvo. Yes, it&#039;s Volvo-heavy at the top. The V60 was sold throughout <strong>16 801<\/strong> copies on the used market in 2025!<\/p>\n\n\n\n<p>And that, my lord, was all! Now we have truly tied together 2025 in the best way, and 2026 could hardly get off to a better start than to round off the current year in the best way possible, right?<\/p>\n\n\n\n<p>We wish you a happy new year, good luck in the future, and if you want to &quot;contribute to the statistics&quot; in the coming year, you know who to turn to!<\/p>\n\n\n\n<p>We at Niemi Bil would like to wish you all:<\/p>\n\n\n\n<p class=\"has-x-large-font-size\"><strong>Happy New Year!<\/strong><\/p>\n\n\n\n<figure class=\"wp-block-image size-large\"><img loading=\"lazy\" decoding=\"async\" width=\"1024\" height=\"576\" src=\"https:\/\/www.niemibil.se\/wp-content\/uploads\/2025\/12\/begagnadebilaret_wrapped_niemibil_1920x1080-1-1024x576.webp\" alt=\"\" class=\"wp-image-2636952\" srcset=\"https:\/\/www.niemibil.se\/wp-content\/uploads\/2025\/12\/begagnadebilaret_wrapped_niemibil_1920x1080-1-1024x576.webp 1024w, https:\/\/www.niemibil.se\/wp-content\/uploads\/2025\/12\/begagnadebilaret_wrapped_niemibil_1920x1080-1-300x169.webp 300w, https:\/\/www.niemibil.se\/wp-content\/uploads\/2025\/12\/begagnadebilaret_wrapped_niemibil_1920x1080-1-768x432.webp 768w, https:\/\/www.niemibil.se\/wp-content\/uploads\/2025\/12\/begagnadebilaret_wrapped_niemibil_1920x1080-1-1536x864.webp 1536w, https:\/\/www.niemibil.se\/wp-content\/uploads\/2025\/12\/begagnadebilaret_wrapped_niemibil_1920x1080-1-18x10.webp 18w, https:\/\/www.niemibil.se\/wp-content\/uploads\/2025\/12\/begagnadebilaret_wrapped_niemibil_1920x1080-1.webp 1920w\" sizes=\"auto, (max-width: 1024px) 100vw, 1024px\" \/><\/figure>\n\n\n\n<p><\/p>","protected":false},"excerpt":{"rendered":"<p>Kan du gissa vilken kommun som helt ratade elbilar? Vilken var \u00e5rets mest s\u00e5lda bilmodell? Vi har svar p\u00e5 de fr\u00e5gorna och m\u00e5nga fler i v\u00e5r stora genomg\u00e5ng av begagnat-\u00e5ret 2025! F\u00f6lj med i en tillbakablick \u00f6ver \u00e5ret som g\u00e5tt, i Niemi Bil Wrapped! Snart \u00e4r ytterligare ett \u00e5r lagt till handlingarna, och det slog [&hellip;]<\/p>\n","protected":false},"author":18,"featured_media":2636952,"comment_status":"closed","ping_status":"closed","sticky":false,"template":"","format":"standard","meta":{"_acf_changed":false,"footnotes":""},"categories":[1],"tags":[],"class_list":["post-2636691","post","type-post","status-publish","format-standard","has-post-thumbnail","hentry","category-uncategorized"],"acf":[],"_links":{"self":[{"href":"https:\/\/www.niemibil.se\/en\/wp-json\/wp\/v2\/posts\/2636691","targetHints":{"allow":["GET"]}}],"collection":[{"href":"https:\/\/www.niemibil.se\/en\/wp-json\/wp\/v2\/posts"}],"about":[{"href":"https:\/\/www.niemibil.se\/en\/wp-json\/wp\/v2\/types\/post"}],"author":[{"embeddable":true,"href":"https:\/\/www.niemibil.se\/en\/wp-json\/wp\/v2\/users\/18"}],"replies":[{"embeddable":true,"href":"https:\/\/www.niemibil.se\/en\/wp-json\/wp\/v2\/comments?post=2636691"}],"version-history":[{"count":14,"href":"https:\/\/www.niemibil.se\/en\/wp-json\/wp\/v2\/posts\/2636691\/revisions"}],"predecessor-version":[{"id":2636960,"href":"https:\/\/www.niemibil.se\/en\/wp-json\/wp\/v2\/posts\/2636691\/revisions\/2636960"}],"wp:featuredmedia":[{"embeddable":true,"href":"https:\/\/www.niemibil.se\/en\/wp-json\/wp\/v2\/media\/2636952"}],"wp:attachment":[{"href":"https:\/\/www.niemibil.se\/en\/wp-json\/wp\/v2\/media?parent=2636691"}],"wp:term":[{"taxonomy":"category","embeddable":true,"href":"https:\/\/www.niemibil.se\/en\/wp-json\/wp\/v2\/categories?post=2636691"},{"taxonomy":"post_tag","embeddable":true,"href":"https:\/\/www.niemibil.se\/en\/wp-json\/wp\/v2\/tags?post=2636691"}],"curies":[{"name":"wp","href":"https:\/\/api.w.org\/{rel}","templated":true}]}}