{"id":2622995,"date":"2026-09-01T11:43:22","date_gmt":"2026-09-01T09:43:22","guid":{"rendered":"https:\/\/www.niemibil.se\/?p=2622995"},"modified":"2026-09-01T11:43:23","modified_gmt":"2026-09-01T09:43:23","slug":"jamfor-elsuv","status":"publish","type":"post","link":"https:\/\/www.niemibil.se\/en\/jamfor-elsuv\/","title":{"rendered":"Alla mot alla &#8211; Vilken eldriven SUV i mellanklassen \u00e4r egentligen b\u00e4st?"},"content":{"rendered":"<p><em><strong>Letar du efter en lagomt stor eldriven SUV till n\u00e4sta bilk\u00f6p? Du \u00e4r inte ensam! Det finns numera en uppsj\u00f6 av denna typ av bilar att v\u00e4lja bland, men vilken \u00e4r b\u00e4st f\u00f6r just dig? Vi har kollat n\u00e4rmare p\u00e5 de fem modellerna som ligger h\u00f6gst upp p\u00e5 v\u00e5ra kunders \u00f6nskelistor f\u00f6r att hj\u00e4lpa dig v\u00e4lja!<\/strong><\/em><\/p>\n\n\n\n<div style=\"height:19px\" aria-hidden=\"true\" class=\"wp-block-spacer\"><\/div>\n\n\n\n<h2 class=\"wp-block-heading\">F\u00f6rst ut: Kia EV3<\/h2>\n\n\n\n<p>Mycket har h\u00e4nt med Kia de senaste \u00e5ren. Nytt designspr\u00e5k och st\u00f6rre fokus p\u00e5 elbilar \u00e4r tv\u00e5 av de fr\u00e4msta f\u00f6r\u00e4ndringar som vi kunnat se p\u00e5 sistone, och det koreanska m\u00e4rket verkar bli allt mer popul\u00e4rt p\u00e5 de svenska v\u00e4garna.<\/p>\n\n\n\n<p>Bilen \u00e4r framhjulsdriven, laddningstiden varierar beroende p\u00e5 batteri men standardversionen laddar som b\u00e4st 10-80 % p\u00e5 29 minuter, medan Long Range-versionerna tar 31 minuter.<\/p>\n\n\n\n<p>Serviceavtal p\u00e5 36 m\u00e5nader ing\u00e5r n\u00e4r du k\u00f6per p\u00e5 finansiering (3 \u00e5r) och garantin \u00e4r 7 \u00e5r eller 150 000 km.<\/p>\n\n\n\n<div style=\"height:35px\" aria-hidden=\"true\" class=\"wp-block-spacer\"><\/div>\n\n\n<div class=\"wp-block-image\">\n<figure class=\"aligncenter size-full is-resized\"><img loading=\"lazy\" decoding=\"async\" width=\"1080\" height=\"720\" src=\"https:\/\/www.niemibil.se\/wp-content\/uploads\/2025\/09\/Kia-EV3-Long-Range-Terra-Cotta.png.webp\" alt=\"\" class=\"wp-image-2622998\" style=\"width:446px;height:auto\" srcset=\"https:\/\/www.niemibil.se\/wp-content\/uploads\/2025\/09\/Kia-EV3-Long-Range-Terra-Cotta.png.webp 1080w, https:\/\/www.niemibil.se\/wp-content\/uploads\/2025\/09\/Kia-EV3-Long-Range-Terra-Cotta.png-300x200.webp 300w, https:\/\/www.niemibil.se\/wp-content\/uploads\/2025\/09\/Kia-EV3-Long-Range-Terra-Cotta.png-1024x683.webp 1024w, https:\/\/www.niemibil.se\/wp-content\/uploads\/2025\/09\/Kia-EV3-Long-Range-Terra-Cotta.png-768x512.webp 768w, https:\/\/www.niemibil.se\/wp-content\/uploads\/2025\/09\/Kia-EV3-Long-Range-Terra-Cotta.png-18x12.webp 18w\" sizes=\"auto, (max-width: 1080px) 100vw, 1080px\" \/><\/figure>\n<\/div>\n\n\n<div class=\"wp-block-columns is-layout-flex wp-container-core-columns-is-layout-9d6595d7 wp-block-columns-is-layout-flex\">\n<div class=\"wp-block-column is-layout-flow wp-block-column-is-layout-flow\">\n<figure class=\"wp-block-table is-style-stripes\"><table class=\"has-fixed-layout\"><tbody><tr><td><strong>Utf\u00f6rande:<\/strong><\/td><td>Standard<\/td><\/tr><tr><td><strong>Bagage:<\/strong><\/td><td>460 L<\/td><\/tr><tr><td><strong>Drive:<\/strong><\/td><td>Front wheel<\/td><\/tr><tr><td><strong>Batteri:<\/strong><\/td><td>58,3 kWh<\/td><\/tr><tr><td><strong>Scope:<\/strong><\/td><td>434 km<\/td><\/tr><tr><td><strong>Laddning:<\/strong><\/td><td>101 kW<\/td><\/tr><tr><td><strong>Effekt:<\/strong><\/td><td>150kW<\/td><\/tr><tr><td><strong>Serviceavtal:<\/strong><\/td><td>36 m\u00e5n.<\/td><\/tr><tr><td><strong>Garanti:<\/strong><\/td><td>7 \u00e5r\/150k km<\/td><\/tr><tr><td><strong>Pris:<\/strong><\/td><td><strong>428,900 SEK<\/strong><\/td><\/tr><tr><td><strong>Pris\/m\u00e5n<\/strong>:<\/td><td><strong>2 672 kr<\/strong><\/td><\/tr><\/tbody><\/table><\/figure>\n<\/div>\n\n\n\n<div class=\"wp-block-column is-layout-flow wp-block-column-is-layout-flow\">\n<figure class=\"wp-block-table is-style-stripes\"><table class=\"has-fixed-layout\"><tbody><tr><td class=\"has-text-align-center\" data-align=\"center\">Long Range<\/td><\/tr><tr><td class=\"has-text-align-center\" data-align=\"center\">460 L<\/td><\/tr><tr><td class=\"has-text-align-center\" data-align=\"center\">Front wheel<\/td><\/tr><tr><td class=\"has-text-align-center\" data-align=\"center\">81,4 kWh<\/td><\/tr><tr><td class=\"has-text-align-center\" data-align=\"center\">605 km<\/td><\/tr><tr><td class=\"has-text-align-center\" data-align=\"center\">128 kW<\/td><\/tr><tr><td class=\"has-text-align-center\" data-align=\"center\">150kW<\/td><\/tr><tr><td class=\"has-text-align-center\" data-align=\"center\">36 m\u00e5n.<\/td><\/tr><tr><td class=\"has-text-align-center\" data-align=\"center\">7 \u00e5r\/150k km<\/td><\/tr><tr><td class=\"has-text-align-center\" data-align=\"center\"><strong>474 301 kr<\/strong><\/td><\/tr><tr><td class=\"has-text-align-center\" data-align=\"center\"><strong>3 214 kr<\/strong><\/td><\/tr><\/tbody><\/table><\/figure>\n<\/div>\n\n\n\n<div class=\"wp-block-column is-layout-flow wp-block-column-is-layout-flow\">\n<figure class=\"wp-block-table is-style-stripes\"><table class=\"has-fixed-layout\"><tbody><tr><td class=\"has-text-align-center\" data-align=\"center\">GT Line Long Range<\/td><\/tr><tr><td class=\"has-text-align-center\" data-align=\"center\">460 L<\/td><\/tr><tr><td class=\"has-text-align-center\" data-align=\"center\">Front wheel<\/td><\/tr><tr><td class=\"has-text-align-center\" data-align=\"center\">81,4 kWh<\/td><\/tr><tr><td class=\"has-text-align-center\" data-align=\"center\">605 km<\/td><\/tr><tr><td class=\"has-text-align-center\" data-align=\"center\">128 kW<\/td><\/tr><tr><td class=\"has-text-align-center\" data-align=\"center\">150kW<\/td><\/tr><tr><td class=\"has-text-align-center\" data-align=\"center\">36 m\u00e5n.<\/td><\/tr><tr><td class=\"has-text-align-center\" data-align=\"center\">7 \u00e5r\/150k km<\/td><\/tr><tr><td class=\"has-text-align-center\" data-align=\"center\"><\/td><\/tr><tr><td class=\"has-text-align-center\" data-align=\"center\"><\/td><\/tr><\/tbody><\/table><\/figure>\n<\/div>\n<\/div>\n\n\n\n<p class=\"has-small-font-size\">* All info kommer fr\u00e5n tillverkaren. Priser baseras i f\u00f6rsta hand p\u00e5 angivna priser p\u00e5 tillverkarens hemsida, i andra hand p\u00e5 rekommenderade listpriser, och om inte dessa finns tillg\u00e4ngliga baseras priset p\u00e5 summan av kontantinsats och l\u00e5nebelopp. M\u00e5nadspris baseras p\u00e5 tillverkarens egna finansieringsl\u00f6sning (ej leasing) f\u00f6r den aktuella modellen utan tillval och extrautrustning.<\/p>\n\n\n\n<div style=\"height:35px\" aria-hidden=\"true\" class=\"wp-block-spacer\"><\/div>\n\n\n\n<h2 class=\"wp-block-heading\">N\u00e4st p\u00e5 tur: Hyundai Kona<\/h2>\n\n\n\n<p>We stay in the mobile world and note that if there is one thing you always need more of, it is charging options. Even if you follow our first tip and buy a mobile holder with built-in charging, there may often be more people in the car who need to top up their batteries. Modern cars often have different USB sockets, but sometimes more are needed, and why not temporarily convert the twelve-volt socket to more of them?<\/p>\n\n\n\n<div style=\"height:35px\" aria-hidden=\"true\" class=\"wp-block-spacer\"><\/div>\n\n\n<div class=\"wp-block-image\">\n<figure class=\"aligncenter size-full is-resized\"><img loading=\"lazy\" decoding=\"async\" width=\"960\" height=\"722\" src=\"https:\/\/www.niemibil.se\/wp-content\/uploads\/2025\/09\/SX2_EV_calculator_asset_4x3_4x3.avif\" alt=\"\" class=\"wp-image-2622999\" style=\"width:431px;height:auto\" srcset=\"https:\/\/www.niemibil.se\/wp-content\/uploads\/2025\/09\/SX2_EV_calculator_asset_4x3_4x3.avif 960w, https:\/\/www.niemibil.se\/wp-content\/uploads\/2025\/09\/SX2_EV_calculator_asset_4x3_4x3-300x226.avif 300w, https:\/\/www.niemibil.se\/wp-content\/uploads\/2025\/09\/SX2_EV_calculator_asset_4x3_4x3-768x578.avif 768w, https:\/\/www.niemibil.se\/wp-content\/uploads\/2025\/09\/SX2_EV_calculator_asset_4x3_4x3-16x12.avif 16w\" sizes=\"auto, (max-width: 960px) 100vw, 960px\" \/><\/figure>\n<\/div>\n\n\n<div class=\"wp-block-columns is-layout-flex wp-container-core-columns-is-layout-9d6595d7 wp-block-columns-is-layout-flex\">\n<div class=\"wp-block-column is-layout-flow wp-block-column-is-layout-flow\">\n<figure class=\"wp-block-table is-style-stripes\"><table class=\"has-fixed-layout\"><tbody><tr><td><strong>Utf\u00f6rande:<\/strong><\/td><td>Standard<\/td><\/tr><tr><td><strong>Bagage:<\/strong><\/td><td>460 L<\/td><\/tr><tr><td><strong>Drive:<\/strong><\/td><td>Front wheel<\/td><\/tr><tr><td><strong>Batteri:<\/strong><\/td><td>58,3 kWh<\/td><\/tr><tr><td><strong>Scope:<\/strong><\/td><td>434 km<\/td><\/tr><tr><td><strong>Laddning:<\/strong><\/td><td>101 kW<\/td><\/tr><tr><td><strong>Effekt:<\/strong><\/td><td>150kW<\/td><\/tr><tr><td><strong>Serviceavtal:<\/strong><\/td><td>36 m\u00e5n.<\/td><\/tr><tr><td><strong>Garanti:<\/strong><\/td><td>7 \u00e5r\/150k km<\/td><\/tr><tr><td><strong>Pris:<\/strong><\/td><td><strong>428,900 SEK<\/strong><\/td><\/tr><tr><td><strong>Pris\/m\u00e5n<\/strong>:<\/td><td><strong>2 672 kr<\/strong><\/td><\/tr><\/tbody><\/table><\/figure>\n<\/div>\n\n\n\n<div class=\"wp-block-column is-layout-flow wp-block-column-is-layout-flow\">\n<figure class=\"wp-block-table is-style-stripes\"><table class=\"has-fixed-layout\"><tbody><tr><td class=\"has-text-align-center\" data-align=\"center\">Long Range<\/td><\/tr><tr><td class=\"has-text-align-center\" data-align=\"center\">460 L<\/td><\/tr><tr><td class=\"has-text-align-center\" data-align=\"center\">Front wheel<\/td><\/tr><tr><td class=\"has-text-align-center\" data-align=\"center\">81,4 kWh<\/td><\/tr><tr><td class=\"has-text-align-center\" data-align=\"center\">605 km<\/td><\/tr><tr><td class=\"has-text-align-center\" data-align=\"center\">128 kW<\/td><\/tr><tr><td class=\"has-text-align-center\" data-align=\"center\">150kW<\/td><\/tr><tr><td class=\"has-text-align-center\" data-align=\"center\">36 m\u00e5n.<\/td><\/tr><tr><td class=\"has-text-align-center\" data-align=\"center\">7 \u00e5r\/150k km<\/td><\/tr><tr><td class=\"has-text-align-center\" data-align=\"center\"><strong>474 301 kr<\/strong><\/td><\/tr><tr><td class=\"has-text-align-center\" data-align=\"center\"><strong>3 214 kr<\/strong><\/td><\/tr><\/tbody><\/table><\/figure>\n<\/div>\n\n\n\n<div class=\"wp-block-column is-layout-flow wp-block-column-is-layout-flow\">\n<figure class=\"wp-block-table is-style-stripes\"><table class=\"has-fixed-layout\"><tbody><tr><td class=\"has-text-align-center\" data-align=\"center\">GT Line Long Range<\/td><\/tr><tr><td class=\"has-text-align-center\" data-align=\"center\">460 L<\/td><\/tr><tr><td class=\"has-text-align-center\" data-align=\"center\">Front wheel<\/td><\/tr><tr><td class=\"has-text-align-center\" data-align=\"center\">81,4 kWh<\/td><\/tr><tr><td class=\"has-text-align-center\" data-align=\"center\">605 km<\/td><\/tr><tr><td class=\"has-text-align-center\" data-align=\"center\">128 kW<\/td><\/tr><tr><td class=\"has-text-align-center\" data-align=\"center\">150kW<\/td><\/tr><tr><td class=\"has-text-align-center\" data-align=\"center\">36 m\u00e5n.<\/td><\/tr><tr><td class=\"has-text-align-center\" data-align=\"center\">7 \u00e5r\/150k km<\/td><\/tr><tr><td class=\"has-text-align-center\" data-align=\"center\"><\/td><\/tr><tr><td class=\"has-text-align-center\" data-align=\"center\"><\/td><\/tr><\/tbody><\/table><\/figure>\n<\/div>\n<\/div>\n\n\n\n<p><\/p>\n\n\n\n<div style=\"height:35px\" aria-hidden=\"true\" class=\"wp-block-spacer\"><\/div>\n\n\n\n<h2 class=\"wp-block-heading\">Tip 3: Handheld vacuum cleaner<\/h2>\n\n\n\n<p>Crumbs, dust and other dirt feel almost magnetically drawn to the inside of the car. If you have a dog, you know exactly what I&#039;m talking about. Or if you have children. Or if you work outdoors. Or no matter what you do, your car gets dirty anyway. With a small, handy vacuum cleaner, you can keep the problem under control every day and make all your passengers think you&#039;re neat!<\/p>\n\n\n\n<div style=\"height:35px\" aria-hidden=\"true\" class=\"wp-block-spacer\"><\/div>\n\n\n<div class=\"wp-block-image\">\n<figure class=\"aligncenter size-full is-resized\"><img loading=\"lazy\" decoding=\"async\" width=\"591\" height=\"591\" src=\"https:\/\/www.niemibil.se\/wp-content\/uploads\/2025\/04\/45e2e955-dc2e-4969-89c2-1bc0f9e7d5b1.webp\" alt=\"\" class=\"wp-image-2202342\" style=\"width:430px;height:auto\" srcset=\"https:\/\/www.niemibil.se\/wp-content\/uploads\/2025\/04\/45e2e955-dc2e-4969-89c2-1bc0f9e7d5b1.webp 591w, https:\/\/www.niemibil.se\/wp-content\/uploads\/2025\/04\/45e2e955-dc2e-4969-89c2-1bc0f9e7d5b1-300x300.webp 300w, https:\/\/www.niemibil.se\/wp-content\/uploads\/2025\/04\/45e2e955-dc2e-4969-89c2-1bc0f9e7d5b1-150x150.webp 150w, https:\/\/www.niemibil.se\/wp-content\/uploads\/2025\/04\/45e2e955-dc2e-4969-89c2-1bc0f9e7d5b1-12x12.webp 12w\" sizes=\"auto, (max-width: 591px) 100vw, 591px\" \/><\/figure>\n<\/div>\n\n\n<div style=\"height:35px\" aria-hidden=\"true\" class=\"wp-block-spacer\"><\/div>\n\n\n\n<h2 class=\"wp-block-heading\">Tip 4: Key finder<\/h2>\n\n\n\n<p>We&#039;ve all been there, with our outerwear and shoes in the hallway and our hands in our pockets with a questioning expression on our faces. Where are the keys? Yes, you wish there was someone to ask, and if you have a key finder, you have! It saves you both time and stress to know that you will always find your keys when you need them, and it leaves plenty of room for other things in the Easter egg too!<\/p>\n\n\n\n<div style=\"height:35px\" aria-hidden=\"true\" class=\"wp-block-spacer\"><\/div>\n\n\n<div class=\"wp-block-image\">\n<figure class=\"aligncenter size-large is-resized\"><img loading=\"lazy\" decoding=\"async\" width=\"1024\" height=\"1024\" src=\"https:\/\/www.niemibil.se\/wp-content\/uploads\/2025\/04\/13308-S_1-1024x1024.webp\" alt=\"\" class=\"wp-image-2202343\" style=\"width:428px;height:auto\" srcset=\"https:\/\/www.niemibil.se\/wp-content\/uploads\/2025\/04\/13308-S_1-1024x1024.webp 1024w, https:\/\/www.niemibil.se\/wp-content\/uploads\/2025\/04\/13308-S_1-300x300.webp 300w, https:\/\/www.niemibil.se\/wp-content\/uploads\/2025\/04\/13308-S_1-150x150.webp 150w, https:\/\/www.niemibil.se\/wp-content\/uploads\/2025\/04\/13308-S_1-768x768.webp 768w, https:\/\/www.niemibil.se\/wp-content\/uploads\/2025\/04\/13308-S_1-12x12.webp 12w, https:\/\/www.niemibil.se\/wp-content\/uploads\/2025\/04\/13308-S_1.webp 1200w\" sizes=\"auto, (max-width: 1024px) 100vw, 1024px\" \/><\/figure>\n<\/div>\n\n\n<div style=\"height:35px\" aria-hidden=\"true\" class=\"wp-block-spacer\"><\/div>\n\n\n\n<h2 class=\"wp-block-heading\">Tip 5: iPad holder<\/h2>\n\n\n\n<p>Do you have children? Great, then you have an iPad too! There are more manufacturers than Apple of course, you may have a Samsung or something else, but the need is the same. If you have ever had to drive a little longer with the kids, you know how messy it can be in the back seat, and to save your mental health, your ears, and actually help you concentrate on the traffic, the &quot;toad&quot; comes out pretty quickly. But little hands easily lose their grip on the tablet and to keep this oh-so-important gadget alive, it is practical to hang it up. Then the journey (and life) will be much smoother!<\/p>\n\n\n\n<div style=\"height:35px\" aria-hidden=\"true\" class=\"wp-block-spacer\"><\/div>\n\n\n<div class=\"wp-block-image\">\n<figure class=\"aligncenter size-full is-resized\"><img loading=\"lazy\" decoding=\"async\" width=\"1000\" height=\"1000\" src=\"https:\/\/www.niemibil.se\/wp-content\/uploads\/2025\/04\/12507_1.webp\" alt=\"\" class=\"wp-image-2202344\" style=\"width:418px;height:auto\" srcset=\"https:\/\/www.niemibil.se\/wp-content\/uploads\/2025\/04\/12507_1.webp 1000w, https:\/\/www.niemibil.se\/wp-content\/uploads\/2025\/04\/12507_1-300x300.webp 300w, https:\/\/www.niemibil.se\/wp-content\/uploads\/2025\/04\/12507_1-150x150.webp 150w, https:\/\/www.niemibil.se\/wp-content\/uploads\/2025\/04\/12507_1-768x768.webp 768w, https:\/\/www.niemibil.se\/wp-content\/uploads\/2025\/04\/12507_1-12x12.webp 12w\" sizes=\"auto, (max-width: 1000px) 100vw, 1000px\" \/><\/figure>\n<\/div>\n\n\n<div style=\"height:35px\" aria-hidden=\"true\" class=\"wp-block-spacer\"><\/div>\n\n\n\n<hr class=\"wp-block-separator has-alpha-channel-opacity\"\/>\n\n\n\n<div style=\"height:35px\" aria-hidden=\"true\" class=\"wp-block-spacer\"><\/div>\n\n\n\n<p>Are you looking for a new car just in time for winter? <a href=\"https:\/\/www.niemibil.se\/en\/used-cars\/\" data-type=\"page\" data-id=\"2146\"><strong>Check out what cars we have in stock here!<\/strong><\/a><\/p>\n\n\n\n<p>Gear: <a href=\"tel:0920230088\"><strong>0920-23 00 88<\/strong><\/a><br>E-mail: <a href=\"mailto:intresse@niemibil.se\"><strong>intresse@niemibil.se <\/strong><\/a><\/p>\n\n\n\n<div class=\"wp-block-media-text is-stacked-on-mobile\" style=\"grid-template-columns:15% auto\"><figure class=\"wp-block-media-text__media\"><img loading=\"lazy\" decoding=\"async\" width=\"731\" height=\"1024\" src=\"https:\/\/www.niemibil.se\/wp-content\/uploads\/2023\/11\/majavitbakgrund-scaled-1-731x1024.jpg\" alt=\"\" class=\"wp-image-2112453 size-full\" srcset=\"https:\/\/www.niemibil.se\/wp-content\/uploads\/2023\/11\/majavitbakgrund-scaled-1-731x1024.jpg 731w, https:\/\/www.niemibil.se\/wp-content\/uploads\/2023\/11\/majavitbakgrund-scaled-1-214x300.jpg 214w, https:\/\/www.niemibil.se\/wp-content\/uploads\/2023\/11\/majavitbakgrund-scaled-1-768x1076.jpg 768w, https:\/\/www.niemibil.se\/wp-content\/uploads\/2023\/11\/majavitbakgrund-scaled-1-1096x1536.jpg 1096w, https:\/\/www.niemibil.se\/wp-content\/uploads\/2023\/11\/majavitbakgrund-scaled-1-9x12.jpg 9w, https:\/\/www.niemibil.se\/wp-content\/uploads\/2023\/11\/elementor\/thumbs\/majavitbakgrund-scaled-1-qmvuh3gjx7heh008ud4amxc4vovntr0nqd8hwof8ew.jpg 500w, https:\/\/www.niemibil.se\/wp-content\/uploads\/2023\/11\/majavitbakgrund-scaled-1.jpg 1370w\" sizes=\"auto, (max-width: 731px) 100vw, 731px\" \/><\/figure><div class=\"wp-block-media-text__content\">\n<p><\/p>\n\n\n\n<p><em>Maja Johansson, Niemi Bil Lule\u00e5<\/em><\/p>\n<\/div><\/div>","protected":false},"excerpt":{"rendered":"<p>Letar du efter en lagomt stor eldriven SUV till n\u00e4sta bilk\u00f6p? Du \u00e4r inte ensam! Det finns numera en uppsj\u00f6 av denna typ av bilar att v\u00e4lja bland, men vilken \u00e4r b\u00e4st f\u00f6r just dig? Vi har kollat n\u00e4rmare p\u00e5 de fem modellerna som ligger h\u00f6gst upp p\u00e5 v\u00e5ra kunders \u00f6nskelistor f\u00f6r att hj\u00e4lpa dig [&hellip;]<\/p>\n","protected":false},"author":18,"featured_media":2622996,"comment_status":"closed","ping_status":"closed","sticky":false,"template":"","format":"standard","meta":{"_acf_changed":false,"footnotes":""},"categories":[524],"tags":[546],"class_list":["post-2622995","post","type-post","status-publish","format-standard","has-post-thumbnail","hentry","category-testpanelen","tag-testpanelen"],"acf":[],"_links":{"self":[{"href":"https:\/\/www.niemibil.se\/en\/wp-json\/wp\/v2\/posts\/2622995","targetHints":{"allow":["GET"]}}],"collection":[{"href":"https:\/\/www.niemibil.se\/en\/wp-json\/wp\/v2\/posts"}],"about":[{"href":"https:\/\/www.niemibil.se\/en\/wp-json\/wp\/v2\/types\/post"}],"author":[{"embeddable":true,"href":"https:\/\/www.niemibil.se\/en\/wp-json\/wp\/v2\/users\/18"}],"replies":[{"embeddable":true,"href":"https:\/\/www.niemibil.se\/en\/wp-json\/wp\/v2\/comments?post=2622995"}],"version-history":[{"count":2,"href":"https:\/\/www.niemibil.se\/en\/wp-json\/wp\/v2\/posts\/2622995\/revisions"}],"predecessor-version":[{"id":2623051,"href":"https:\/\/www.niemibil.se\/en\/wp-json\/wp\/v2\/posts\/2622995\/revisions\/2623051"}],"wp:featuredmedia":[{"embeddable":true,"href":"https:\/\/www.niemibil.se\/en\/wp-json\/wp\/v2\/media\/2622996"}],"wp:attachment":[{"href":"https:\/\/www.niemibil.se\/en\/wp-json\/wp\/v2\/media?parent=2622995"}],"wp:term":[{"taxonomy":"category","embeddable":true,"href":"https:\/\/www.niemibil.se\/en\/wp-json\/wp\/v2\/categories?post=2622995"},{"taxonomy":"post_tag","embeddable":true,"href":"https:\/\/www.niemibil.se\/en\/wp-json\/wp\/v2\/tags?post=2622995"}],"curies":[{"name":"wp","href":"https:\/\/api.w.org\/{rel}","templated":true}]}}