{"id":2206535,"date":"2025-05-22T14:38:35","date_gmt":"2025-05-22T12:38:35","guid":{"rendered":"https:\/\/www.niemibil.se\/?p=2206535"},"modified":"2025-05-23T14:22:14","modified_gmt":"2025-05-23T12:22:14","slug":"celebrate-the-summer-pa-niemi-car-in-lulea","status":"publish","type":"post","link":"https:\/\/www.niemibil.se\/en\/celebrate-the-summer-pa-niemi-car-in-lulea\/","title":{"rendered":"Celebrate summer at Niemi Bil in Lule\u00e5!"},"content":{"rendered":"<h2 class=\"wp-block-heading\" style=\"font-style:normal;font-weight:600\">Summer is here! We&#039;re opening the doors to the car showroom on Spantgatan and offering burgers, competitions with great prizes and lots of nice cars!<\/h2>\n\n\n\n<p><strong>Saturday <\/strong>the <strong>May 31 <\/strong>We invite you to a wonderful day for the whole family - There will be fun competitions with great prizes, freshly grilled hamburgers and a car showroom filled with nice cars (and the occasional campaign that will expire soon, take advantage!)<\/p>\n\n\n\n<div style=\"height:25px\" aria-hidden=\"true\" class=\"wp-block-spacer\"><\/div>\n\n\n\n<p><strong>When?<\/strong> Saturday, May 31<br><strong>Where? <\/strong>Spantgatan 8, Lule\u00e5<br><strong>Time?<\/strong> 10:00 &#8211; 15:00<\/p>\n\n\n\n<div style=\"height:50px\" aria-hidden=\"true\" class=\"wp-block-spacer\"><\/div>\n\n\n\n<div class=\"wp-block-media-text alignwide is-stacked-on-mobile\"><figure class=\"wp-block-media-text__media\"><img loading=\"lazy\" decoding=\"async\" width=\"800\" height=\"500\" src=\"https:\/\/www.niemibil.se\/app\/uploads\/2022\/10\/burgare-test1.jpg\" alt=\"\" class=\"wp-image-1647227 size-full\" srcset=\"https:\/\/www.niemibil.se\/wp-content\/uploads\/2022\/10\/burgare-test1.jpg 800w, https:\/\/www.niemibil.se\/wp-content\/uploads\/2022\/10\/burgare-test1-300x188.jpg 300w, https:\/\/www.niemibil.se\/wp-content\/uploads\/2022\/10\/burgare-test1-768x480.jpg 768w, https:\/\/www.niemibil.se\/wp-content\/uploads\/2022\/10\/burgare-test1-18x12.jpg 18w\" sizes=\"auto, (max-width: 800px) 100vw, 800px\" \/><\/figure><div class=\"wp-block-media-text__content\">\n<p><strong>We offer freshly grilled hamburgers, coffee, snacks and sweets!<\/strong><\/p>\n\n\n\n<p><strong>Great prices and great offers!<\/strong><\/p>\n<\/div><\/div>\n\n\n\n<div style=\"height:50px\" aria-hidden=\"true\" class=\"wp-block-spacer\"><\/div>\n\n\n\n<p class=\"has-text-align-center has-large-font-size\"><strong>Final sprint for several campaigns<\/strong><\/p>\n\n\n\n<div style=\"height:25px\" aria-hidden=\"true\" class=\"wp-block-spacer\"><\/div>\n\n\n<div class=\"wp-block-image\">\n<figure class=\"aligncenter size-full is-resized\"><a href=\"https:\/\/www.niemibil.se\/en\/mg\/mg5\/\"><img loading=\"lazy\" decoding=\"async\" width=\"2560\" height=\"1707\" src=\"https:\/\/www.niemibil.se\/wp-content\/uploads\/2025\/04\/MG5-Electric-dynamic-front-driving-01.webp\" alt=\"\" class=\"wp-image-2203867\" style=\"width:500px\" srcset=\"https:\/\/www.niemibil.se\/wp-content\/uploads\/2025\/04\/MG5-Electric-dynamic-front-driving-01.webp 2560w, https:\/\/www.niemibil.se\/wp-content\/uploads\/2025\/04\/MG5-Electric-dynamic-front-driving-01-300x200.webp 300w, https:\/\/www.niemibil.se\/wp-content\/uploads\/2025\/04\/MG5-Electric-dynamic-front-driving-01-1024x683.webp 1024w, https:\/\/www.niemibil.se\/wp-content\/uploads\/2025\/04\/MG5-Electric-dynamic-front-driving-01-768x512.webp 768w, https:\/\/www.niemibil.se\/wp-content\/uploads\/2025\/04\/MG5-Electric-dynamic-front-driving-01-1536x1024.webp 1536w, https:\/\/www.niemibil.se\/wp-content\/uploads\/2025\/04\/MG5-Electric-dynamic-front-driving-01-2048x1366.webp 2048w, https:\/\/www.niemibil.se\/wp-content\/uploads\/2025\/04\/MG5-Electric-dynamic-front-driving-01-18x12.webp 18w\" sizes=\"auto, (max-width: 2560px) 100vw, 2560px\" \/><\/a><\/figure>\n<\/div>\n\n\n<p class=\"has-text-align-center has-large-font-size\"><strong>MG5 Electric<\/strong><\/p>\n\n\n\n<p class=\"has-text-align-center has-medium-font-size\">Private leasing from<strong> 2 990 <\/strong>SEK\/month<\/p>\n\n\n\n<div style=\"height:50px\" aria-hidden=\"true\" class=\"wp-block-spacer\"><\/div>\n\n\n\n<div class=\"wp-block-columns is-layout-flex wp-container-core-columns-is-layout-9d6595d7 wp-block-columns-is-layout-flex\">\n<div class=\"wp-block-column is-layout-flow wp-block-column-is-layout-flow\"><div class=\"wp-block-image\">\n<figure class=\"aligncenter size-large\"><a href=\"https:\/\/www.niemibil.se\/en\/mazda\/6th\/\"><img loading=\"lazy\" decoding=\"async\" width=\"1024\" height=\"564\" src=\"https:\/\/www.niemibil.se\/wp-content\/uploads\/2025\/03\/VDV1177-1024x564.webp\" alt=\"\" class=\"wp-image-2199764\" srcset=\"https:\/\/www.niemibil.se\/wp-content\/uploads\/2025\/03\/VDV1177-1024x564.webp 1024w, https:\/\/www.niemibil.se\/wp-content\/uploads\/2025\/03\/VDV1177-300x165.webp 300w, https:\/\/www.niemibil.se\/wp-content\/uploads\/2025\/03\/VDV1177-768x423.webp 768w, https:\/\/www.niemibil.se\/wp-content\/uploads\/2025\/03\/VDV1177-18x10.webp 18w, https:\/\/www.niemibil.se\/wp-content\/uploads\/2025\/03\/VDV1177.webp 1170w\" sizes=\"auto, (max-width: 1024px) 100vw, 1024px\" \/><\/a><\/figure>\n<\/div>\n\n\n<p class=\"has-large-font-size\"><strong>New Mazda 6e<\/strong><\/p>\n\n\n\n<p class=\"has-medium-font-size\">From <strong>3 990<\/strong> SEK\/month<\/p>\n<\/div>\n\n\n\n<div class=\"wp-block-column is-layout-flow wp-block-column-is-layout-flow\">\n<figure class=\"wp-block-image size-large\"><a href=\"https:\/\/www.niemibil.se\/en\/mg\/mg-hs\/\"><img loading=\"lazy\" decoding=\"async\" width=\"1024\" height=\"555\" src=\"https:\/\/www.niemibil.se\/wp-content\/uploads\/2024\/09\/MG-HS-PHEV-exterior-1-1024x555.webp\" alt=\"\" class=\"wp-image-2178254\" srcset=\"https:\/\/www.niemibil.se\/wp-content\/uploads\/2024\/09\/MG-HS-PHEV-exterior-1-1024x555.webp 1024w, https:\/\/www.niemibil.se\/wp-content\/uploads\/2024\/09\/MG-HS-PHEV-exterior-1-300x163.webp 300w, https:\/\/www.niemibil.se\/wp-content\/uploads\/2024\/09\/MG-HS-PHEV-exterior-1-768x416.webp 768w, https:\/\/www.niemibil.se\/wp-content\/uploads\/2024\/09\/MG-HS-PHEV-exterior-1-1536x833.webp 1536w, https:\/\/www.niemibil.se\/wp-content\/uploads\/2024\/09\/MG-HS-PHEV-exterior-1-2048x1110.webp 2048w, https:\/\/www.niemibil.se\/wp-content\/uploads\/2024\/09\/MG-HS-PHEV-exterior-1-18x10.webp 18w\" sizes=\"auto, (max-width: 1024px) 100vw, 1024px\" \/><\/a><\/figure>\n\n\n\n<p class=\"has-large-font-size\"><strong>New MG HS PHEV<\/strong><\/p>\n\n\n\n<p class=\"has-medium-font-size\">From <strong>3 483<\/strong> SEK\/month<\/p>\n<\/div>\n<\/div>\n\n\n\n<div style=\"height:50px\" aria-hidden=\"true\" class=\"wp-block-spacer\"><\/div>\n\n\n\n<p class=\"has-text-align-right has-large-font-size\"><strong>Win great prizes!<\/strong><\/p>\n\n\n\n<div style=\"height:25px\" aria-hidden=\"true\" class=\"wp-block-spacer\"><\/div>\n\n\n\n<div class=\"wp-block-media-text alignwide has-media-on-the-right is-stacked-on-mobile\"><div class=\"wp-block-media-text__content\">\n<p><strong>Throw a dot and win \u2013 Fun for the whole family!<\/strong><\/p>\n\n\n\n<p><strong>Great prices and great offers!<\/strong><\/p>\n<\/div><figure class=\"wp-block-media-text__media\"><img loading=\"lazy\" decoding=\"async\" width=\"1024\" height=\"662\" src=\"https:\/\/www.niemibil.se\/wp-content\/uploads\/2025\/05\/iStock-1493661074-1024x662.webp\" alt=\"\" class=\"wp-image-2206543 size-full\" srcset=\"https:\/\/www.niemibil.se\/wp-content\/uploads\/2025\/05\/iStock-1493661074-1024x662.webp 1024w, https:\/\/www.niemibil.se\/wp-content\/uploads\/2025\/05\/iStock-1493661074-300x194.webp 300w, https:\/\/www.niemibil.se\/wp-content\/uploads\/2025\/05\/iStock-1493661074-768x497.webp 768w, https:\/\/www.niemibil.se\/wp-content\/uploads\/2025\/05\/iStock-1493661074-1536x994.webp 1536w, https:\/\/www.niemibil.se\/wp-content\/uploads\/2025\/05\/iStock-1493661074-2048x1325.webp 2048w, https:\/\/www.niemibil.se\/wp-content\/uploads\/2025\/05\/iStock-1493661074-18x12.webp 18w\" sizes=\"auto, (max-width: 1024px) 100vw, 1024px\" \/><\/figure><\/div>\n\n\n\n<div style=\"height:50px\" aria-hidden=\"true\" class=\"wp-block-spacer\"><\/div>\n\n\n\n<p><strong>Find our car showroom in Lule\u00e5:<\/strong><\/p>\n\n\n<p><iframe src=\"https:\/\/www.google.com\/maps\/embed?pb=!1m18!1m12!1m3!1d769.4200754599062!2d22.120734133498335!3d65.60782796142588!2m3!1f0!2f0!3f0!3m2!1i1024!2i768!4f13.1!3m3!1m2!1s0x467f6565f0e9a923%3A0xd211eb0ad24380fd!2sNiemi%20Bil%20-%20F%C3%B6rs%C3%A4ljning!5e1!3m2!1ssv!2sse!4v1747915803159!5m2!1ssv!2sse\" width=\"600\" height=\"450\" style=\"border:0;\" allowfullscreen=\"\" loading=\"lazy\" referrerpolicy=\"no-referrer-when-downgrade\"><\/iframe><\/p>\n\n\n\n<figure class=\"wp-block-image size-full\"><img loading=\"lazy\" decoding=\"async\" width=\"1000\" height=\"100\" src=\"https:\/\/www.niemibil.se\/wp-content\/uploads\/2023\/12\/Valkommen.png\" alt=\"\" class=\"wp-image-2130221\" srcset=\"https:\/\/www.niemibil.se\/wp-content\/uploads\/2023\/12\/Valkommen.png 1000w, https:\/\/www.niemibil.se\/wp-content\/uploads\/2023\/12\/Valkommen-300x30.png 300w, https:\/\/www.niemibil.se\/wp-content\/uploads\/2023\/12\/Valkommen-768x77.png 768w, https:\/\/www.niemibil.se\/wp-content\/uploads\/2023\/12\/Valkommen-18x2.png 18w\" sizes=\"auto, (max-width: 1000px) 100vw, 1000px\" \/><\/figure>\n\n\n\n<p class=\"has-vivid-cyan-blue-color has-text-color has-link-color wp-elements-9b3ff4e1e3e280776733a057622ea6f9\"><a href=\"https:\/\/maps.app.goo.gl\/e2GB2kAKRcbBbaqX9\" data-type=\"link\" data-id=\"https:\/\/maps.app.goo.gl\/e2GB2kAKRcbBbaqX9\" target=\"_blank\" rel=\"noreferrer noopener nofollow\">Find us in Lule\u00e5!<\/a><\/p>\n\n\n\n<p class=\"has-vivid-cyan-blue-color has-text-color has-link-color wp-elements-7de14ca3940eba451d7277c291d2168d\"><a href=\"https:\/\/www.niemibil.se\/en\/used-cars\/\" target=\"_blank\" data-type=\"link\" data-id=\"https:\/\/www.niemibil.se\/begagnade-bilar\/\" rel=\"noreferrer noopener\">See used cars in stock<\/a><\/p>\n\n\n\n<p><\/p>","protected":false},"excerpt":{"rendered":"<p>Nu \u00e4r sommaren h\u00e4r! Vi sl\u00e5r upp portarna till bilhallen p\u00e5 Spantgatan och bjuder p\u00e5 hamburgare, t\u00e4vlingar med fina priser och massvis med fina bilar! L\u00f6rdag den 31 maj bjuder vi in till en h\u00e4rlig dag f\u00f6r hela familjen &#8211; Det blir roliga t\u00e4vlingar med fina priser, nygrillade hamburgare och en bilhall fylld med fina [&hellip;]<\/p>\n","protected":false},"author":18,"featured_media":2206549,"comment_status":"closed","ping_status":"closed","sticky":false,"template":"","format":"standard","meta":{"_acf_changed":false,"footnotes":""},"categories":[1],"tags":[],"class_list":["post-2206535","post","type-post","status-publish","format-standard","has-post-thumbnail","hentry","category-uncategorized"],"acf":[],"_links":{"self":[{"href":"https:\/\/www.niemibil.se\/en\/wp-json\/wp\/v2\/posts\/2206535","targetHints":{"allow":["GET"]}}],"collection":[{"href":"https:\/\/www.niemibil.se\/en\/wp-json\/wp\/v2\/posts"}],"about":[{"href":"https:\/\/www.niemibil.se\/en\/wp-json\/wp\/v2\/types\/post"}],"author":[{"embeddable":true,"href":"https:\/\/www.niemibil.se\/en\/wp-json\/wp\/v2\/users\/18"}],"replies":[{"embeddable":true,"href":"https:\/\/www.niemibil.se\/en\/wp-json\/wp\/v2\/comments?post=2206535"}],"version-history":[{"count":10,"href":"https:\/\/www.niemibil.se\/en\/wp-json\/wp\/v2\/posts\/2206535\/revisions"}],"predecessor-version":[{"id":2206651,"href":"https:\/\/www.niemibil.se\/en\/wp-json\/wp\/v2\/posts\/2206535\/revisions\/2206651"}],"wp:featuredmedia":[{"embeddable":true,"href":"https:\/\/www.niemibil.se\/en\/wp-json\/wp\/v2\/media\/2206549"}],"wp:attachment":[{"href":"https:\/\/www.niemibil.se\/en\/wp-json\/wp\/v2\/media?parent=2206535"}],"wp:term":[{"taxonomy":"category","embeddable":true,"href":"https:\/\/www.niemibil.se\/en\/wp-json\/wp\/v2\/categories?post=2206535"},{"taxonomy":"post_tag","embeddable":true,"href":"https:\/\/www.niemibil.se\/en\/wp-json\/wp\/v2\/tags?post=2206535"}],"curies":[{"name":"wp","href":"https:\/\/api.w.org\/{rel}","templated":true}]}}