{"id":2204012,"date":"2025-04-29T16:03:10","date_gmt":"2025-04-29T14:03:10","guid":{"rendered":"https:\/\/www.niemibil.se\/?p=2204012"},"modified":"2025-04-29T16:03:11","modified_gmt":"2025-04-29T14:03:11","slug":"mg-reseller-of-the-year","status":"publish","type":"post","link":"https:\/\/www.niemibil.se\/en\/mg-reseller-of-the-year\/","title":{"rendered":"Niemi Bil is MG Dealer of the Year 2024!"},"content":{"rendered":"<p><strong><em>These days we learned that Niemi Bil is Sweden&#039;s best MG dealer! As you know, 2024 was the year when we started selling the classic British car brand MG in Lule\u00e5 and Ume\u00e5 in April, and now it is clear that it is Niemi Bil that takes home the award for the best dealer in Sweden of the year! We take a look at our two MG facilities to share the atmosphere!<\/em><\/strong><\/p>\n\n\n\n<div style=\"height:19px\" aria-hidden=\"true\" class=\"wp-block-spacer\"><\/div>\n\n\n<div class=\"wp-block-image\">\n<figure class=\"aligncenter size-large is-resized\"><img loading=\"lazy\" decoding=\"async\" width=\"812\" height=\"1024\" src=\"https:\/\/www.niemibil.se\/wp-content\/uploads\/2025\/04\/Arets-MG-AF-2024-812x1024.webp\" alt=\"\" class=\"wp-image-2204105\" style=\"width:510px;height:auto\" srcset=\"https:\/\/www.niemibil.se\/wp-content\/uploads\/2025\/04\/Arets-MG-AF-2024-812x1024.webp 812w, https:\/\/www.niemibil.se\/wp-content\/uploads\/2025\/04\/Arets-MG-AF-2024-238x300.webp 238w, https:\/\/www.niemibil.se\/wp-content\/uploads\/2025\/04\/Arets-MG-AF-2024-768x969.webp 768w, https:\/\/www.niemibil.se\/wp-content\/uploads\/2025\/04\/Arets-MG-AF-2024-1218x1536.webp 1218w, https:\/\/www.niemibil.se\/wp-content\/uploads\/2025\/04\/Arets-MG-AF-2024-1624x2048.webp 1624w, https:\/\/www.niemibil.se\/wp-content\/uploads\/2025\/04\/Arets-MG-AF-2024-10x12.webp 10w, https:\/\/www.niemibil.se\/wp-content\/uploads\/2025\/04\/Arets-MG-AF-2024.webp 2030w\" sizes=\"auto, (max-width: 812px) 100vw, 812px\" \/><\/figure>\n<\/div>\n\n\n<div style=\"height:35px\" aria-hidden=\"true\" class=\"wp-block-spacer\"><\/div>\n\n\n\n<h2 class=\"wp-block-heading\">Want to thank the customers<\/h2>\n\n\n\n<p><em>&quot;Above all, it is our customers who have joined in and wanted to be on board when a new car brand comes to town. We have many, long-standing relationships with people who have chosen to test MG and found that it was a good product above all else, and we are very humbled by that trust.&quot;<\/em><\/p>\n\n\n\n<p>Dennis answers the question of why so many customers have chosen to buy a new car from a brand that is, to them, unknown. <\/p>\n\n\n\n<div style=\"height:35px\" aria-hidden=\"true\" class=\"wp-block-spacer\"><\/div>\n\n\n<div class=\"wp-block-image\">\n<figure class=\"aligncenter size-full\"><img loading=\"lazy\" decoding=\"async\" width=\"1900\" height=\"1068\" src=\"https:\/\/www.niemibil.se\/wp-content\/uploads\/2025\/04\/Dennis-2-blurr.webp\" alt=\"\" class=\"wp-image-2204053\" srcset=\"https:\/\/www.niemibil.se\/wp-content\/uploads\/2025\/04\/Dennis-2-blurr.webp 1900w, https:\/\/www.niemibil.se\/wp-content\/uploads\/2025\/04\/Dennis-2-blurr-300x169.webp 300w, https:\/\/www.niemibil.se\/wp-content\/uploads\/2025\/04\/Dennis-2-blurr-1024x576.webp 1024w, https:\/\/www.niemibil.se\/wp-content\/uploads\/2025\/04\/Dennis-2-blurr-768x432.webp 768w, https:\/\/www.niemibil.se\/wp-content\/uploads\/2025\/04\/Dennis-2-blurr-1536x863.webp 1536w, https:\/\/www.niemibil.se\/wp-content\/uploads\/2025\/04\/Dennis-2-blurr-18x10.webp 18w\" sizes=\"auto, (max-width: 1900px) 100vw, 1900px\" \/><\/figure>\n<\/div>\n\n\n<p class=\"has-text-align-center has-small-font-size\">Dennis W\u00e4ppling (Location Manager Niemi Bil Lule\u00e5) looks back on 2024 with a happy face<\/p>\n\n\n\n<div style=\"height:35px\" aria-hidden=\"true\" class=\"wp-block-spacer\"><\/div>\n\n\n\n<h2 class=\"wp-block-heading\">Strong collaborations and relationships<\/h2>\n\n\n\n<p>Tomas Lybeck, site manager at Niemi Bil Ume\u00e5, has also been involved from the beginning and has seen how well the people in V\u00e4sterbotten have come together and quickly gotten to know a new car manufacturer.<\/p>\n\n\n\n<p><em>&quot;Our customers trust us, and we trust them, that&#039;s what has led people here in Ume\u00e5 to dare to take the step to a new car brand. That and our strong collaborations with local partners like Bj\u00f6rkl\u00f6ven have allowed us to quickly reach out with offers, and thanks to our fantastic customers, we have been able to exceed even our own high expectations.&quot;<\/em><\/p>\n\n\n\n<div style=\"height:35px\" aria-hidden=\"true\" class=\"wp-block-spacer\"><\/div>\n\n\n\n<figure class=\"wp-block-image size-large\"><img loading=\"lazy\" decoding=\"async\" width=\"1024\" height=\"824\" src=\"https:\/\/www.niemibil.se\/wp-content\/uploads\/2025\/03\/Gruppbild-Umea-1024x824.webp\" alt=\"Niemi Car\" class=\"wp-image-2200728\" srcset=\"https:\/\/www.niemibil.se\/wp-content\/uploads\/2025\/03\/Gruppbild-Umea-1024x824.webp 1024w, https:\/\/www.niemibil.se\/wp-content\/uploads\/2025\/03\/Gruppbild-Umea-300x241.webp 300w, https:\/\/www.niemibil.se\/wp-content\/uploads\/2025\/03\/Gruppbild-Umea-768x618.webp 768w, https:\/\/www.niemibil.se\/wp-content\/uploads\/2025\/03\/Gruppbild-Umea-1536x1236.webp 1536w, https:\/\/www.niemibil.se\/wp-content\/uploads\/2025\/03\/Gruppbild-Umea-2048x1648.webp 2048w, https:\/\/www.niemibil.se\/wp-content\/uploads\/2025\/03\/Gruppbild-Umea-15x12.webp 15w\" sizes=\"auto, (max-width: 1024px) 100vw, 1024px\" \/><\/figure>\n\n\n\n<p class=\"has-text-align-center has-small-font-size\">Tomas Lybeck (Location Manager) and his team in Ume\u00e5 have also succeeded in getting the people of Ume\u00e5 to embrace MG.<\/p>\n\n\n\n<div style=\"height:35px\" aria-hidden=\"true\" class=\"wp-block-spacer\"><\/div>\n\n\n\n<hr class=\"wp-block-separator has-alpha-channel-opacity\"\/>\n\n\n\n<div style=\"height:35px\" aria-hidden=\"true\" class=\"wp-block-spacer\"><\/div>\n\n\n\n<p>Are you looking for a new car just in time for winter? <a href=\"https:\/\/www.niemibil.se\/en\/used-cars\/\" data-type=\"page\" data-id=\"2146\"><strong>Check out what cars we have in stock here!<\/strong><\/a><\/p>\n\n\n\n<p>Gear: <a href=\"tel:0920230088\"><strong>0920-23 00 88<\/strong><\/a><br>E-mail: <a href=\"mailto:intresse@niemibil.se\"><strong>intresse@niemibil.se <\/strong><\/a><\/p>\n\n\n\n<div class=\"wp-block-media-text is-stacked-on-mobile\" style=\"grid-template-columns:15% auto\"><figure class=\"wp-block-media-text__media\"><img loading=\"lazy\" decoding=\"async\" width=\"731\" height=\"1024\" src=\"https:\/\/www.niemibil.se\/wp-content\/uploads\/2023\/11\/majavitbakgrund-scaled-1-731x1024.jpg\" alt=\"\" class=\"wp-image-2112453 size-full\" srcset=\"https:\/\/www.niemibil.se\/wp-content\/uploads\/2023\/11\/majavitbakgrund-scaled-1-731x1024.jpg 731w, https:\/\/www.niemibil.se\/wp-content\/uploads\/2023\/11\/majavitbakgrund-scaled-1-214x300.jpg 214w, https:\/\/www.niemibil.se\/wp-content\/uploads\/2023\/11\/majavitbakgrund-scaled-1-768x1076.jpg 768w, https:\/\/www.niemibil.se\/wp-content\/uploads\/2023\/11\/majavitbakgrund-scaled-1-1096x1536.jpg 1096w, https:\/\/www.niemibil.se\/wp-content\/uploads\/2023\/11\/majavitbakgrund-scaled-1-9x12.jpg 9w, https:\/\/www.niemibil.se\/wp-content\/uploads\/2023\/11\/elementor\/thumbs\/majavitbakgrund-scaled-1-qmvuh3gjx7heh008ud4amxc4vovntr0nqd8hwof8ew.jpg 500w, https:\/\/www.niemibil.se\/wp-content\/uploads\/2023\/11\/majavitbakgrund-scaled-1.jpg 1370w\" sizes=\"auto, (max-width: 731px) 100vw, 731px\" \/><\/figure><div class=\"wp-block-media-text__content\">\n<p><\/p>\n\n\n\n<p><em>Maja Johansson, Niemi Bil Lule\u00e5<\/em><\/p>\n<\/div><\/div>","protected":false},"excerpt":{"rendered":"<p>I dagarna fick vi veta att Niemi Bil \u00e4r Sveriges b\u00e4sta \u00e5terf\u00f6rs\u00e4ljare av MG! \u00c5r 2024 var som bekant \u00e5ret d\u00e5 vi i april b\u00f6rjade s\u00e4lja det klassiskt brittiska bilm\u00e4rket MG i Lule\u00e5 och Ume\u00e5, och nu st\u00e5r det klart att det \u00e4r just Niemi Bil som tar hem priset f\u00f6r det \u00e5rets b\u00e4sta \u00e5terf\u00f6rs\u00e4ljare [&hellip;]<\/p>\n","protected":false},"author":18,"featured_media":2204137,"comment_status":"closed","ping_status":"closed","sticky":false,"template":"","format":"standard","meta":{"_acf_changed":false,"footnotes":""},"categories":[1],"tags":[],"class_list":["post-2204012","post","type-post","status-publish","format-standard","has-post-thumbnail","hentry","category-uncategorized"],"acf":[],"_links":{"self":[{"href":"https:\/\/www.niemibil.se\/en\/wp-json\/wp\/v2\/posts\/2204012","targetHints":{"allow":["GET"]}}],"collection":[{"href":"https:\/\/www.niemibil.se\/en\/wp-json\/wp\/v2\/posts"}],"about":[{"href":"https:\/\/www.niemibil.se\/en\/wp-json\/wp\/v2\/types\/post"}],"author":[{"embeddable":true,"href":"https:\/\/www.niemibil.se\/en\/wp-json\/wp\/v2\/users\/18"}],"replies":[{"embeddable":true,"href":"https:\/\/www.niemibil.se\/en\/wp-json\/wp\/v2\/comments?post=2204012"}],"version-history":[{"count":3,"href":"https:\/\/www.niemibil.se\/en\/wp-json\/wp\/v2\/posts\/2204012\/revisions"}],"predecessor-version":[{"id":2619690,"href":"https:\/\/www.niemibil.se\/en\/wp-json\/wp\/v2\/posts\/2204012\/revisions\/2619690"}],"wp:featuredmedia":[{"embeddable":true,"href":"https:\/\/www.niemibil.se\/en\/wp-json\/wp\/v2\/media\/2204137"}],"wp:attachment":[{"href":"https:\/\/www.niemibil.se\/en\/wp-json\/wp\/v2\/media?parent=2204012"}],"wp:term":[{"taxonomy":"category","embeddable":true,"href":"https:\/\/www.niemibil.se\/en\/wp-json\/wp\/v2\/categories?post=2204012"},{"taxonomy":"post_tag","embeddable":true,"href":"https:\/\/www.niemibil.se\/en\/wp-json\/wp\/v2\/tags?post=2204012"}],"curies":[{"name":"wp","href":"https:\/\/api.w.org\/{rel}","templated":true}]}}