{"id":2203612,"date":"2025-04-25T13:55:29","date_gmt":"2025-04-25T11:55:29","guid":{"rendered":"https:\/\/www.niemibil.se\/?p=2203612"},"modified":"2025-04-25T13:57:11","modified_gmt":"2025-04-25T11:57:11","slug":"mg-cyberx-presented","status":"publish","type":"post","link":"https:\/\/www.niemibil.se\/en\/mg-cyberx-presented\/","title":{"rendered":"New MG Cyber X Unveiled"},"content":{"rendered":"<p><strong><em>Top Gear is the first to show off the new official images of MG&#039;s new SUV that we told you about last week. We have to say that it&#039;s a well-designed and modern story, although information is still scarce, we&#039;ll tell you what we know so far!<\/em><\/strong><\/p>\n\n\n\n<div style=\"height:19px\" aria-hidden=\"true\" class=\"wp-block-spacer\"><\/div>\n\n\n<div class=\"wp-block-image\">\n<figure class=\"aligncenter size-full\"><img loading=\"lazy\" decoding=\"async\" width=\"892\" height=\"502\" src=\"https:\/\/www.niemibil.se\/wp-content\/uploads\/2025\/04\/mgcyberx.webp\" alt=\"\" class=\"wp-image-2203614\" srcset=\"https:\/\/www.niemibil.se\/wp-content\/uploads\/2025\/04\/mgcyberx.webp 892w, https:\/\/www.niemibil.se\/wp-content\/uploads\/2025\/04\/mgcyberx-300x169.webp 300w, https:\/\/www.niemibil.se\/wp-content\/uploads\/2025\/04\/mgcyberx-768x432.webp 768w, https:\/\/www.niemibil.se\/wp-content\/uploads\/2025\/04\/mgcyberx-18x10.webp 18w\" sizes=\"auto, (max-width: 892px) 100vw, 892px\" \/><\/figure>\n<\/div>\n\n\n<div style=\"height:35px\" aria-hidden=\"true\" class=\"wp-block-spacer\"><\/div>\n\n\n\n<h2 class=\"wp-block-heading\">Box-shaped, retro and modern at the same time!<\/h2>\n\n\n\n<p>We know, it&#039;s a concept car, but MG has previously shown great courage when it comes to taking their concepts from the drawing board to the finished product without any major changes. We&#039;re thinking of the MG Cyberster, which, along with the new MG Cyber X, is referred to as a &quot;lifestyle product&quot; in their line-up.<\/p>\n\n\n\n<div style=\"height:35px\" aria-hidden=\"true\" class=\"wp-block-spacer\"><\/div>\n\n\n\n<figure class=\"wp-block-embed is-type-video is-provider-youtube wp-block-embed-youtube wp-embed-aspect-16-9 wp-has-aspect-ratio\"><div class=\"wp-block-embed__wrapper\">\n<iframe loading=\"lazy\" title=\"New MG CyberX External Video (4K)\" width=\"1280\" height=\"720\" src=\"https:\/\/www.youtube.com\/embed\/rwIcQkT1NSQ?feature=oembed\" frameborder=\"0\" allow=\"accelerometer; autoplay; clipboard-write; encrypted-media; gyroscope; picture-in-picture; web-share\" referrerpolicy=\"strict-origin-when-cross-origin\" allowfullscreen><\/iframe>\n<\/div><\/figure>\n\n\n\n<p class=\"has-text-align-center has-small-font-size\">Join us for a little walk-around with MG&#039;s latest addition to the SUV world!<\/p>\n\n\n\n<div style=\"height:35px\" aria-hidden=\"true\" class=\"wp-block-spacer\"><\/div>\n\n\n\n<h2 class=\"wp-block-heading\">What we know so far<\/h2>\n\n\n\n<p>The lighting is among the coolest we&#039;ve seen from MG, and in addition to the so-called &quot;wrap-around&quot; light strips front and rear, the Cyber X also has pop-up headlights! The emblems are LED-illuminated and the side windows are privacy-protected. Considering how MG calls the Cyber X, and where it is intended to fit into their line-up, it is not very credible that it will be some four-wheel drive off-road toy, but rather it seems to be focused on city driving. <\/p>\n\n\n\n<figure class=\"wp-block-image size-large\"><img loading=\"lazy\" decoding=\"async\" width=\"1024\" height=\"576\" src=\"https:\/\/www.niemibil.se\/wp-content\/uploads\/2025\/04\/616469_1280-1024x576.webp\" alt=\"\" class=\"wp-image-2203615\" srcset=\"https:\/\/www.niemibil.se\/wp-content\/uploads\/2025\/04\/616469_1280-1024x576.webp 1024w, https:\/\/www.niemibil.se\/wp-content\/uploads\/2025\/04\/616469_1280-300x169.webp 300w, https:\/\/www.niemibil.se\/wp-content\/uploads\/2025\/04\/616469_1280-768x432.webp 768w, https:\/\/www.niemibil.se\/wp-content\/uploads\/2025\/04\/616469_1280-18x10.webp 18w, https:\/\/www.niemibil.se\/wp-content\/uploads\/2025\/04\/616469_1280.webp 1280w\" sizes=\"auto, (max-width: 1024px) 100vw, 1024px\" \/><\/figure>\n\n\n\n<div style=\"height:35px\" aria-hidden=\"true\" class=\"wp-block-spacer\"><\/div>\n\n\n\n<hr class=\"wp-block-separator has-alpha-channel-opacity\"\/>\n\n\n\n<div style=\"height:35px\" aria-hidden=\"true\" class=\"wp-block-spacer\"><\/div>\n\n\n\n<p>Are you looking for a new car just in time for winter? <a href=\"https:\/\/www.niemibil.se\/en\/used-cars\/\" data-type=\"page\" data-id=\"2146\"><strong>Check out what cars we have in stock here!<\/strong><\/a><\/p>\n\n\n\n<p>Gear: <a href=\"tel:0920230088\"><strong>0920-23 00 88<\/strong><\/a><br>E-mail: <a href=\"mailto:intresse@niemibil.se\"><strong>intresse@niemibil.se <\/strong><\/a><\/p>\n\n\n\n<div class=\"wp-block-media-text is-stacked-on-mobile\" style=\"grid-template-columns:15% auto\"><figure class=\"wp-block-media-text__media\"><img loading=\"lazy\" decoding=\"async\" width=\"731\" height=\"1024\" src=\"https:\/\/www.niemibil.se\/wp-content\/uploads\/2023\/11\/majavitbakgrund-scaled-1-731x1024.jpg\" alt=\"\" class=\"wp-image-2112453 size-full\" srcset=\"https:\/\/www.niemibil.se\/wp-content\/uploads\/2023\/11\/majavitbakgrund-scaled-1-731x1024.jpg 731w, https:\/\/www.niemibil.se\/wp-content\/uploads\/2023\/11\/majavitbakgrund-scaled-1-214x300.jpg 214w, https:\/\/www.niemibil.se\/wp-content\/uploads\/2023\/11\/majavitbakgrund-scaled-1-768x1076.jpg 768w, https:\/\/www.niemibil.se\/wp-content\/uploads\/2023\/11\/majavitbakgrund-scaled-1-1096x1536.jpg 1096w, https:\/\/www.niemibil.se\/wp-content\/uploads\/2023\/11\/majavitbakgrund-scaled-1-9x12.jpg 9w, https:\/\/www.niemibil.se\/wp-content\/uploads\/2023\/11\/elementor\/thumbs\/majavitbakgrund-scaled-1-qmvuh3gjx7heh008ud4amxc4vovntr0nqd8hwof8ew.jpg 500w, https:\/\/www.niemibil.se\/wp-content\/uploads\/2023\/11\/majavitbakgrund-scaled-1.jpg 1370w\" sizes=\"auto, (max-width: 731px) 100vw, 731px\" \/><\/figure><div class=\"wp-block-media-text__content\">\n<p><\/p>\n\n\n\n<p><em>Maja Johansson, Niemi Bil Lule\u00e5<\/em><\/p>\n<\/div><\/div>","protected":false},"excerpt":{"rendered":"<p>Top Gear \u00e4r f\u00f6rst med att visa upp de nya officiella bilderna p\u00e5 MGs nya SUV som vi ber\u00e4ttade om f\u00f6rra veckan. Vi f\u00e5r s\u00e4ga att det \u00e4r en v\u00e4ldesignad och modern historia, \u00e4ven om informationen \u00e4n s\u00e5 l\u00e4nge \u00e4r sparsmakad ska vi ber\u00e4tta vad vi vet i nul\u00e4get! L\u00e5dformad, retro och modern p\u00e5 samma [&hellip;]<\/p>\n","protected":false},"author":18,"featured_media":2203620,"comment_status":"closed","ping_status":"closed","sticky":false,"template":"","format":"standard","meta":{"_acf_changed":false,"footnotes":""},"categories":[1],"tags":[],"class_list":["post-2203612","post","type-post","status-publish","format-standard","has-post-thumbnail","hentry","category-uncategorized"],"acf":[],"_links":{"self":[{"href":"https:\/\/www.niemibil.se\/en\/wp-json\/wp\/v2\/posts\/2203612","targetHints":{"allow":["GET"]}}],"collection":[{"href":"https:\/\/www.niemibil.se\/en\/wp-json\/wp\/v2\/posts"}],"about":[{"href":"https:\/\/www.niemibil.se\/en\/wp-json\/wp\/v2\/types\/post"}],"author":[{"embeddable":true,"href":"https:\/\/www.niemibil.se\/en\/wp-json\/wp\/v2\/users\/18"}],"replies":[{"embeddable":true,"href":"https:\/\/www.niemibil.se\/en\/wp-json\/wp\/v2\/comments?post=2203612"}],"version-history":[{"count":1,"href":"https:\/\/www.niemibil.se\/en\/wp-json\/wp\/v2\/posts\/2203612\/revisions"}],"predecessor-version":[{"id":2203619,"href":"https:\/\/www.niemibil.se\/en\/wp-json\/wp\/v2\/posts\/2203612\/revisions\/2203619"}],"wp:featuredmedia":[{"embeddable":true,"href":"https:\/\/www.niemibil.se\/en\/wp-json\/wp\/v2\/media\/2203620"}],"wp:attachment":[{"href":"https:\/\/www.niemibil.se\/en\/wp-json\/wp\/v2\/media?parent=2203612"}],"wp:term":[{"taxonomy":"category","embeddable":true,"href":"https:\/\/www.niemibil.se\/en\/wp-json\/wp\/v2\/categories?post=2203612"},{"taxonomy":"post_tag","embeddable":true,"href":"https:\/\/www.niemibil.se\/en\/wp-json\/wp\/v2\/tags?post=2203612"}],"curies":[{"name":"wp","href":"https:\/\/api.w.org\/{rel}","templated":true}]}}