{"id":2202932,"date":"2025-04-17T12:16:51","date_gmt":"2025-04-17T10:16:51","guid":{"rendered":"https:\/\/www.niemibil.se\/?p=2202932"},"modified":"2025-04-17T12:16:52","modified_gmt":"2025-04-17T10:16:52","slug":"sneak-peek-mg-cyber-x","status":"publish","type":"post","link":"https:\/\/www.niemibil.se\/en\/sneak-peek-mg-cyber-x\/","title":{"rendered":"Teaser for the new MG Cyber X"},"content":{"rendered":"<p><strong><em>The news site &quot;GaadiWaadi&quot; reports on MG&#039;s upcoming SUV &quot;CyberX&quot; which seems to be a Land Cruiser-like story, and completely electric too. Will it come to Sweden? It is currently unclear, but we are following developments with excitement!<\/em><\/strong><\/p>\n\n\n\n<div style=\"height:19px\" aria-hidden=\"true\" class=\"wp-block-spacer\"><\/div>\n\n\n<div class=\"wp-block-image\">\n<figure class=\"aligncenter size-full\"><img loading=\"lazy\" decoding=\"async\" width=\"696\" height=\"391\" src=\"https:\/\/www.niemibil.se\/wp-content\/uploads\/2025\/04\/MG-CyberX1-696x391-1.webp\" alt=\"\" class=\"wp-image-2202934\" srcset=\"https:\/\/www.niemibil.se\/wp-content\/uploads\/2025\/04\/MG-CyberX1-696x391-1.webp 696w, https:\/\/www.niemibil.se\/wp-content\/uploads\/2025\/04\/MG-CyberX1-696x391-1-300x169.webp 300w, https:\/\/www.niemibil.se\/wp-content\/uploads\/2025\/04\/MG-CyberX1-696x391-1-18x10.webp 18w\" sizes=\"auto, (max-width: 696px) 100vw, 696px\" \/><\/figure>\n<\/div>\n\n\n<div style=\"height:35px\" aria-hidden=\"true\" class=\"wp-block-spacer\"><\/div>\n\n\n\n<h2 class=\"wp-block-heading\">Electric \u201cLifestyle Product\u201d from MG<\/h2>\n\n\n\n<p>MG calls this type of car a lifestyle product, just like the previously acclaimed MG Cyberster. This is evident in the very high design, with, for example, integrated door handles, illuminated MG emblems and beautiful front and rear lights.<\/p>\n\n\n\n<div style=\"height:35px\" aria-hidden=\"true\" class=\"wp-block-spacer\"><\/div>\n\n\n<div class=\"wp-block-image\">\n<figure class=\"aligncenter size-full is-resized\"><img loading=\"lazy\" decoding=\"async\" width=\"696\" height=\"391\" src=\"https:\/\/www.niemibil.se\/wp-content\/uploads\/2025\/04\/MG-CyberX3-696x391-1.webp\" alt=\"\" class=\"wp-image-2202936\" style=\"width:730px;height:auto\" srcset=\"https:\/\/www.niemibil.se\/wp-content\/uploads\/2025\/04\/MG-CyberX3-696x391-1.webp 696w, https:\/\/www.niemibil.se\/wp-content\/uploads\/2025\/04\/MG-CyberX3-696x391-1-300x169.webp 300w, https:\/\/www.niemibil.se\/wp-content\/uploads\/2025\/04\/MG-CyberX3-696x391-1-18x10.webp 18w\" sizes=\"auto, (max-width: 696px) 100vw, 696px\" \/><\/figure>\n<\/div>\n\n\n<p class=\"has-text-align-center has-small-font-size\">The MG Cyber X seems to be a well-designed story, even if the images are light-shaded.<\/p>\n\n\n\n<div style=\"height:35px\" aria-hidden=\"true\" class=\"wp-block-spacer\"><\/div>\n\n\n\n<h2 class=\"wp-block-heading\">When will it arrive?<\/h2>\n\n\n\n<p>As mentioned, it is currently unclear where it will be launched and when it will be available. But SAIC Motor (which owns MG) expects to be able to launch it in China already this year. More info will come during the Shanghai Auto Show later in April. We will be back!<\/p>\n\n\n\n<div style=\"height:35px\" aria-hidden=\"true\" class=\"wp-block-spacer\"><\/div>\n\n\n\n<hr class=\"wp-block-separator has-alpha-channel-opacity\"\/>\n\n\n\n<div style=\"height:35px\" aria-hidden=\"true\" class=\"wp-block-spacer\"><\/div>\n\n\n\n<p>Are you looking for a new car just in time for winter? <a href=\"https:\/\/www.niemibil.se\/en\/used-cars\/\" data-type=\"page\" data-id=\"2146\"><strong>Check out what cars we have in stock here!<\/strong><\/a><\/p>\n\n\n\n<p>Gear: <a href=\"tel:0920230088\"><strong>0920-23 00 88<\/strong><\/a><br>E-mail: <a href=\"mailto:intresse@niemibil.se\"><strong>intresse@niemibil.se <\/strong><\/a><\/p>\n\n\n\n<div class=\"wp-block-media-text is-stacked-on-mobile\" style=\"grid-template-columns:15% auto\"><figure class=\"wp-block-media-text__media\"><img loading=\"lazy\" decoding=\"async\" width=\"731\" height=\"1024\" src=\"https:\/\/www.niemibil.se\/wp-content\/uploads\/2023\/11\/majavitbakgrund-scaled-1-731x1024.jpg\" alt=\"\" class=\"wp-image-2112453 size-full\" srcset=\"https:\/\/www.niemibil.se\/wp-content\/uploads\/2023\/11\/majavitbakgrund-scaled-1-731x1024.jpg 731w, https:\/\/www.niemibil.se\/wp-content\/uploads\/2023\/11\/majavitbakgrund-scaled-1-214x300.jpg 214w, https:\/\/www.niemibil.se\/wp-content\/uploads\/2023\/11\/majavitbakgrund-scaled-1-768x1076.jpg 768w, https:\/\/www.niemibil.se\/wp-content\/uploads\/2023\/11\/majavitbakgrund-scaled-1-1096x1536.jpg 1096w, https:\/\/www.niemibil.se\/wp-content\/uploads\/2023\/11\/majavitbakgrund-scaled-1-9x12.jpg 9w, https:\/\/www.niemibil.se\/wp-content\/uploads\/2023\/11\/elementor\/thumbs\/majavitbakgrund-scaled-1-qmvuh3gjx7heh008ud4amxc4vovntr0nqd8hwof8ew.jpg 500w, https:\/\/www.niemibil.se\/wp-content\/uploads\/2023\/11\/majavitbakgrund-scaled-1.jpg 1370w\" sizes=\"auto, (max-width: 731px) 100vw, 731px\" \/><\/figure><div class=\"wp-block-media-text__content\">\n<p><\/p>\n\n\n\n<p><em>Maja Johansson, Niemi Bil Lule\u00e5<\/em><\/p>\n<\/div><\/div>","protected":false},"excerpt":{"rendered":"<p>Nyhetssidan &#8221;GaadiWaadi&#8221; rapporterar om MGs kommande SUV &#8221;CyberX&#8221; som verkar bli en Land Cruiser-liknande historia, och helt eldriven dessutom. Kommer den till Sverige? Det \u00e4r i dagsl\u00e4get oklart, men vi f\u00f6ljer utvecklingen med sp\u00e4nning! Elektrisk &#8221;Livsstilsprodukt&#8221; fr\u00e5n MG MG kallar denna typ av bilar f\u00f6r en livsstilsprodukt, precis som den tidigare s\u00e5 uppm\u00e4rksammade MG Cyberster. [&hellip;]<\/p>\n","protected":false},"author":18,"featured_media":2202935,"comment_status":"closed","ping_status":"closed","sticky":false,"template":"","format":"standard","meta":{"_acf_changed":false,"footnotes":""},"categories":[1],"tags":[],"class_list":["post-2202932","post","type-post","status-publish","format-standard","has-post-thumbnail","hentry","category-uncategorized"],"acf":[],"_links":{"self":[{"href":"https:\/\/www.niemibil.se\/en\/wp-json\/wp\/v2\/posts\/2202932","targetHints":{"allow":["GET"]}}],"collection":[{"href":"https:\/\/www.niemibil.se\/en\/wp-json\/wp\/v2\/posts"}],"about":[{"href":"https:\/\/www.niemibil.se\/en\/wp-json\/wp\/v2\/types\/post"}],"author":[{"embeddable":true,"href":"https:\/\/www.niemibil.se\/en\/wp-json\/wp\/v2\/users\/18"}],"replies":[{"embeddable":true,"href":"https:\/\/www.niemibil.se\/en\/wp-json\/wp\/v2\/comments?post=2202932"}],"version-history":[{"count":1,"href":"https:\/\/www.niemibil.se\/en\/wp-json\/wp\/v2\/posts\/2202932\/revisions"}],"predecessor-version":[{"id":2202937,"href":"https:\/\/www.niemibil.se\/en\/wp-json\/wp\/v2\/posts\/2202932\/revisions\/2202937"}],"wp:featuredmedia":[{"embeddable":true,"href":"https:\/\/www.niemibil.se\/en\/wp-json\/wp\/v2\/media\/2202935"}],"wp:attachment":[{"href":"https:\/\/www.niemibil.se\/en\/wp-json\/wp\/v2\/media?parent=2202932"}],"wp:term":[{"taxonomy":"category","embeddable":true,"href":"https:\/\/www.niemibil.se\/en\/wp-json\/wp\/v2\/categories?post=2202932"},{"taxonomy":"post_tag","embeddable":true,"href":"https:\/\/www.niemibil.se\/en\/wp-json\/wp\/v2\/tags?post=2202932"}],"curies":[{"name":"wp","href":"https:\/\/api.w.org\/{rel}","templated":true}]}}