{"id":2190362,"date":"2024-12-13T11:21:53","date_gmt":"2024-12-13T10:21:53","guid":{"rendered":"https:\/\/www.niemibil.se\/?p=2190362"},"modified":"2024-12-13T12:15:08","modified_gmt":"2024-12-13T11:15:08","slug":"crazy-cars-2","status":"publish","type":"post","link":"https:\/\/www.niemibil.se\/en\/crazy-cars-2\/","title":{"rendered":"5 Crazy Cars"},"content":{"rendered":"<p><em><strong>If you follow Niemi Bil on social media, you may have seen that we recently took a look at 5 crazy cars from history. If not, you can find that video here <a href=\"https:\/\/www.instagram.com\/p\/DDcNQXsNxny\/\" rel=\"nofollow noopener\" target=\"_blank\">here on our Instagram<\/a>But there are of course more than five cars that fit on that list, so here we&#039;re going to take a look at some more truly unique cars!<\/strong><\/em><\/p>\n\n\n\n<div style=\"height:19px\" aria-hidden=\"true\" class=\"wp-block-spacer\"><\/div>\n\n\n\n<h2 class=\"wp-block-heading\">1. General Motors Firebird I<\/h2>\n\n\n\n<p>Is it an airplane? Is it a spaceship? No, it&#039;s the General Motors Firebird! The concept car, because General Motors actually made a real car that was also called the Firebird. This version was a Pontiac which was also pretty cool in itself, but not quite on the same level as the concept cars!<\/p>\n\n\n\n<div style=\"height:35px\" aria-hidden=\"true\" class=\"wp-block-spacer\"><\/div>\n\n\n<div class=\"wp-block-image\">\n<figure class=\"aligncenter size-full is-resized\"><img loading=\"lazy\" decoding=\"async\" width=\"1888\" height=\"942\" src=\"https:\/\/www.niemibil.se\/wp-content\/uploads\/2024\/12\/FirebirdI.webp\" alt=\"\" class=\"wp-image-2190364\" style=\"width:660px;height:auto\" srcset=\"https:\/\/www.niemibil.se\/wp-content\/uploads\/2024\/12\/FirebirdI.webp 1888w, https:\/\/www.niemibil.se\/wp-content\/uploads\/2024\/12\/FirebirdI-300x150.webp 300w, https:\/\/www.niemibil.se\/wp-content\/uploads\/2024\/12\/FirebirdI-1024x511.webp 1024w, https:\/\/www.niemibil.se\/wp-content\/uploads\/2024\/12\/FirebirdI-768x383.webp 768w, https:\/\/www.niemibil.se\/wp-content\/uploads\/2024\/12\/FirebirdI-1536x766.webp 1536w, https:\/\/www.niemibil.se\/wp-content\/uploads\/2024\/12\/FirebirdI-18x9.webp 18w\" sizes=\"auto, (max-width: 1888px) 100vw, 1888px\" \/><\/figure>\n<\/div>\n\n\n<div style=\"height:35px\" aria-hidden=\"true\" class=\"wp-block-spacer\"><\/div>\n\n\n\n<h2 class=\"wp-block-heading\">2. Oscar Mayer&#039;s &quot;Wienermobile&quot;<\/h2>\n\n\n\n<p>It may have been created for advertising purposes, but it&#039;s hard to forget. Maybe you could even call it iconic? A few exist or have existed over the years, and they&#039;re all built on Isuzu trucks with 6-liter V8s from Chevrolet. Maybe there&#039;s a little bit of a &quot;ketchup effect&quot; when you press the gas pedal... Did you know that the drivers of these hot dog trucks are called &quot;Hotdoggers?&quot; Strange.<\/p>\n\n\n\n<div style=\"height:35px\" aria-hidden=\"true\" class=\"wp-block-spacer\"><\/div>\n\n\n<div class=\"wp-block-image\">\n<figure class=\"aligncenter size-full is-resized\"><img loading=\"lazy\" decoding=\"async\" width=\"970\" height=\"647\" src=\"https:\/\/www.niemibil.se\/wp-content\/uploads\/2024\/12\/creative-divider-photos-1-q4p5vp-cropped.webp\" alt=\"\" class=\"wp-image-2190365\" style=\"width:665px;height:auto\" srcset=\"https:\/\/www.niemibil.se\/wp-content\/uploads\/2024\/12\/creative-divider-photos-1-q4p5vp-cropped.webp 970w, https:\/\/www.niemibil.se\/wp-content\/uploads\/2024\/12\/creative-divider-photos-1-q4p5vp-cropped-300x200.webp 300w, https:\/\/www.niemibil.se\/wp-content\/uploads\/2024\/12\/creative-divider-photos-1-q4p5vp-cropped-768x512.webp 768w, https:\/\/www.niemibil.se\/wp-content\/uploads\/2024\/12\/creative-divider-photos-1-q4p5vp-cropped-18x12.webp 18w\" sizes=\"auto, (max-width: 970px) 100vw, 970px\" \/><\/figure>\n<\/div>\n\n\n<div style=\"height:35px\" aria-hidden=\"true\" class=\"wp-block-spacer\"><\/div>\n\n\n\n<h2 class=\"wp-block-heading\">3. Leyat Helica<\/h2>\n\n\n\n<p>If you follow \u201cThe Grand Tour\u201d on Amazon Prime, you\u2019ve probably already experienced the terror of the third car on this list. These days, car manufacturers place a lot of emphasis on pedestrian safety, but that may NOT have been a factor in the 1920s when the (presumably wildly insane) Frenchman Marcel Leyat designed this rolling hand blender. The propeller was powered by a Harley Davidson engine and the body was built of plywood. Because, as you know, a bad idea rarely comes alone.<\/p>\n\n\n\n<div style=\"height:35px\" aria-hidden=\"true\" class=\"wp-block-spacer\"><\/div>\n\n\n<div class=\"wp-block-image\">\n<figure class=\"aligncenter size-full is-resized\"><img loading=\"lazy\" decoding=\"async\" width=\"1200\" height=\"800\" src=\"https:\/\/www.niemibil.se\/wp-content\/uploads\/2024\/12\/assets.newatlas.webp\" alt=\"\" class=\"wp-image-2190368\" style=\"width:670px;height:auto\" srcset=\"https:\/\/www.niemibil.se\/wp-content\/uploads\/2024\/12\/assets.newatlas.webp 1200w, https:\/\/www.niemibil.se\/wp-content\/uploads\/2024\/12\/assets.newatlas-300x200.webp 300w, https:\/\/www.niemibil.se\/wp-content\/uploads\/2024\/12\/assets.newatlas-1024x683.webp 1024w, https:\/\/www.niemibil.se\/wp-content\/uploads\/2024\/12\/assets.newatlas-768x512.webp 768w, https:\/\/www.niemibil.se\/wp-content\/uploads\/2024\/12\/assets.newatlas-18x12.webp 18w\" sizes=\"auto, (max-width: 1200px) 100vw, 1200px\" \/><\/figure>\n<\/div>\n\n\n<div style=\"height:35px\" aria-hidden=\"true\" class=\"wp-block-spacer\"><\/div>\n\n\n\n<h2 class=\"wp-block-heading\">4. \u201cThe Popemobile\u201d<\/h2>\n\n\n\n<p>The Pope&#039;s mobile in Swedish has come in several different forms. It has been a Jeep a couple of times, but usually a Mercedes of some kind. Because the Pope has good taste in cars, apparently. Common to all (and most distinctive) is of course the large aquarium-like protective device from which the Pope looks out at the crowds, with bulletproof glass that keeps the Pope safe. Why he needs bulletproof glass when he has God&#039;s protection and blessing I will not speculate here.<\/p>\n\n\n\n<div style=\"height:35px\" aria-hidden=\"true\" class=\"wp-block-spacer\"><\/div>\n\n\n<div class=\"wp-block-image\">\n<figure class=\"aligncenter size-large is-resized\"><img loading=\"lazy\" decoding=\"async\" width=\"1024\" height=\"726\" src=\"https:\/\/www.niemibil.se\/wp-content\/uploads\/2024\/12\/pope-benedict-xvi-popemobile-at-Olympiastadion-stadium-Berlin-Germany-2011-1024x726.webp\" alt=\"\" class=\"wp-image-2190370\" style=\"width:668px;height:auto\" srcset=\"https:\/\/www.niemibil.se\/wp-content\/uploads\/2024\/12\/pope-benedict-xvi-popemobile-at-Olympiastadion-stadium-Berlin-Germany-2011-1024x726.webp 1024w, https:\/\/www.niemibil.se\/wp-content\/uploads\/2024\/12\/pope-benedict-xvi-popemobile-at-Olympiastadion-stadium-Berlin-Germany-2011-300x213.webp 300w, https:\/\/www.niemibil.se\/wp-content\/uploads\/2024\/12\/pope-benedict-xvi-popemobile-at-Olympiastadion-stadium-Berlin-Germany-2011-768x545.webp 768w, https:\/\/www.niemibil.se\/wp-content\/uploads\/2024\/12\/pope-benedict-xvi-popemobile-at-Olympiastadion-stadium-Berlin-Germany-2011-1536x1090.webp 1536w, https:\/\/www.niemibil.se\/wp-content\/uploads\/2024\/12\/pope-benedict-xvi-popemobile-at-Olympiastadion-stadium-Berlin-Germany-2011-18x12.webp 18w, https:\/\/www.niemibil.se\/wp-content\/uploads\/2024\/12\/pope-benedict-xvi-popemobile-at-Olympiastadion-stadium-Berlin-Germany-2011.webp 1600w\" sizes=\"auto, (max-width: 1024px) 100vw, 1024px\" \/><\/figure>\n<\/div>\n\n\n<div style=\"height:35px\" aria-hidden=\"true\" class=\"wp-block-spacer\"><\/div>\n\n\n\n<h2 class=\"wp-block-heading\">5. Plymouth Prowler<\/h2>\n\n\n\n<p>A real Hotrod feel was actually available straight from the factory for a while around the turn of the millennium, from Plymouth for a while and later from Chrysler (it was a bit shaky around classic American car brands there for a while). Designed to imitate a Ford hot rod from the 30s, the Prowler offered iconic style and\u2026 not much else really (there&#039;s a reason they&#039;re not made anymore). With steering from Chrysler minivans and shock absorbers from a Dodge Viper. The fact that you couldn&#039;t fit more than a small suitcase in the trunk is another factor in the Prowler&#039;s\u2026 let&#039;s say \u201climited\u201d success.<\/p>\n\n\n\n<div style=\"height:35px\" aria-hidden=\"true\" class=\"wp-block-spacer\"><\/div>\n\n\n<div class=\"wp-block-image\">\n<figure class=\"aligncenter size-full is-resized\"><img loading=\"lazy\" decoding=\"async\" width=\"970\" height=\"647\" src=\"https:\/\/www.niemibil.se\/wp-content\/uploads\/2024\/12\/Plymouth_Prowler_-_DarthArt-min.webp\" alt=\"\" class=\"wp-image-2190371\" style=\"width:666px;height:auto\" srcset=\"https:\/\/www.niemibil.se\/wp-content\/uploads\/2024\/12\/Plymouth_Prowler_-_DarthArt-min.webp 970w, https:\/\/www.niemibil.se\/wp-content\/uploads\/2024\/12\/Plymouth_Prowler_-_DarthArt-min-300x200.webp 300w, https:\/\/www.niemibil.se\/wp-content\/uploads\/2024\/12\/Plymouth_Prowler_-_DarthArt-min-768x512.webp 768w, https:\/\/www.niemibil.se\/wp-content\/uploads\/2024\/12\/Plymouth_Prowler_-_DarthArt-min-18x12.webp 18w\" sizes=\"auto, (max-width: 970px) 100vw, 970px\" \/><\/figure>\n<\/div>\n\n\n<div style=\"height:35px\" aria-hidden=\"true\" class=\"wp-block-spacer\"><\/div>\n\n\n\n<hr class=\"wp-block-separator has-alpha-channel-opacity\"\/>\n\n\n\n<div style=\"height:35px\" aria-hidden=\"true\" class=\"wp-block-spacer\"><\/div>\n\n\n\n<p>Are you looking for a new car just in time for winter? <a href=\"https:\/\/www.niemibil.se\/en\/used-cars\/\" data-type=\"page\" data-id=\"2146\"><strong>Check out what cars we have in stock here!<\/strong><\/a><\/p>\n\n\n\n<p>Phone: <a href=\"tel:0920230088\"><strong>0920-23 00 88<\/strong><\/a><br>E-mail: <a href=\"mailto:intresse@niemibil.se\"><strong>intresse@niemibil.se <\/strong><\/a><\/p>\n\n\n\n<div class=\"wp-block-media-text is-stacked-on-mobile\" style=\"grid-template-columns:15% auto\"><figure class=\"wp-block-media-text__media\"><img loading=\"lazy\" decoding=\"async\" width=\"731\" height=\"1024\" src=\"https:\/\/www.niemibil.se\/wp-content\/uploads\/2023\/11\/majavitbakgrund-scaled-1-731x1024.jpg\" alt=\"\" class=\"wp-image-2112453 size-full\" srcset=\"https:\/\/www.niemibil.se\/wp-content\/uploads\/2023\/11\/majavitbakgrund-scaled-1-731x1024.jpg 731w, https:\/\/www.niemibil.se\/wp-content\/uploads\/2023\/11\/majavitbakgrund-scaled-1-214x300.jpg 214w, https:\/\/www.niemibil.se\/wp-content\/uploads\/2023\/11\/majavitbakgrund-scaled-1-768x1076.jpg 768w, https:\/\/www.niemibil.se\/wp-content\/uploads\/2023\/11\/majavitbakgrund-scaled-1-1096x1536.jpg 1096w, https:\/\/www.niemibil.se\/wp-content\/uploads\/2023\/11\/majavitbakgrund-scaled-1-9x12.jpg 9w, https:\/\/www.niemibil.se\/wp-content\/uploads\/2023\/11\/elementor\/thumbs\/majavitbakgrund-scaled-1-qmvuh3gjx7heh008ud4amxc4vovntr0nqd8hwof8ew.jpg 500w, https:\/\/www.niemibil.se\/wp-content\/uploads\/2023\/11\/majavitbakgrund-scaled-1.jpg 1370w\" sizes=\"auto, (max-width: 731px) 100vw, 731px\" \/><\/figure><div class=\"wp-block-media-text__content\">\n<p><\/p>\n\n\n\n<p><em>Maja Johansson, Niemi Bil Lule\u00e5<\/em><\/p>\n<\/div><\/div>","protected":false},"excerpt":{"rendered":"<p>Om du f\u00f6ljer Niemi Bil p\u00e5 sociala medier kanske du har sett att vi nyligen kollade in 5 galna bilar fr\u00e5n historien. Om inte s\u00e5 hittar du den videon h\u00e4r p\u00e5 v\u00e5r Instagram. Men det finns ju s\u00e5 klart fler \u00e4n fem bilar som platsar p\u00e5 den listan, s\u00e5 h\u00e4r ska vi ta en titt [&hellip;]<\/p>\n","protected":false},"author":18,"featured_media":2190374,"comment_status":"closed","ping_status":"closed","sticky":false,"template":"","format":"standard","meta":{"_acf_changed":false,"footnotes":""},"categories":[1],"tags":[],"class_list":["post-2190362","post","type-post","status-publish","format-standard","has-post-thumbnail","hentry","category-uncategorized"],"acf":[],"_links":{"self":[{"href":"https:\/\/www.niemibil.se\/en\/wp-json\/wp\/v2\/posts\/2190362","targetHints":{"allow":["GET"]}}],"collection":[{"href":"https:\/\/www.niemibil.se\/en\/wp-json\/wp\/v2\/posts"}],"about":[{"href":"https:\/\/www.niemibil.se\/en\/wp-json\/wp\/v2\/types\/post"}],"author":[{"embeddable":true,"href":"https:\/\/www.niemibil.se\/en\/wp-json\/wp\/v2\/users\/18"}],"replies":[{"embeddable":true,"href":"https:\/\/www.niemibil.se\/en\/wp-json\/wp\/v2\/comments?post=2190362"}],"version-history":[{"count":5,"href":"https:\/\/www.niemibil.se\/en\/wp-json\/wp\/v2\/posts\/2190362\/revisions"}],"predecessor-version":[{"id":2190387,"href":"https:\/\/www.niemibil.se\/en\/wp-json\/wp\/v2\/posts\/2190362\/revisions\/2190387"}],"wp:featuredmedia":[{"embeddable":true,"href":"https:\/\/www.niemibil.se\/en\/wp-json\/wp\/v2\/media\/2190374"}],"wp:attachment":[{"href":"https:\/\/www.niemibil.se\/en\/wp-json\/wp\/v2\/media?parent=2190362"}],"wp:term":[{"taxonomy":"category","embeddable":true,"href":"https:\/\/www.niemibil.se\/en\/wp-json\/wp\/v2\/categories?post=2190362"},{"taxonomy":"post_tag","embeddable":true,"href":"https:\/\/www.niemibil.se\/en\/wp-json\/wp\/v2\/tags?post=2190362"}],"curies":[{"name":"wp","href":"https:\/\/api.w.org\/{rel}","templated":true}]}}