{"id":2166882,"date":"2024-05-24T10:07:58","date_gmt":"2024-05-24T08:07:58","guid":{"rendered":"https:\/\/www.niemibil.se\/?p=2166882"},"modified":"2024-08-19T13:03:55","modified_gmt":"2024-08-19T11:03:55","slug":"mg-premiums-in-umea","status":"publish","type":"post","link":"https:\/\/www.niemibil.se\/en\/mg-premiums-in-umea\/","title":{"rendered":"MG premiere in Ume\u00e5!"},"content":{"rendered":"<h2 class=\"wp-block-heading\" style=\"font-style:normal;font-weight:600\">Finally, Niemi Bil is the official dealer of the classic car brand!<\/h2>\n\n\n\n<p>On Saturday, June 8th, we celebrate MG moving into the car showroom at Formv\u00e4gen 8 and welcome them into the Niemi Bil community! We offer great deals, food and drinks, and fun competitions for the whole family!<\/p>\n\n\n\n<p><strong>When?<\/strong> Saturday 8th June<br><strong>Where? <\/strong>Formv\u00e4gen 8 in Ume\u00e5<br><strong>Time?<\/strong> 10:00 &#8211; 15:00<\/p>\n\n\n\n<div class=\"wp-block-media-text alignwide is-stacked-on-mobile\"><figure class=\"wp-block-media-text__media\"><img loading=\"lazy\" decoding=\"async\" width=\"800\" height=\"500\" src=\"https:\/\/www.niemibil.se\/app\/uploads\/2022\/10\/burgare-test1.jpg\" alt=\"\" class=\"wp-image-1647227 size-full\" srcset=\"https:\/\/www.niemibil.se\/wp-content\/uploads\/2022\/10\/burgare-test1.jpg 800w, https:\/\/www.niemibil.se\/wp-content\/uploads\/2022\/10\/burgare-test1-300x188.jpg 300w, https:\/\/www.niemibil.se\/wp-content\/uploads\/2022\/10\/burgare-test1-768x480.jpg 768w, https:\/\/www.niemibil.se\/wp-content\/uploads\/2022\/10\/burgare-test1-18x12.jpg 18w\" sizes=\"auto, (max-width: 800px) 100vw, 800px\" \/><\/figure><div class=\"wp-block-media-text__content\">\n<p><strong>We offer hamburgers, coffee, snacks and sweets!<\/strong><\/p>\n\n\n\n<p><strong>Competitions with great prizes and great offers throughout the day!<\/strong><\/p>\n<\/div><\/div>\n\n\n\n<p><strong>What will happen during the opening weekend?<\/strong><\/p>\n\n\n\n<p><strong>We offer food:<\/strong><\/p>\n\n\n\n<ul class=\"wp-block-list\">\n<li>YMCA Ume\u00e5 Youth Women Grilling hamburgers!<\/li>\n<\/ul>\n\n\n\n<p><strong>Great offers for those who buy a car during the premiere!<\/strong><\/p>\n\n\n\n<ul class=\"wp-block-list\">\n<li><a href=\"https:\/\/www.niemibil.se\/en\/mg4-campaign\/\"><strong>Launch campaign on MG4 \u2013 Private leasing 2,995 SEK \u2013 Read more<\/strong><\/a> (NOTE! This price is only valid until 2024-07-01)<\/li>\n<\/ul>\n\n\n\n<p><\/p>\n\n\n\n<p><strong>Competitions and activities<\/strong>:<\/p>\n\n\n\n<div class=\"wp-block-media-text is-stacked-on-mobile\" style=\"grid-template-columns:48% auto\"><figure class=\"wp-block-media-text__media\"><img loading=\"lazy\" decoding=\"async\" width=\"1024\" height=\"681\" src=\"https:\/\/www.niemibil.se\/wp-content\/uploads\/2024\/05\/MG4-1-1024x681.webp\" alt=\"\" class=\"wp-image-2166830 size-full\" srcset=\"https:\/\/www.niemibil.se\/wp-content\/uploads\/2024\/05\/MG4-1-1024x681.webp 1024w, https:\/\/www.niemibil.se\/wp-content\/uploads\/2024\/05\/MG4-1-300x200.webp 300w, https:\/\/www.niemibil.se\/wp-content\/uploads\/2024\/05\/MG4-1-768x511.webp 768w, https:\/\/www.niemibil.se\/wp-content\/uploads\/2024\/05\/MG4-1-1536x1022.webp 1536w, https:\/\/www.niemibil.se\/wp-content\/uploads\/2024\/05\/MG4-1-2048x1363.webp 2048w, https:\/\/www.niemibil.se\/wp-content\/uploads\/2024\/05\/MG4-1-18x12.webp 18w\" sizes=\"auto, (max-width: 1024px) 100vw, 1024px\" \/><\/figure><div class=\"wp-block-media-text__content\">\n<p><\/p>\n\n\n\n<ul class=\"wp-block-list\">\n<li><strong>Spin the wheel of fortune<\/strong> and win really great prizes!<\/li>\n\n\n\n<li><strong>Throwing competition <\/strong>\u2013 Keep your tongue in your mouth and aim straight!<\/li>\n\n\n\n<li><strong>Quiz!<\/strong> Answer tricky questions and win a hotel night for 2 people including spa!<\/li>\n\n\n\n<li><strong>Radio-controlled car<\/strong> \u2013 Test drive for all children<\/li>\n<\/ul>\n<\/div><\/div>\n\n\n\n<div style=\"height:50px\" aria-hidden=\"true\" class=\"wp-block-spacer\"><\/div>\n\n\n\n<p><strong>Find our car showroom on Formv\u00e4gen:<\/strong><br>(It is located right next to our previous facility)<\/p>\n\n\n<p><iframe src=\"https:\/\/www.google.com\/maps\/embed?pb=!1m18!1m12!1m3!1d1758.3617905278488!2d20.304368778211735!3d63.85066597711045!2m3!1f0!2f0!3f0!3m2!1i1024!2i768!4f13.1!3m3!1m2!1s0x467c5b57f66964cd%3A0xaeda9e90367d15ed!2sNiemi%20Bil%20-%20F%C3%B6rs%C3%A4ljning!5e0!3m2!1ssv!2sse!4v1716537942612!5m2!1ssv!2sse\" width=\"600\" height=\"450\" style=\"border:0;\" allowfullscreen=\"\" loading=\"lazy\" referrerpolicy=\"no-referrer-when-downgrade\"><\/iframe><\/p>\n\n\n\n<figure class=\"wp-block-image size-full\"><img loading=\"lazy\" decoding=\"async\" width=\"1000\" height=\"100\" src=\"https:\/\/www.niemibil.se\/wp-content\/uploads\/2023\/12\/Valkommen.png\" alt=\"\" class=\"wp-image-2130221\" srcset=\"https:\/\/www.niemibil.se\/wp-content\/uploads\/2023\/12\/Valkommen.png 1000w, https:\/\/www.niemibil.se\/wp-content\/uploads\/2023\/12\/Valkommen-300x30.png 300w, https:\/\/www.niemibil.se\/wp-content\/uploads\/2023\/12\/Valkommen-768x77.png 768w, https:\/\/www.niemibil.se\/wp-content\/uploads\/2023\/12\/Valkommen-18x2.png 18w\" sizes=\"auto, (max-width: 1000px) 100vw, 1000px\" \/><\/figure>","protected":false},"excerpt":{"rendered":"<p>\u00c4ntligen \u00e4r Niemi Bil officiell \u00e5terf\u00f6rs\u00e4ljare av det klassiska bilm\u00e4rket! L\u00f6rdagen den 8 juni firar vi att MG flyttar in i bilhallen p\u00e5 Formv\u00e4gen 8 och v\u00e4lkomnar dem in i Niemi Bil-gemenskapen! Vi bjuder p\u00e5 supererbjudanden, mat och dryck, och roliga t\u00e4vlingar f\u00f6r hela familjen! N\u00e4r? L\u00f6rdag 8e JuniVar? Formv\u00e4gen 8 i Ume\u00e5Tid? 10:00 &#8211; [&hellip;]<\/p>\n","protected":false},"author":18,"featured_media":2166884,"comment_status":"closed","ping_status":"closed","sticky":false,"template":"","format":"standard","meta":{"_acf_changed":false,"footnotes":""},"categories":[1],"tags":[],"class_list":["post-2166882","post","type-post","status-publish","format-standard","has-post-thumbnail","hentry","category-uncategorized"],"acf":[],"_links":{"self":[{"href":"https:\/\/www.niemibil.se\/en\/wp-json\/wp\/v2\/posts\/2166882","targetHints":{"allow":["GET"]}}],"collection":[{"href":"https:\/\/www.niemibil.se\/en\/wp-json\/wp\/v2\/posts"}],"about":[{"href":"https:\/\/www.niemibil.se\/en\/wp-json\/wp\/v2\/types\/post"}],"author":[{"embeddable":true,"href":"https:\/\/www.niemibil.se\/en\/wp-json\/wp\/v2\/users\/18"}],"replies":[{"embeddable":true,"href":"https:\/\/www.niemibil.se\/en\/wp-json\/wp\/v2\/comments?post=2166882"}],"version-history":[{"count":9,"href":"https:\/\/www.niemibil.se\/en\/wp-json\/wp\/v2\/posts\/2166882\/revisions"}],"predecessor-version":[{"id":2176436,"href":"https:\/\/www.niemibil.se\/en\/wp-json\/wp\/v2\/posts\/2166882\/revisions\/2176436"}],"wp:featuredmedia":[{"embeddable":true,"href":"https:\/\/www.niemibil.se\/en\/wp-json\/wp\/v2\/media\/2166884"}],"wp:attachment":[{"href":"https:\/\/www.niemibil.se\/en\/wp-json\/wp\/v2\/media?parent=2166882"}],"wp:term":[{"taxonomy":"category","embeddable":true,"href":"https:\/\/www.niemibil.se\/en\/wp-json\/wp\/v2\/categories?post=2166882"},{"taxonomy":"post_tag","embeddable":true,"href":"https:\/\/www.niemibil.se\/en\/wp-json\/wp\/v2\/tags?post=2166882"}],"curies":[{"name":"wp","href":"https:\/\/api.w.org\/{rel}","templated":true}]}}