{"id":2165238,"date":"2026-09-01T11:49:57","date_gmt":"2026-09-01T09:49:57","guid":{"rendered":"https:\/\/www.niemibil.se\/?p=2165238"},"modified":"2026-09-01T11:49:57","modified_gmt":"2026-09-01T09:49:57","slug":"premiarhelg-i-uppsala","status":"publish","type":"post","link":"https:\/\/www.niemibil.se\/en\/premiarhelg-i-uppsala\/","title":{"rendered":"Premi\u00e4rhelg i Uppsala!"},"content":{"rendered":"<h2 class=\"wp-block-heading\" style=\"font-style:normal;font-weight:600\">Niemi Bil \u00f6ppnar \u00e4ntligen i s\u00f6dra Sverige!<\/h2>\n\n\n\n<p><strong>DAG <\/strong>the <strong>DATUM M\u00c5NAD <\/strong>\u00f6ppnar Niemi Bil sin f\u00f6rsta bilhall utanf\u00f6r Norrland! <\/p>\n\n\n\n<p><em>&#8221;Vi har faktiskt funnits i Uppsala ett bra tag, d\u00e5 vi har en ink\u00f6psavdelning d\u00e4r f\u00f6r att vara n\u00e4rmare v\u00e5ra kunder i de lite sydligare delarna av landet. Jag sj\u00e4lv \u00e4r ocks\u00e5 f\u00f6dd och uppvuxen i Uppsala, s\u00e5 p\u00e5 n\u00e5got s\u00e4tt har vi som bolag alltid haft en koppling till staden, och det k\u00e4nns ganska naturligt att vi nu ocks\u00e5 \u00f6ppnar en f\u00f6rs\u00e4ljningsanl\u00e4ggning d\u00e4r f\u00f6r att m\u00f6ta v\u00e5ra lokala kunder.&#8221;<\/em><\/p>\n\n\n\n<p><em> &#8211; Eric Wallin &#8211; VD, Niemi Bil<\/em><\/p>\n\n\n\n<div style=\"height:25px\" aria-hidden=\"true\" class=\"wp-block-spacer\"><\/div>\n\n\n\n<p><strong>When?<\/strong> DATUM<br><strong>Where? <\/strong>ADRESS<br><strong>Time?<\/strong> TID<\/p>\n\n\n\n<div class=\"wp-block-media-text alignwide is-stacked-on-mobile\"><figure class=\"wp-block-media-text__media\"><img loading=\"lazy\" decoding=\"async\" width=\"800\" height=\"500\" src=\"https:\/\/www.niemibil.se\/app\/uploads\/2022\/10\/burgare-test1.jpg\" alt=\"\" class=\"wp-image-1647227 size-full\" srcset=\"https:\/\/www.niemibil.se\/wp-content\/uploads\/2022\/10\/burgare-test1.jpg 800w, https:\/\/www.niemibil.se\/wp-content\/uploads\/2022\/10\/burgare-test1-300x188.jpg 300w, https:\/\/www.niemibil.se\/wp-content\/uploads\/2022\/10\/burgare-test1-768x480.jpg 768w, https:\/\/www.niemibil.se\/wp-content\/uploads\/2022\/10\/burgare-test1-18x12.jpg 18w\" sizes=\"auto, (max-width: 800px) 100vw, 800px\" \/><\/figure><div class=\"wp-block-media-text__content\">\n<p><strong>We offer hamburgers and boiled sausages with bread, coffee, coffee and sweets!<\/strong><\/p>\n\n\n\n<p><strong>Great prices and great offers!<\/strong><\/p>\n<\/div><\/div>\n\n\n\n<div style=\"height:25px\" aria-hidden=\"true\" class=\"wp-block-spacer\"><\/div>\n\n\n\n<p><strong>What will happen during the opening weekend?<\/strong><\/p>\n\n\n\n<p><strong>We offer food:<\/strong><\/p>\n\n\n\n<ul class=\"wp-block-list\">\n<li>LISTA<\/li>\n<\/ul>\n\n\n\n<p><strong>Great offers for those who buy a car:<\/strong><\/p>\n\n\n\n<ul class=\"wp-block-list\">\n<li>LISTA<\/li>\n<\/ul>\n\n\n\n<p>(offers valid on both Saturday and Sunday)<\/p>\n\n\n\n<p><strong>T\u00e4vling &#8211; ???<\/strong><\/p>\n\n\n\n<ul class=\"wp-block-list\">\n<li>LISTA \u00d6VER PRISER<\/li>\n<\/ul>\n\n\n\n<div style=\"height:50px\" aria-hidden=\"true\" class=\"wp-block-spacer\"><\/div>\n\n\n\n<p><strong>Find our car showroom in Uppsala:<\/strong><\/p>\n\n\n\n\n\n<figure class=\"wp-block-image size-full\"><img loading=\"lazy\" decoding=\"async\" width=\"1000\" height=\"100\" src=\"https:\/\/www.niemibil.se\/wp-content\/uploads\/2023\/12\/Valkommen.png\" alt=\"\" class=\"wp-image-2130221\" srcset=\"https:\/\/www.niemibil.se\/wp-content\/uploads\/2023\/12\/Valkommen.png 1000w, https:\/\/www.niemibil.se\/wp-content\/uploads\/2023\/12\/Valkommen-300x30.png 300w, https:\/\/www.niemibil.se\/wp-content\/uploads\/2023\/12\/Valkommen-768x77.png 768w, https:\/\/www.niemibil.se\/wp-content\/uploads\/2023\/12\/Valkommen-18x2.png 18w\" sizes=\"auto, (max-width: 1000px) 100vw, 1000px\" \/><\/figure>\n\n\n\n<p class=\"has-vivid-cyan-blue-color has-text-color has-link-color wp-elements-95bdabb4fa16fa5ba0bdae65c1ced5e7\"><a href=\"https:\/\/maps.app.goo.gl\/e2GB2kAKRcbBbaqX9\" data-type=\"link\" data-id=\"https:\/\/maps.app.goo.gl\/e2GB2kAKRcbBbaqX9\" target=\"_blank\" rel=\"noreferrer noopener nofollow\">Find us in <\/a>Uppsala<\/p>\n\n\n\n<p class=\"has-vivid-cyan-blue-color has-text-color has-link-color wp-elements-7de14ca3940eba451d7277c291d2168d\"><a href=\"https:\/\/www.niemibil.se\/en\/used-cars\/\" target=\"_blank\" data-type=\"link\" data-id=\"https:\/\/www.niemibil.se\/begagnade-bilar\/\" rel=\"noreferrer noopener\">See used cars in stock<\/a><\/p>","protected":false},"excerpt":{"rendered":"<p>Niemi Bil \u00f6ppnar \u00e4ntligen i s\u00f6dra Sverige! DAG den DATUM M\u00c5NAD \u00f6ppnar Niemi Bil sin f\u00f6rsta bilhall utanf\u00f6r Norrland! &#8221;Vi har faktiskt funnits i Uppsala ett bra tag, d\u00e5 vi har en ink\u00f6psavdelning d\u00e4r f\u00f6r att vara n\u00e4rmare v\u00e5ra kunder i de lite sydligare delarna av landet. Jag sj\u00e4lv \u00e4r ocks\u00e5 f\u00f6dd och uppvuxen i [&hellip;]<\/p>\n","protected":false},"author":18,"featured_media":2130213,"comment_status":"closed","ping_status":"closed","sticky":false,"template":"","format":"standard","meta":{"_acf_changed":false,"footnotes":""},"categories":[516],"tags":[517],"class_list":["post-2165238","post","type-post","status-publish","format-standard","has-post-thumbnail","hentry","category-pa-gang","tag-pa-gang"],"acf":[],"_links":{"self":[{"href":"https:\/\/www.niemibil.se\/en\/wp-json\/wp\/v2\/posts\/2165238","targetHints":{"allow":["GET"]}}],"collection":[{"href":"https:\/\/www.niemibil.se\/en\/wp-json\/wp\/v2\/posts"}],"about":[{"href":"https:\/\/www.niemibil.se\/en\/wp-json\/wp\/v2\/types\/post"}],"author":[{"embeddable":true,"href":"https:\/\/www.niemibil.se\/en\/wp-json\/wp\/v2\/users\/18"}],"replies":[{"embeddable":true,"href":"https:\/\/www.niemibil.se\/en\/wp-json\/wp\/v2\/comments?post=2165238"}],"version-history":[{"count":2,"href":"https:\/\/www.niemibil.se\/en\/wp-json\/wp\/v2\/posts\/2165238\/revisions"}],"predecessor-version":[{"id":2165287,"href":"https:\/\/www.niemibil.se\/en\/wp-json\/wp\/v2\/posts\/2165238\/revisions\/2165287"}],"wp:featuredmedia":[{"embeddable":true,"href":"https:\/\/www.niemibil.se\/en\/wp-json\/wp\/v2\/media\/2130213"}],"wp:attachment":[{"href":"https:\/\/www.niemibil.se\/en\/wp-json\/wp\/v2\/media?parent=2165238"}],"wp:term":[{"taxonomy":"category","embeddable":true,"href":"https:\/\/www.niemibil.se\/en\/wp-json\/wp\/v2\/categories?post=2165238"},{"taxonomy":"post_tag","embeddable":true,"href":"https:\/\/www.niemibil.se\/en\/wp-json\/wp\/v2\/tags?post=2165238"}],"curies":[{"name":"wp","href":"https:\/\/api.w.org\/{rel}","templated":true}]}}