{"id":2162645,"date":"2024-04-18T17:12:01","date_gmt":"2024-04-18T15:12:01","guid":{"rendered":"https:\/\/www.niemibil.se\/?p=2162645"},"modified":"2024-04-25T11:51:10","modified_gmt":"2024-04-25T09:51:10","slug":"electric-car-day-saturday-april-27","status":"publish","type":"post","link":"https:\/\/www.niemibil.se\/en\/electric-car-day-saturday-april-27\/","title":{"rendered":"Electric Car Day \u2013 Saturday 27 April"},"content":{"rendered":"<p><strong>Spantgatan 8, Lule\u00e5<\/strong><\/p>\n\n\n\n<p>Are you one of those drivers in Sweden who is curious about what it&#039;s like to drive an electric car?<\/p>\n\n\n\n<p>You&#039;re definitely not alone, and it may seem like a big step to move from good old internal combustion engines powered by diesel and gasoline, to electric motors that you plug into the wall at home.<\/p>\n\n\n\n<p>But don&#039;t worry! Niemi Bil is here for you, and we will prepare a whole pile of electric cars for you to come and <strong>test drive<\/strong>.<\/p>\n\n\n\n<div style=\"height:50px\" aria-hidden=\"true\" class=\"wp-block-spacer\"><\/div>\n\n\n\n<h2 class=\"wp-block-heading\"><strong>We offer good food, coffee, and a radio-controlled car competition for all children!<\/strong><\/h2>\n\n\n\n<figure class=\"wp-block-image size-large\"><img loading=\"lazy\" decoding=\"async\" width=\"1024\" height=\"678\" src=\"https:\/\/www.niemibil.se\/wp-content\/uploads\/2024\/04\/alexander-mils-SNLfVYmL8os-unsplash-1024x678.webp\" alt=\"\" class=\"wp-image-2162667\" srcset=\"https:\/\/www.niemibil.se\/wp-content\/uploads\/2024\/04\/alexander-mils-SNLfVYmL8os-unsplash-1024x678.webp 1024w, https:\/\/www.niemibil.se\/wp-content\/uploads\/2024\/04\/alexander-mils-SNLfVYmL8os-unsplash-300x199.webp 300w, https:\/\/www.niemibil.se\/wp-content\/uploads\/2024\/04\/alexander-mils-SNLfVYmL8os-unsplash-768x509.webp 768w, https:\/\/www.niemibil.se\/wp-content\/uploads\/2024\/04\/alexander-mils-SNLfVYmL8os-unsplash-1536x1018.webp 1536w, https:\/\/www.niemibil.se\/wp-content\/uploads\/2024\/04\/alexander-mils-SNLfVYmL8os-unsplash-2048x1357.webp 2048w, https:\/\/www.niemibil.se\/wp-content\/uploads\/2024\/04\/alexander-mils-SNLfVYmL8os-unsplash-18x12.webp 18w\" sizes=\"auto, (max-width: 1024px) 100vw, 1024px\" \/><\/figure>\n\n\n\n<div style=\"height:50px\" aria-hidden=\"true\" class=\"wp-block-spacer\"><\/div>\n\n\n\n<h2 class=\"wp-block-heading\"><strong>Which cars will I be able to test drive?<\/strong><\/h2>\n\n\n\n<p>We will have lots of different cars for you to try, both new and used. For example these cars:<\/p>\n\n\n\n<div style=\"height:50px\" aria-hidden=\"true\" class=\"wp-block-spacer\"><\/div>\n\n\n\n<h2 class=\"wp-block-heading\"><strong>MG<\/strong><\/h2>\n\n\n\n<p>You probably haven&#039;t missed that we are now a dealer for the electric car brand MG. It&#039;s a car brand that hasn&#039;t been available up here in the north before, so now you have the opportunity to test it out and see what it&#039;s like!<\/p>\n\n\n\n<div class=\"wp-block-columns is-layout-flex wp-container-core-columns-is-layout-9d6595d7 wp-block-columns-is-layout-flex\">\n<div class=\"wp-block-column is-layout-flow wp-block-column-is-layout-flow\">\n<figure class=\"wp-block-image size-large\"><img loading=\"lazy\" decoding=\"async\" width=\"1024\" height=\"683\" src=\"https:\/\/www.niemibil.se\/wp-content\/uploads\/2024\/03\/mg4-orange-1024x683.jpg\" alt=\"\" class=\"wp-image-2157220\" srcset=\"https:\/\/www.niemibil.se\/wp-content\/uploads\/2024\/03\/mg4-orange-1024x683.jpg 1024w, https:\/\/www.niemibil.se\/wp-content\/uploads\/2024\/03\/mg4-orange-300x200.jpg 300w, https:\/\/www.niemibil.se\/wp-content\/uploads\/2024\/03\/mg4-orange-768x512.jpg 768w, https:\/\/www.niemibil.se\/wp-content\/uploads\/2024\/03\/mg4-orange-1536x1024.jpg 1536w, https:\/\/www.niemibil.se\/wp-content\/uploads\/2024\/03\/mg4-orange-2048x1365.jpg 2048w, https:\/\/www.niemibil.se\/wp-content\/uploads\/2024\/03\/mg4-orange-18x12.jpg 18w\" sizes=\"auto, (max-width: 1024px) 100vw, 1024px\" \/><\/figure>\n\n\n\n<p class=\"has-text-align-center\"><strong>MG4 Electric<\/strong><\/p>\n\n\n\n<div class=\"wp-block-buttons is-content-justification-center is-layout-flex wp-container-core-buttons-is-layout-16018d1d wp-block-buttons-is-layout-flex\">\n<div class=\"wp-block-button\" style=\"font-style:normal;font-weight:700\"><a class=\"wp-block-button__link has-white-color has-text-color has-background has-link-color has-text-align-center wp-element-button\" href=\"https:\/\/www.niemibil.se\/en\/mg\/mg4\/\" style=\"background-color:#d81132\" target=\"_blank\" rel=\"noreferrer noopener\">More information<\/a><\/div>\n<\/div>\n<\/div>\n\n\n\n<div class=\"wp-block-column is-layout-flow wp-block-column-is-layout-flow\">\n<figure class=\"wp-block-image size-large\"><img loading=\"lazy\" decoding=\"async\" width=\"1024\" height=\"684\" src=\"https:\/\/www.niemibil.se\/wp-content\/uploads\/2024\/03\/DSC2393-1024x684.jpg\" alt=\"\" class=\"wp-image-2157234\" srcset=\"https:\/\/www.niemibil.se\/wp-content\/uploads\/2024\/03\/DSC2393-1024x684.jpg 1024w, https:\/\/www.niemibil.se\/wp-content\/uploads\/2024\/03\/DSC2393-300x200.jpg 300w, https:\/\/www.niemibil.se\/wp-content\/uploads\/2024\/03\/DSC2393-768x513.jpg 768w, https:\/\/www.niemibil.se\/wp-content\/uploads\/2024\/03\/DSC2393-1536x1026.jpg 1536w, https:\/\/www.niemibil.se\/wp-content\/uploads\/2024\/03\/DSC2393-2048x1368.jpg 2048w, https:\/\/www.niemibil.se\/wp-content\/uploads\/2024\/03\/DSC2393-18x12.jpg 18w\" sizes=\"auto, (max-width: 1024px) 100vw, 1024px\" \/><\/figure>\n\n\n\n<p class=\"has-text-align-center\"><strong>MG ZS EV<\/strong><\/p>\n\n\n\n<div class=\"wp-block-buttons is-content-justification-center is-layout-flex wp-container-core-buttons-is-layout-16018d1d wp-block-buttons-is-layout-flex\">\n<div class=\"wp-block-button has-custom-font-size has-medium-font-size\" style=\"font-style:normal;font-weight:700\"><a class=\"wp-block-button__link has-white-color has-text-color has-background has-link-color has-text-align-center wp-element-button\" href=\"http:\/\/www.niemibil.se\/en\/mg\/mg-zs-ev\/\" style=\"background-color:#d81132\" target=\"_blank\" rel=\"noreferrer noopener\">More information<\/a><\/div>\n<\/div>\n<\/div>\n\n\n\n<div class=\"wp-block-column is-layout-flow wp-block-column-is-layout-flow\">\n<figure class=\"wp-block-image size-large\"><img loading=\"lazy\" decoding=\"async\" width=\"1024\" height=\"683\" src=\"https:\/\/www.niemibil.se\/wp-content\/uploads\/2024\/03\/IMG_2262-1024x683.jpg\" alt=\"\" class=\"wp-image-2157249\" srcset=\"https:\/\/www.niemibil.se\/wp-content\/uploads\/2024\/03\/IMG_2262-1024x683.jpg 1024w, https:\/\/www.niemibil.se\/wp-content\/uploads\/2024\/03\/IMG_2262-300x200.jpg 300w, https:\/\/www.niemibil.se\/wp-content\/uploads\/2024\/03\/IMG_2262-768x512.jpg 768w, https:\/\/www.niemibil.se\/wp-content\/uploads\/2024\/03\/IMG_2262-1536x1024.jpg 1536w, https:\/\/www.niemibil.se\/wp-content\/uploads\/2024\/03\/IMG_2262-2048x1365.jpg 2048w, https:\/\/www.niemibil.se\/wp-content\/uploads\/2024\/03\/IMG_2262-18x12.jpg 18w\" sizes=\"auto, (max-width: 1024px) 100vw, 1024px\" \/><\/figure>\n\n\n\n<p class=\"has-text-align-center\"><strong>MG Marvel R<\/strong><\/p>\n\n\n\n<div class=\"wp-block-buttons is-content-justification-center is-layout-flex wp-container-core-buttons-is-layout-16018d1d wp-block-buttons-is-layout-flex\">\n<div class=\"wp-block-button has-custom-font-size has-medium-font-size\" style=\"font-style:normal;font-weight:700\"><a class=\"wp-block-button__link has-white-color has-text-color has-background has-link-color has-text-align-center wp-element-button\" href=\"https:\/\/www.niemibil.se\/en\/mg\/mg-marvel-r\/\" style=\"background-color:#d81132\" target=\"_blank\" rel=\"noreferrer noopener\">More information<\/a><\/div>\n<\/div>\n<\/div>\n<\/div>\n\n\n\n<div style=\"height:50px\" aria-hidden=\"true\" class=\"wp-block-spacer\"><\/div>\n\n\n\n<h2 class=\"wp-block-heading\"><strong>Mazda<\/strong><\/h2>\n\n\n\n<p>Since Mazda&#039;s test drive weeks are still going on, why not test drive some electric hybrids from them too? We will have several models on site:<\/p>\n\n\n\n<div class=\"wp-block-columns is-layout-flex wp-container-core-columns-is-layout-9d6595d7 wp-block-columns-is-layout-flex\">\n<div class=\"wp-block-column is-layout-flow wp-block-column-is-layout-flow\">\n<figure class=\"wp-block-image size-large\"><img loading=\"lazy\" decoding=\"async\" width=\"1024\" height=\"683\" src=\"https:\/\/www.niemibil.se\/wp-content\/uploads\/2023\/11\/2022_Mazda_CX-60_Global_act-13-1024x683.jpg\" alt=\"\" class=\"wp-image-2112896\" srcset=\"https:\/\/www.niemibil.se\/wp-content\/uploads\/2023\/11\/2022_Mazda_CX-60_Global_act-13-1024x683.jpg 1024w, https:\/\/www.niemibil.se\/wp-content\/uploads\/2023\/11\/2022_Mazda_CX-60_Global_act-13-300x200.jpg 300w, https:\/\/www.niemibil.se\/wp-content\/uploads\/2023\/11\/2022_Mazda_CX-60_Global_act-13-768x512.jpg 768w, https:\/\/www.niemibil.se\/wp-content\/uploads\/2023\/11\/2022_Mazda_CX-60_Global_act-13-1536x1024.jpg 1536w, https:\/\/www.niemibil.se\/wp-content\/uploads\/2023\/11\/2022_Mazda_CX-60_Global_act-13-18x12.jpg 18w, https:\/\/www.niemibil.se\/wp-content\/uploads\/2023\/11\/2022_Mazda_CX-60_Global_act-13.jpg 1920w\" sizes=\"auto, (max-width: 1024px) 100vw, 1024px\" \/><\/figure>\n\n\n\n<p class=\"has-text-align-center\"><strong>CX-60<\/strong><\/p>\n\n\n\n<div class=\"wp-block-buttons is-content-justification-center is-layout-flex wp-container-core-buttons-is-layout-16018d1d wp-block-buttons-is-layout-flex\">\n<div class=\"wp-block-button\" style=\"font-style:normal;font-weight:700\"><a class=\"wp-block-button__link has-white-color has-text-color has-background has-link-color has-text-align-center wp-element-button\" href=\"https:\/\/www.niemibil.se\/en\/mazda\/cx-60\/\" style=\"background-color:#d81132\" target=\"_blank\" rel=\"noreferrer noopener\">More information<\/a><\/div>\n<\/div>\n<\/div>\n\n\n\n<div class=\"wp-block-column is-layout-flow wp-block-column-is-layout-flow\">\n<figure class=\"wp-block-image size-large\"><img loading=\"lazy\" decoding=\"async\" width=\"1024\" height=\"683\" src=\"https:\/\/www.niemibil.se\/wp-content\/uploads\/2021\/08\/2020_MX-30_EU_LHD_job1_C258_BRD_Ext_RQ_Ceramic_M_47A_4-1024x683.jpg\" alt=\"\" class=\"wp-image-24197\" style=\"object-fit:cover\" srcset=\"https:\/\/www.niemibil.se\/wp-content\/uploads\/2021\/08\/2020_MX-30_EU_LHD_job1_C258_BRD_Ext_RQ_Ceramic_M_47A_4-1024x683.jpg 1024w, https:\/\/www.niemibil.se\/wp-content\/uploads\/2021\/08\/2020_MX-30_EU_LHD_job1_C258_BRD_Ext_RQ_Ceramic_M_47A_4-300x200.jpg 300w, https:\/\/www.niemibil.se\/wp-content\/uploads\/2021\/08\/2020_MX-30_EU_LHD_job1_C258_BRD_Ext_RQ_Ceramic_M_47A_4-768x512.jpg 768w, https:\/\/www.niemibil.se\/wp-content\/uploads\/2021\/08\/2020_MX-30_EU_LHD_job1_C258_BRD_Ext_RQ_Ceramic_M_47A_4-1536x1024.jpg 1536w, https:\/\/www.niemibil.se\/wp-content\/uploads\/2021\/08\/2020_MX-30_EU_LHD_job1_C258_BRD_Ext_RQ_Ceramic_M_47A_4-2048x1365.jpg 2048w, https:\/\/www.niemibil.se\/wp-content\/uploads\/2021\/08\/2020_MX-30_EU_LHD_job1_C258_BRD_Ext_RQ_Ceramic_M_47A_4-16x12.jpg 16w, https:\/\/www.niemibil.se\/wp-content\/uploads\/2021\/08\/2020_MX-30_EU_LHD_job1_C258_BRD_Ext_RQ_Ceramic_M_47A_4-scaled.jpg 1920w\" sizes=\"auto, (max-width: 1024px) 100vw, 1024px\" \/><\/figure>\n\n\n\n<p class=\"has-text-align-center\"><strong>MX-30<\/strong><\/p>\n\n\n\n<div class=\"wp-block-buttons is-content-justification-center is-layout-flex wp-container-core-buttons-is-layout-16018d1d wp-block-buttons-is-layout-flex\">\n<div class=\"wp-block-button has-custom-font-size has-medium-font-size\" style=\"font-style:normal;font-weight:700\"><a class=\"wp-block-button__link has-white-color has-text-color has-background has-link-color has-text-align-center wp-element-button\" href=\"https:\/\/www.niemibil.se\/en\/mazda\/mx-30\/\" style=\"background-color:#d81132\" target=\"_blank\" rel=\"noreferrer noopener\">More information<\/a><\/div>\n<\/div>\n<\/div>\n\n\n\n<div class=\"wp-block-column is-layout-flow wp-block-column-is-layout-flow\">\n<figure class=\"wp-block-image size-large\"><img loading=\"lazy\" decoding=\"async\" width=\"1024\" height=\"683\" src=\"https:\/\/www.niemibil.se\/wp-content\/uploads\/2023\/03\/2021_MAZDA2_HYBRID_117-1024x683.jpg\" alt=\"\" class=\"wp-image-2031385\" srcset=\"https:\/\/www.niemibil.se\/wp-content\/uploads\/2023\/03\/2021_MAZDA2_HYBRID_117-1024x683.jpg 1024w, https:\/\/www.niemibil.se\/wp-content\/uploads\/2023\/03\/2021_MAZDA2_HYBRID_117-300x200.jpg 300w, https:\/\/www.niemibil.se\/wp-content\/uploads\/2023\/03\/2021_MAZDA2_HYBRID_117-768x512.jpg 768w, https:\/\/www.niemibil.se\/wp-content\/uploads\/2023\/03\/2021_MAZDA2_HYBRID_117-1536x1024.jpg 1536w, https:\/\/www.niemibil.se\/wp-content\/uploads\/2023\/03\/2021_MAZDA2_HYBRID_117-18x12.jpg 18w, https:\/\/www.niemibil.se\/wp-content\/uploads\/2023\/03\/2021_MAZDA2_HYBRID_117.jpg 1920w\" sizes=\"auto, (max-width: 1024px) 100vw, 1024px\" \/><\/figure>\n\n\n\n<p class=\"has-text-align-center\"><strong>Mazda 2 Hybrid<\/strong><\/p>\n\n\n\n<div class=\"wp-block-buttons is-content-justification-center is-layout-flex wp-container-core-buttons-is-layout-16018d1d wp-block-buttons-is-layout-flex\">\n<div class=\"wp-block-button has-custom-font-size has-medium-font-size\" style=\"font-style:normal;font-weight:700\"><a class=\"wp-block-button__link has-white-color has-text-color has-background has-link-color has-text-align-center wp-element-button\" href=\"https:\/\/www.niemibil.se\/en\/mazda\/mazda-2-hybrid\/\" style=\"background-color:#d81132\" target=\"_blank\" rel=\"noreferrer noopener\">More information<\/a><\/div>\n<\/div>\n<\/div>\n<\/div>\n\n\n\n<div style=\"height:50px\" aria-hidden=\"true\" class=\"wp-block-spacer\"><\/div>\n\n\n\n<h2 class=\"wp-block-heading\"><strong>Maxus \u2013 Electric pick-up!<\/strong><\/h2>\n\n\n\n<p>Did you know that the Maxus T90 EV was the first electric pickup truck in Europe? Now you have the opportunity to test drive it and see what it feels like to drive a super-quiet pickup truck!<\/p>\n\n\n<div class=\"wp-block-image\">\n<figure class=\"aligncenter size-large is-resized\"><img loading=\"lazy\" decoding=\"async\" width=\"1024\" height=\"683\" src=\"https:\/\/www.niemibil.se\/wp-content\/uploads\/2023\/04\/Copy-of-Maxus-grov-10-1024x683.jpg\" alt=\"Maxus T90EV electric pickup truck\" class=\"wp-image-2047105\" style=\"width:529px;height:auto\" srcset=\"https:\/\/www.niemibil.se\/wp-content\/uploads\/2023\/04\/Copy-of-Maxus-grov-10-1024x683.jpg 1024w, https:\/\/www.niemibil.se\/wp-content\/uploads\/2023\/04\/Copy-of-Maxus-grov-10-300x200.jpg 300w, https:\/\/www.niemibil.se\/wp-content\/uploads\/2023\/04\/Copy-of-Maxus-grov-10-768x512.jpg 768w, https:\/\/www.niemibil.se\/wp-content\/uploads\/2023\/04\/Copy-of-Maxus-grov-10-1536x1024.jpg 1536w, https:\/\/www.niemibil.se\/wp-content\/uploads\/2023\/04\/Copy-of-Maxus-grov-10-18x12.jpg 18w, https:\/\/www.niemibil.se\/wp-content\/uploads\/2023\/04\/Copy-of-Maxus-grov-10.jpg 1920w\" sizes=\"auto, (max-width: 1024px) 100vw, 1024px\" \/><\/figure>\n<\/div>\n\n\n<div style=\"height:25px\" aria-hidden=\"true\" class=\"wp-block-spacer\"><\/div>\n\n\n\n<div class=\"wp-block-buttons is-content-justification-center is-layout-flex wp-container-core-buttons-is-layout-16018d1d wp-block-buttons-is-layout-flex\">\n<div class=\"wp-block-button has-custom-font-size has-medium-font-size\" style=\"font-style:normal;font-weight:700\"><a class=\"wp-block-button__link has-white-color has-text-color has-background has-link-color has-text-align-center wp-element-button\" href=\"https:\/\/www.niemibil.se\/en\/maxus\/t90-possible\/\" style=\"background-color:#d81132\" target=\"_blank\" rel=\"noreferrer noopener\">More information<\/a><\/div>\n<\/div>\n\n\n\n<div style=\"height:50px\" aria-hidden=\"true\" class=\"wp-block-spacer\"><\/div>\n\n\n\n<h2 class=\"wp-block-heading\"><strong>Used cars<\/strong><\/h2>\n\n\n\n<p>Yes, we will have a lot of used cars too, including one like this:<\/p>\n\n\n\n<div class=\"wp-block-media-text is-stacked-on-mobile\" style=\"grid-template-columns:48% auto\"><figure class=\"wp-block-media-text__media\"><img loading=\"lazy\" decoding=\"async\" width=\"1024\" height=\"768\" src=\"https:\/\/www.niemibil.se\/wp-content\/uploads\/2024\/04\/tesla-gra.webp\" alt=\"\" class=\"wp-image-2162656 size-full\" srcset=\"https:\/\/www.niemibil.se\/wp-content\/uploads\/2024\/04\/tesla-gra.webp 1024w, https:\/\/www.niemibil.se\/wp-content\/uploads\/2024\/04\/tesla-gra-300x225.webp 300w, https:\/\/www.niemibil.se\/wp-content\/uploads\/2024\/04\/tesla-gra-768x576.webp 768w, https:\/\/www.niemibil.se\/wp-content\/uploads\/2024\/04\/tesla-gra-16x12.webp 16w\" sizes=\"auto, (max-width: 1024px) 100vw, 1024px\" \/><\/figure><div class=\"wp-block-media-text__content\">\n<p><strong>Tesla Model S P100D Ludicrous<\/strong><\/p>\n\n\n\n<p><a href=\"https:\/\/www.niemibil.se\/en\/object\/tesla-model-s-p100d-ludicrous-raven-761hp-vat-wet-camera\/\" target=\"_blank\" data-type=\"link\" data-id=\"https:\/\/www.niemibil.se\/mg\/mg4\/\" rel=\"noreferrer noopener\">More information<\/a><\/p>\n<\/div><\/div>\n\n\n\n<div class=\"wp-block-media-text has-media-on-the-right is-stacked-on-mobile\" style=\"grid-template-columns:auto 48%\"><div class=\"wp-block-media-text__content\">\n<p><strong>Volkswagen ID.4<\/strong><\/p>\n\n\n\n<p>More information coming soon!<\/p>\n<\/div><figure class=\"wp-block-media-text__media\"><img loading=\"lazy\" decoding=\"async\" width=\"1024\" height=\"768\" src=\"https:\/\/www.niemibil.se\/wp-content\/uploads\/2024\/04\/VWID4-1024x768.webp\" alt=\"\" class=\"wp-image-2163693 size-full\" srcset=\"https:\/\/www.niemibil.se\/wp-content\/uploads\/2024\/04\/VWID4-1024x768.webp 1024w, https:\/\/www.niemibil.se\/wp-content\/uploads\/2024\/04\/VWID4-300x225.webp 300w, https:\/\/www.niemibil.se\/wp-content\/uploads\/2024\/04\/VWID4-768x576.webp 768w, https:\/\/www.niemibil.se\/wp-content\/uploads\/2024\/04\/VWID4-1536x1152.webp 1536w, https:\/\/www.niemibil.se\/wp-content\/uploads\/2024\/04\/VWID4-2048x1536.webp 2048w, https:\/\/www.niemibil.se\/wp-content\/uploads\/2024\/04\/VWID4-16x12.webp 16w\" sizes=\"auto, (max-width: 1024px) 100vw, 1024px\" \/><\/figure><\/div>\n\n\n\n<div style=\"height:50px\" aria-hidden=\"true\" class=\"wp-block-spacer\"><\/div>\n\n\n\n<h2 class=\"wp-block-heading\"><strong>Too young to test drive a real electric car?<\/strong><\/h2>\n\n\n\n<p>Just stay calm! Inside the car hall we will invite you to a nerve-wracking race with slightly smaller cars, perfect for all ages!<\/p>\n\n\n<div class=\"wp-block-image\">\n<figure class=\"aligncenter size-full is-resized\"><img loading=\"lazy\" decoding=\"async\" width=\"408\" height=\"612\" src=\"https:\/\/www.niemibil.se\/wp-content\/uploads\/2024\/04\/istockphoto-664339932-612x612-1.webp\" alt=\"\" class=\"wp-image-2162668\" style=\"width:343px;height:auto\" srcset=\"https:\/\/www.niemibil.se\/wp-content\/uploads\/2024\/04\/istockphoto-664339932-612x612-1.webp 408w, https:\/\/www.niemibil.se\/wp-content\/uploads\/2024\/04\/istockphoto-664339932-612x612-1-200x300.webp 200w, https:\/\/www.niemibil.se\/wp-content\/uploads\/2024\/04\/istockphoto-664339932-612x612-1-8x12.webp 8w\" sizes=\"auto, (max-width: 408px) 100vw, 408px\" \/><\/figure>\n<\/div>\n\n\n<p>Challenge yourself and drive a radio-controlled car inside the car hall! We offer sweets to all young racing drivers, and great prizes to the one who is the fastest of all and takes home first place!<\/p>\n\n\n\n<div style=\"height:50px\" aria-hidden=\"true\" class=\"wp-block-spacer\"><\/div>\n\n\n\n<h2 class=\"wp-block-heading\"><strong>How do I find you?<\/strong><\/h2>\n\n\n\n<p>You can find us by following the map below:<\/p>\n\n\n\n<iframe src=\"https:\/\/www.google.com\/maps\/embed?pb=!1m18!1m12!1m3!1d3295.393061356997!2d22.118353478283236!3d65.6081221782382!2m3!1f0!2f0!3f0!3m2!1i1024!2i768!4f13.1!3m3!1m2!1s0x467f6512a7df321b%3A0x4af3e0ad787cb7b6!2sSpantgatan%208%2C%20973%2046%20Lule%C3%A5!5e0!3m2!1ssv!2sse!4v1713451494076!5m2!1ssv!2sse\" width=\"600\" height=\"450\" style=\"border:0;\" allowfullscreen=\"\" loading=\"lazy\" referrerpolicy=\"no-referrer-when-downgrade\"><\/iframe>\n\n\n\n<div style=\"height:50px\" aria-hidden=\"true\" class=\"wp-block-spacer\"><\/div>\n\n\n\n<h3 class=\"wp-block-heading has-text-align-center\"><em>Warmly Welcome!<\/em><\/h3>","protected":false},"excerpt":{"rendered":"<p>Spantgatan 8, Lule\u00e5 \u00c4r du en av alla de bilf\u00f6rare i Sverige som \u00e4r nyfiken p\u00e5 hur det \u00e4r att k\u00f6ra elbil? Du \u00e4r definitivt inte ensam, och det kan verka som ett stort steg att g\u00e5 \u00f6ver fr\u00e5n gamla hederliga f\u00f6rbr\u00e4nningsmotorer som drivs av diesel och bensin, till elmotorer som du kopplar in i [&hellip;]<\/p>\n","protected":false},"author":18,"featured_media":2162658,"comment_status":"closed","ping_status":"closed","sticky":false,"template":"","format":"standard","meta":{"_acf_changed":false,"footnotes":""},"categories":[1],"tags":[],"class_list":["post-2162645","post","type-post","status-publish","format-standard","has-post-thumbnail","hentry","category-uncategorized"],"acf":[],"_links":{"self":[{"href":"https:\/\/www.niemibil.se\/en\/wp-json\/wp\/v2\/posts\/2162645","targetHints":{"allow":["GET"]}}],"collection":[{"href":"https:\/\/www.niemibil.se\/en\/wp-json\/wp\/v2\/posts"}],"about":[{"href":"https:\/\/www.niemibil.se\/en\/wp-json\/wp\/v2\/types\/post"}],"author":[{"embeddable":true,"href":"https:\/\/www.niemibil.se\/en\/wp-json\/wp\/v2\/users\/18"}],"replies":[{"embeddable":true,"href":"https:\/\/www.niemibil.se\/en\/wp-json\/wp\/v2\/comments?post=2162645"}],"version-history":[{"count":11,"href":"https:\/\/www.niemibil.se\/en\/wp-json\/wp\/v2\/posts\/2162645\/revisions"}],"predecessor-version":[{"id":2163694,"href":"https:\/\/www.niemibil.se\/en\/wp-json\/wp\/v2\/posts\/2162645\/revisions\/2163694"}],"wp:featuredmedia":[{"embeddable":true,"href":"https:\/\/www.niemibil.se\/en\/wp-json\/wp\/v2\/media\/2162658"}],"wp:attachment":[{"href":"https:\/\/www.niemibil.se\/en\/wp-json\/wp\/v2\/media?parent=2162645"}],"wp:term":[{"taxonomy":"category","embeddable":true,"href":"https:\/\/www.niemibil.se\/en\/wp-json\/wp\/v2\/categories?post=2162645"},{"taxonomy":"post_tag","embeddable":true,"href":"https:\/\/www.niemibil.se\/en\/wp-json\/wp\/v2\/tags?post=2162645"}],"curies":[{"name":"wp","href":"https:\/\/api.w.org\/{rel}","templated":true}]}}