{"id":2161485,"date":"2024-04-11T16:40:01","date_gmt":"2024-04-11T14:40:01","guid":{"rendered":"https:\/\/www.niemibil.se\/?p=2161485"},"modified":"2024-04-11T16:48:35","modified_gmt":"2024-04-11T14:48:35","slug":"mazda-test-days-15-april-28","status":"publish","type":"post","link":"https:\/\/www.niemibil.se\/en\/mazda-test-days-15-april-28\/","title":{"rendered":"Mazda Test Drive Days April 15-28"},"content":{"rendered":"<p>Spring is here, and with it, people&#039;s thoughts about changing their cars are starting to thaw.<\/p>\n\n\n\n<p>Which powertrain suits your lifestyle \u2013 plug-in hybrid, gasoline or electric? During Mazda&#039;s test drive days April 15-28, you have the opportunity to test drive several different models and find the car that suits you best. <\/p>\n\n\n\n<div style=\"height:50px\" aria-hidden=\"true\" class=\"wp-block-spacer\"><\/div>\n\n\n\n<h2 class=\"wp-block-heading\">Which models will I be able to test drive?<\/h2>\n\n\n\n<p>We will have several different models available for all the curious test pilots out there, how about, for example:<\/p>\n\n\n<div class=\"wp-block-image\">\n<figure class=\"aligncenter size-full\"><img loading=\"lazy\" decoding=\"async\" width=\"2560\" height=\"1706\" src=\"https:\/\/www.niemibil.se\/wp-content\/uploads\/2024\/04\/2022_Mazda_CX-60_Global_act-9.webp\" alt=\"\" class=\"wp-image-2161492\" style=\"aspect-ratio:4\/3;object-fit:cover\" srcset=\"https:\/\/www.niemibil.se\/wp-content\/uploads\/2024\/04\/2022_Mazda_CX-60_Global_act-9.webp 2560w, https:\/\/www.niemibil.se\/wp-content\/uploads\/2024\/04\/2022_Mazda_CX-60_Global_act-9-300x200.webp 300w, https:\/\/www.niemibil.se\/wp-content\/uploads\/2024\/04\/2022_Mazda_CX-60_Global_act-9-1024x682.webp 1024w, https:\/\/www.niemibil.se\/wp-content\/uploads\/2024\/04\/2022_Mazda_CX-60_Global_act-9-768x512.webp 768w, https:\/\/www.niemibil.se\/wp-content\/uploads\/2024\/04\/2022_Mazda_CX-60_Global_act-9-1536x1024.webp 1536w, https:\/\/www.niemibil.se\/wp-content\/uploads\/2024\/04\/2022_Mazda_CX-60_Global_act-9-2048x1365.webp 2048w, https:\/\/www.niemibil.se\/wp-content\/uploads\/2024\/04\/2022_Mazda_CX-60_Global_act-9-18x12.webp 18w\" sizes=\"auto, (max-width: 2560px) 100vw, 2560px\" \/><\/figure>\n<\/div>\n\n\n<p class=\"has-text-align-center\">The popular plug-in hybrid Mazda CX-60<\/p>\n\n\n\n<div style=\"height:50px\" aria-hidden=\"true\" class=\"wp-block-spacer\"><\/div>\n\n\n<div class=\"wp-block-image\">\n<figure class=\"aligncenter size-full\"><img loading=\"lazy\" decoding=\"async\" width=\"1050\" height=\"1050\" src=\"https:\/\/www.niemibil.se\/wp-content\/uploads\/2021\/08\/4_MX30_social_5.jpg\" alt=\"\" class=\"wp-image-24195\" style=\"aspect-ratio:4\/3;object-fit:cover\" srcset=\"https:\/\/www.niemibil.se\/wp-content\/uploads\/2021\/08\/4_MX30_social_5.jpg 1050w, https:\/\/www.niemibil.se\/wp-content\/uploads\/2021\/08\/4_MX30_social_5-300x300.jpg 300w, https:\/\/www.niemibil.se\/wp-content\/uploads\/2021\/08\/4_MX30_social_5-1024x1024.jpg 1024w, https:\/\/www.niemibil.se\/wp-content\/uploads\/2021\/08\/4_MX30_social_5-150x150.jpg 150w, https:\/\/www.niemibil.se\/wp-content\/uploads\/2021\/08\/4_MX30_social_5-768x768.jpg 768w, https:\/\/www.niemibil.se\/wp-content\/uploads\/2021\/08\/4_MX30_social_5-12x12.jpg 12w\" sizes=\"auto, (max-width: 1050px) 100vw, 1050px\" \/><\/figure>\n<\/div>\n\n\n<p class=\"has-text-align-center\">New smooth plug-in hybrid MX-30 R-EV <\/p>\n\n\n\n<div style=\"height:50px\" aria-hidden=\"true\" class=\"wp-block-spacer\"><\/div>\n\n\n<div class=\"wp-block-image\">\n<figure class=\"aligncenter size-full\"><img loading=\"lazy\" decoding=\"async\" width=\"1920\" height=\"1280\" src=\"https:\/\/www.niemibil.se\/wp-content\/uploads\/2023\/03\/2021_MAZDA2_HYBRID_117.jpg\" alt=\"\" class=\"wp-image-2031385\" style=\"aspect-ratio:4\/3;object-fit:cover\" srcset=\"https:\/\/www.niemibil.se\/wp-content\/uploads\/2023\/03\/2021_MAZDA2_HYBRID_117.jpg 1920w, https:\/\/www.niemibil.se\/wp-content\/uploads\/2023\/03\/2021_MAZDA2_HYBRID_117-300x200.jpg 300w, https:\/\/www.niemibil.se\/wp-content\/uploads\/2023\/03\/2021_MAZDA2_HYBRID_117-1024x683.jpg 1024w, https:\/\/www.niemibil.se\/wp-content\/uploads\/2023\/03\/2021_MAZDA2_HYBRID_117-768x512.jpg 768w, https:\/\/www.niemibil.se\/wp-content\/uploads\/2023\/03\/2021_MAZDA2_HYBRID_117-1536x1024.jpg 1536w, https:\/\/www.niemibil.se\/wp-content\/uploads\/2023\/03\/2021_MAZDA2_HYBRID_117-18x12.jpg 18w\" sizes=\"auto, (max-width: 1920px) 100vw, 1920px\" \/><\/figure>\n<\/div>\n\n\n<p class=\"has-text-align-center\">The perfect city car Mazda 2 Hybrid<\/p>\n\n\n\n<div style=\"height:50px\" aria-hidden=\"true\" class=\"wp-block-spacer\"><\/div>\n\n\n\n<h2 class=\"wp-block-heading\">Where can I test drive?<\/h2>\n\n\n\n<p>You can test drive all the models above at Niemi Bil&#039;s facility in Lule\u00e5. You can find us at Banv\u00e4gen 7B as usual. Here&#039;s how to find us:<\/p>\n\n\n\n<iframe src=\"https:\/\/www.google.com\/maps\/embed?pb=!1m18!1m12!1m3!1d1647.6224685085288!2d22.118294378283338!3d65.60928997823896!2m3!1f0!2f0!3f0!3m2!1i1024!2i768!4f13.1!3m3!1m2!1s0x467f650d643ec061%3A0x88a24e1d46bb2d13!2zQmFudsOkZ2VuIDdCLCA5NzMgNDYgTHVsZcOl!5e0!3m2!1ssv!2sse!4v1712844953016!5m2!1ssv!2sse\" width=\"600\" height=\"450\" style=\"border:0;\" allowfullscreen=\"\" loading=\"lazy\" referrerpolicy=\"no-referrer-when-downgrade\"><\/iframe>\n\n\n\n<div style=\"height:50px\" aria-hidden=\"true\" class=\"wp-block-spacer\"><\/div>\n\n\n\n<h2 class=\"wp-block-heading\">Do I have to make an appointment?<\/h2>\n\n\n\n<p>You don&#039;t need to book, just come by. But if you want to be extra sure that the car you want to test drive is available when you get here, you can make a booking down here (link to Mazda Sweden&#039;s website)<\/p>\n\n\n\n<div class=\"wp-block-buttons is-content-justification-center is-layout-flex wp-container-core-buttons-is-layout-16018d1d wp-block-buttons-is-layout-flex\">\n<div class=\"wp-block-button\"><a class=\"wp-block-button__link has-white-color has-text-color has-background has-link-color has-text-align-center wp-element-button\" href=\"https:\/\/drive.mazda.se\/spring-tour\" style=\"background-color:#d81132\" target=\"_blank\" rel=\"noreferrer noopener nofollow\"><strong>Book a test drive here!<\/strong><\/a><\/div>\n<\/div>\n\n\n\n<div style=\"height:50px\" aria-hidden=\"true\" class=\"wp-block-spacer\"><\/div>\n\n\n\n<h3 class=\"wp-block-heading has-text-align-center\"><em>Hope to see you!<\/em><\/h3>","protected":false},"excerpt":{"rendered":"<p>V\u00e5ren \u00e4r h\u00e4r, och med den b\u00f6rjar \u00e4ven folks bilbytartankar att tina fram. Vilken drivlina passar din livsstil \u2013 laddhybrid, bensin eller el? Under Mazdas provk\u00f6rningsdagar 15-28 april har du m\u00f6jlighet att provk\u00f6ra flera olika modeller och hitta den bil som passar dig b\u00e4st. Vilka modeller kommer jag kunna provk\u00f6ra? Vi kommer ha flera olika [&hellip;]<\/p>\n","protected":false},"author":18,"featured_media":2161503,"comment_status":"closed","ping_status":"closed","sticky":false,"template":"","format":"standard","meta":{"_acf_changed":false,"footnotes":""},"categories":[1],"tags":[],"class_list":["post-2161485","post","type-post","status-publish","format-standard","has-post-thumbnail","hentry","category-uncategorized"],"acf":[],"_links":{"self":[{"href":"https:\/\/www.niemibil.se\/en\/wp-json\/wp\/v2\/posts\/2161485","targetHints":{"allow":["GET"]}}],"collection":[{"href":"https:\/\/www.niemibil.se\/en\/wp-json\/wp\/v2\/posts"}],"about":[{"href":"https:\/\/www.niemibil.se\/en\/wp-json\/wp\/v2\/types\/post"}],"author":[{"embeddable":true,"href":"https:\/\/www.niemibil.se\/en\/wp-json\/wp\/v2\/users\/18"}],"replies":[{"embeddable":true,"href":"https:\/\/www.niemibil.se\/en\/wp-json\/wp\/v2\/comments?post=2161485"}],"version-history":[{"count":6,"href":"https:\/\/www.niemibil.se\/en\/wp-json\/wp\/v2\/posts\/2161485\/revisions"}],"predecessor-version":[{"id":2161507,"href":"https:\/\/www.niemibil.se\/en\/wp-json\/wp\/v2\/posts\/2161485\/revisions\/2161507"}],"wp:featuredmedia":[{"embeddable":true,"href":"https:\/\/www.niemibil.se\/en\/wp-json\/wp\/v2\/media\/2161503"}],"wp:attachment":[{"href":"https:\/\/www.niemibil.se\/en\/wp-json\/wp\/v2\/media?parent=2161485"}],"wp:term":[{"taxonomy":"category","embeddable":true,"href":"https:\/\/www.niemibil.se\/en\/wp-json\/wp\/v2\/categories?post=2161485"},{"taxonomy":"post_tag","embeddable":true,"href":"https:\/\/www.niemibil.se\/en\/wp-json\/wp\/v2\/tags?post=2161485"}],"curies":[{"name":"wp","href":"https:\/\/api.w.org\/{rel}","templated":true}]}}