{"id":2159123,"date":"2024-03-25T16:29:04","date_gmt":"2024-03-25T15:29:04","guid":{"rendered":"https:\/\/www.niemibil.se\/?p=2159123"},"modified":"2024-03-25T16:30:06","modified_gmt":"2024-03-25T15:30:06","slug":"arets-mazda-dealer-2023","status":"publish","type":"post","link":"https:\/\/www.niemibil.se\/en\/arets-mazda-dealer-2023\/","title":{"rendered":"Mazda Dealer of the Year 2023"},"content":{"rendered":"<p>It is with great honor that we can now announce that we have once again been awarded as Mazda Dealer of the Year for the year 2023! <\/p>\n\n\n\n<p>This is the second year in a row that we have received this award, and the third time in total since we started selling Mazda in 2017. The award is given to the dealer in Sweden that has excelled the most, including through good sales results, high customer satisfaction and good service. <\/p>\n\n\n<div class=\"wp-block-image\">\n<figure class=\"aligncenter size-large is-resized\"><img loading=\"lazy\" decoding=\"async\" width=\"768\" height=\"1024\" src=\"https:\/\/www.niemibil.se\/wp-content\/uploads\/2024\/03\/IMG_0632-768x1024.webp\" alt=\"\" class=\"wp-image-2159154\" style=\"width:417px;height:auto\" srcset=\"https:\/\/www.niemibil.se\/wp-content\/uploads\/2024\/03\/IMG_0632-768x1024.webp 768w, https:\/\/www.niemibil.se\/wp-content\/uploads\/2024\/03\/IMG_0632-225x300.webp 225w, https:\/\/www.niemibil.se\/wp-content\/uploads\/2024\/03\/IMG_0632-1152x1536.webp 1152w, https:\/\/www.niemibil.se\/wp-content\/uploads\/2024\/03\/IMG_0632-1536x2048.webp 1536w, https:\/\/www.niemibil.se\/wp-content\/uploads\/2024\/03\/IMG_0632-9x12.webp 9w, https:\/\/www.niemibil.se\/wp-content\/uploads\/2024\/03\/IMG_0632.webp 1920w\" sizes=\"auto, (max-width: 768px) 100vw, 768px\" \/><\/figure>\n<\/div>\n\n\n<p>Mazda Motor Sweden themselves have this to say about the awards ceremony: <\/p>\n\n\n\n<blockquote class=\"wp-block-quote is-layout-flow wp-block-quote-is-layout-flow\">\n<p><em>&quot;Mazda Motor Sweden would like to thank Niemi Bil in Lule\u00e5 for the great work you have done during the year. You have shown great commitment and had the best sales performance of the year in Mazda in terms of number of cars, as well as a very strong customer focus on both the sales and service side.&quot;<\/em><\/p>\n<\/blockquote>\n\n\n\n<p>We at Niemi Bil would like to take this opportunity to thank all of our fantastic customers in the Niemi Bil family who have helped us move forward, you are the reason we won these great prizes.<\/p>\n\n\n\n<p>But the best prize is still your continued trust!<\/p>","protected":false},"excerpt":{"rendered":"<p>Det \u00e4r med stor \u00e4ra vi nu kan ber\u00e4tta att vi \u00e5terigen blivit prisade som \u00e5rets Mazda-\u00e5terf\u00f6rs\u00e4ljare f\u00f6r \u00e5ret 2023! Det \u00e4r andra \u00e5ret i rad vi f\u00e5r str\u00e4cka p\u00e5 ryggen och ta emot den utm\u00e4rkelsen, och tredje g\u00e5ngen totalt sedan vi b\u00f6rjade s\u00e4lja Mazda \u00e5r 2017. Utm\u00e4rkelsen delas ut till den \u00e5terf\u00f6rs\u00e4ljare i Sverige [&hellip;]<\/p>\n","protected":false},"author":18,"featured_media":2159153,"comment_status":"closed","ping_status":"closed","sticky":false,"template":"","format":"standard","meta":{"_acf_changed":false,"footnotes":""},"categories":[1],"tags":[],"class_list":["post-2159123","post","type-post","status-publish","format-standard","has-post-thumbnail","hentry","category-uncategorized"],"acf":[],"_links":{"self":[{"href":"https:\/\/www.niemibil.se\/en\/wp-json\/wp\/v2\/posts\/2159123","targetHints":{"allow":["GET"]}}],"collection":[{"href":"https:\/\/www.niemibil.se\/en\/wp-json\/wp\/v2\/posts"}],"about":[{"href":"https:\/\/www.niemibil.se\/en\/wp-json\/wp\/v2\/types\/post"}],"author":[{"embeddable":true,"href":"https:\/\/www.niemibil.se\/en\/wp-json\/wp\/v2\/users\/18"}],"replies":[{"embeddable":true,"href":"https:\/\/www.niemibil.se\/en\/wp-json\/wp\/v2\/comments?post=2159123"}],"version-history":[{"count":2,"href":"https:\/\/www.niemibil.se\/en\/wp-json\/wp\/v2\/posts\/2159123\/revisions"}],"predecessor-version":[{"id":2159161,"href":"https:\/\/www.niemibil.se\/en\/wp-json\/wp\/v2\/posts\/2159123\/revisions\/2159161"}],"wp:featuredmedia":[{"embeddable":true,"href":"https:\/\/www.niemibil.se\/en\/wp-json\/wp\/v2\/media\/2159153"}],"wp:attachment":[{"href":"https:\/\/www.niemibil.se\/en\/wp-json\/wp\/v2\/media?parent=2159123"}],"wp:term":[{"taxonomy":"category","embeddable":true,"href":"https:\/\/www.niemibil.se\/en\/wp-json\/wp\/v2\/categories?post=2159123"},{"taxonomy":"post_tag","embeddable":true,"href":"https:\/\/www.niemibil.se\/en\/wp-json\/wp\/v2\/tags?post=2159123"}],"curies":[{"name":"wp","href":"https:\/\/api.w.org\/{rel}","templated":true}]}}