{"id":2156026,"date":"2024-03-06T11:14:16","date_gmt":"2024-03-06T10:14:16","guid":{"rendered":"https:\/\/www.niemibil.se\/?p=2156026"},"modified":"2026-01-07T10:17:53","modified_gmt":"2026-01-07T09:17:53","slug":"niemi-bil-becomes-a-reseller-for-the-mg-electric-car-market","status":"publish","type":"post","link":"https:\/\/www.niemibil.se\/en\/niemi-bil-becomes-a-reseller-for-the-mg-electric-car-market\/","title":{"rendered":"Niemi Bil becomes a dealer for electric cars and hybrids from MG"},"content":{"rendered":"<p>Today we can finally reveal an incredibly fun secret that we&#039;ve been keeping to ourselves for quite some time now. Niemi Bil will start selling MG!<\/p>\n\n\n\n<div class=\"wp-block-buttons is-content-justification-center is-layout-flex wp-container-core-buttons-is-layout-16018d1d wp-block-buttons-is-layout-flex\">\n<div class=\"wp-block-button\"><a class=\"wp-block-button__link has-white-color has-text-color has-background has-link-color wp-element-button\" href=\"https:\/\/www.niemibil.se\/en\/mg-kommer-till-niemi-bil\/\" style=\"background-color:#d81132\" target=\"_blank\" rel=\"noreferrer noopener\">Read more about the models here!<\/a><\/div>\n<\/div>\n\n\n\n<div style=\"height:16px\" aria-hidden=\"true\" class=\"wp-block-spacer\"><\/div>\n\n\n\n<p>This classic brand has made a huge journey in recent years, and is now a modern electric car manufacturer. The journey began exactly a hundred years ago, in 1924, when MG began manufacturing cars in England, and now you can find them at Niemi Bil in Norrbotten and V\u00e4sterbotten.<\/p>\n\n\n<div class=\"wp-block-image\">\n<figure class=\"aligncenter size-large is-resized\"><img loading=\"lazy\" decoding=\"async\" width=\"1024\" height=\"538\" src=\"https:\/\/www.niemibil.se\/wp-content\/uploads\/2024\/03\/MGcampaign-seo-1024x538.png\" alt=\"\" class=\"wp-image-2156027\" style=\"width:644px;height:auto\" srcset=\"https:\/\/www.niemibil.se\/wp-content\/uploads\/2024\/03\/MGcampaign-seo-1024x538.png 1024w, https:\/\/www.niemibil.se\/wp-content\/uploads\/2024\/03\/MGcampaign-seo-300x158.png 300w, https:\/\/www.niemibil.se\/wp-content\/uploads\/2024\/03\/MGcampaign-seo-768x403.png 768w, https:\/\/www.niemibil.se\/wp-content\/uploads\/2024\/03\/MGcampaign-seo-18x9.png 18w, https:\/\/www.niemibil.se\/wp-content\/uploads\/2024\/03\/MGcampaign-seo.png 1200w\" sizes=\"auto, (max-width: 1024px) 100vw, 1024px\" \/><\/figure>\n<\/div>\n\n\n<p class=\"has-text-align-center has-small-font-size\"><em>All cars in the picture will be sold by Niemi Bil<\/em><\/p>\n\n\n\n<p>MG has been in Sweden since spring 2021 and has since become one of the largest electric car brands on the market. Up until the beginning of 2024, over 20,000 cars have been delivered to the Swedish market and MG currently offers five different models; four fully electric and one plug-in hybrid.<\/p>\n\n\n\n<p>MG currently has five dealers in Sweden (including Niemi Bil) with a total of over 50 sales outlets and workshops around the country. Demand has gradually increased, and now MG is expanding further, becoming nationwide as Niemi Bil offers the brand to customers in Norrbotten and V\u00e4sterbotten. The first facilities that will offer cars from MG are Spantgatan 8 in Lule\u00e5 and Formv\u00e4gen 8 in Ume\u00e5, but in the long term MG will be available at all Niemi Bil facilities. So if you live in Kiruna or Skellefte\u00e5, you don&#039;t have to wait very long.<\/p>\n\n\n\n<p><em>&quot;The interest in being able to buy and service MG further up the country has long been great and it feels fantastic to finally be able to realize our goals of becoming nationwide. This is in line with our ambition to become one of Sweden&#039;s largest electric car brands and we are very much looking forward to our collaboration with Niemi Bil&quot;<\/em>, says Tomas Ernberg, CEO Hedin<\/p>\n\n\n\n<p>Niemi Bil was founded in 2006 and has in recent years become one of Sweden&#039;s fastest growing companies in the automotive industry. Niemi Bil is part of a family-owned group that offers sales and purchases of new and used cars, workshop services and car rental. Niemi Bil is currently located in Lule\u00e5, Ume\u00e5, Skellefte\u00e5, Uppsala and Kiruna, but offers home delivery of cars all over Sweden.<\/p>\n\n\n\n<p><em>&quot;We have followed MG since their entry into the Swedish market and we have seen how interest in the brand has continuously grown. We see that MG is a brand that gives more people the opportunity to own an electric car, and therefore it fits very well with us at Niemi Bil. We are extremely happy to be the player who gets to bring this innovative car brand to families and companies in northern Sweden&quot;<\/em>, says Kim Niemi, co-owner Niemi Bil.<\/p>\n\n\n\n<p>If you want to know more about when you can buy your MG, you can keep an eye on Niemi Bil&#039;s website and social media for more information about sales start, offers and campaigns. More info coming soon.<\/p>\n\n\n\n<p><strong>What is MG?<\/strong>?<\/p>\n\n\n\n<p>MG has been ahead of its time since its inception in Morris Garages in 1924 and now a new generation can experience the iconic brand. Redesigned, modern and ready for the future. MG contributes to the electrification of the Swedish market by making electric driving accessible to everyone. The focus is on safety, affordability and functionality. All MGs come with a 7-year new car warranty and roadside assistance.<\/p>\n\n\n\n<div class=\"wp-block-buttons is-content-justification-center is-layout-flex wp-container-core-buttons-is-layout-16018d1d wp-block-buttons-is-layout-flex\">\n<div class=\"wp-block-button\"><a class=\"wp-block-button__link has-white-color has-text-color has-background has-link-color wp-element-button\" href=\"https:\/\/www.niemibil.se\/en\/mg-kommer-till-niemi-bil\/\" style=\"background-color:#d81132\" target=\"_blank\" rel=\"noreferrer noopener\">Read more about the models here!<\/a><\/div>\n<\/div>","protected":false},"excerpt":{"rendered":"<p>Idag kan vi \u00e4ntligen avsl\u00f6ja en otroligt rolig hemlighet som vi g\u00e5tt och h\u00e5llit f\u00f6r oss sj\u00e4lva ett bra tag nu. Niemi Bil kommer b\u00f6rja s\u00e4lja MG! Det h\u00e4r klassiska m\u00e4rket har gjort en enorm resa under de senaste \u00e5ren, och \u00e4r nu en modern elbilstillverkare. Resan b\u00f6rjade f\u00f6r bra precis hundra \u00e5r sedan, \u00e5r [&hellip;]<\/p>\n","protected":false},"author":18,"featured_media":2638023,"comment_status":"closed","ping_status":"closed","sticky":false,"template":"","format":"standard","meta":{"_acf_changed":false,"footnotes":""},"categories":[1],"tags":[],"class_list":["post-2156026","post","type-post","status-publish","format-standard","has-post-thumbnail","hentry","category-uncategorized"],"acf":[],"_links":{"self":[{"href":"https:\/\/www.niemibil.se\/en\/wp-json\/wp\/v2\/posts\/2156026","targetHints":{"allow":["GET"]}}],"collection":[{"href":"https:\/\/www.niemibil.se\/en\/wp-json\/wp\/v2\/posts"}],"about":[{"href":"https:\/\/www.niemibil.se\/en\/wp-json\/wp\/v2\/types\/post"}],"author":[{"embeddable":true,"href":"https:\/\/www.niemibil.se\/en\/wp-json\/wp\/v2\/users\/18"}],"replies":[{"embeddable":true,"href":"https:\/\/www.niemibil.se\/en\/wp-json\/wp\/v2\/comments?post=2156026"}],"version-history":[{"count":8,"href":"https:\/\/www.niemibil.se\/en\/wp-json\/wp\/v2\/posts\/2156026\/revisions"}],"predecessor-version":[{"id":2619683,"href":"https:\/\/www.niemibil.se\/en\/wp-json\/wp\/v2\/posts\/2156026\/revisions\/2619683"}],"wp:featuredmedia":[{"embeddable":true,"href":"https:\/\/www.niemibil.se\/en\/wp-json\/wp\/v2\/media\/2638023"}],"wp:attachment":[{"href":"https:\/\/www.niemibil.se\/en\/wp-json\/wp\/v2\/media?parent=2156026"}],"wp:term":[{"taxonomy":"category","embeddable":true,"href":"https:\/\/www.niemibil.se\/en\/wp-json\/wp\/v2\/categories?post=2156026"},{"taxonomy":"post_tag","embeddable":true,"href":"https:\/\/www.niemibil.se\/en\/wp-json\/wp\/v2\/tags?post=2156026"}],"curies":[{"name":"wp","href":"https:\/\/api.w.org\/{rel}","templated":true}]}}