{"id":2155867,"date":"2024-03-05T12:50:25","date_gmt":"2024-03-05T11:50:25","guid":{"rendered":"https:\/\/www.niemibil.se\/?p=2155867"},"modified":"2024-03-08T06:57:32","modified_gmt":"2024-03-08T05:57:32","slug":"winter-break-weekend-in-niemi-car","status":"publish","type":"post","link":"https:\/\/www.niemibil.se\/en\/winter-break-weekend-in-niemi-car\/","title":{"rendered":"Sports weekend at Niemi Bil"},"content":{"rendered":"<h2 class=\"wp-block-heading\" style=\"font-style:normal;font-weight:600\">Spring is on its way and we&#039;re celebrating with activities for the whole family!<\/h2>\n\n\n\n<p>On Saturday, March 9th, we will be throwing a real sports holiday party in our car park at Spantgatan 8 in Lule\u00e5. Bring the whole family, or come as you are and hang out with us in the (hopefully) glorious sports holiday weather!<\/p>\n\n\n\n<p>We have Lule\u00e5 profile Marcus Nilsson on site, just back from Vasaloppet, who, together with the rest of the Niemi Bil Ski Team, talks skiing, training, tips and tricks and shows off skis!<\/p>\n\n\n\n<div class=\"wp-block-media-text is-stacked-on-mobile is-image-fill\"><figure class=\"wp-block-media-text__media\" style=\"background-image:url(https:\/\/www.niemibil.se\/wp-content\/uploads\/2024\/03\/karsten-winegeart-wQDdaWtlByw-unsplash-scaled.jpg);background-position:59% 55%\"><img loading=\"lazy\" decoding=\"async\" width=\"1710\" height=\"2560\" src=\"https:\/\/www.niemibil.se\/wp-content\/uploads\/2024\/03\/karsten-winegeart-wQDdaWtlByw-unsplash-scaled.jpg\" alt=\"\" class=\"wp-image-2155875 size-full\" srcset=\"https:\/\/www.niemibil.se\/wp-content\/uploads\/2024\/03\/karsten-winegeart-wQDdaWtlByw-unsplash-scaled.jpg 1710w, https:\/\/www.niemibil.se\/wp-content\/uploads\/2024\/03\/karsten-winegeart-wQDdaWtlByw-unsplash-200x300.jpg 200w, https:\/\/www.niemibil.se\/wp-content\/uploads\/2024\/03\/karsten-winegeart-wQDdaWtlByw-unsplash-684x1024.jpg 684w, https:\/\/www.niemibil.se\/wp-content\/uploads\/2024\/03\/karsten-winegeart-wQDdaWtlByw-unsplash-768x1150.jpg 768w, https:\/\/www.niemibil.se\/wp-content\/uploads\/2024\/03\/karsten-winegeart-wQDdaWtlByw-unsplash-1026x1536.jpg 1026w, https:\/\/www.niemibil.se\/wp-content\/uploads\/2024\/03\/karsten-winegeart-wQDdaWtlByw-unsplash-1368x2048.jpg 1368w, https:\/\/www.niemibil.se\/wp-content\/uploads\/2024\/03\/karsten-winegeart-wQDdaWtlByw-unsplash-8x12.jpg 8w\" sizes=\"auto, (max-width: 1710px) 100vw, 1710px\" \/><\/figure><div class=\"wp-block-media-text__content\">\n<ul class=\"wp-block-list\">\n<li>Come and let the professionals <strong>take care of your skis<\/strong> in our stall \u2013 We invite!<\/li>\n\n\n\n<li>Win great prizes on our wheel of fortune!<\/li>\n\n\n\n<li>We offer <strong>sausage with bread<\/strong> in the car showroom!<\/li>\n\n\n\n<li>Compete in the 100 m hurdles (How fast are you? (Men&#039;s\/Women&#039;s\/Children&#039;s class)<\/li>\n<\/ul>\n\n\n\n<p>Lots of nice cars to look at!<\/p>\n<\/div><\/div>\n\n\n\n<blockquote class=\"wp-block-quote is-layout-flow wp-block-quote-is-layout-flow\">\n<div style=\"height:40px\" aria-hidden=\"true\" class=\"wp-block-spacer\"><\/div>\n<\/blockquote>\n\n\n\n<div class=\"wp-block-media-text has-media-on-the-right is-stacked-on-mobile\"><div class=\"wp-block-media-text__content\">\n<p><strong>When?<\/strong> \u2013 Saturday, March 9<\/p>\n\n\n\n<p><strong>Where? <\/strong>\u2013 Niemi Bil Lule\u00e5, Spantgatan 8<\/p>\n\n\n\n<p><strong>Time?<\/strong> \u2013 from 10:00 to 15:00<\/p>\n\n\n\n<p><strong>Food?<\/strong> \u2013 Sausage with bread, coffee and ice cream<\/p>\n<\/div><figure class=\"wp-block-media-text__media\"><img loading=\"lazy\" decoding=\"async\" width=\"1024\" height=\"683\" src=\"https:\/\/www.niemibil.se\/wp-content\/uploads\/2024\/03\/DSC6907-Redigera_red_blur-1024x683.jpg\" alt=\"\" class=\"wp-image-2155892 size-full\" srcset=\"https:\/\/www.niemibil.se\/wp-content\/uploads\/2024\/03\/DSC6907-Redigera_red_blur-1024x683.jpg 1024w, https:\/\/www.niemibil.se\/wp-content\/uploads\/2024\/03\/DSC6907-Redigera_red_blur-300x200.jpg 300w, https:\/\/www.niemibil.se\/wp-content\/uploads\/2024\/03\/DSC6907-Redigera_red_blur-768x512.jpg 768w, https:\/\/www.niemibil.se\/wp-content\/uploads\/2024\/03\/DSC6907-Redigera_red_blur-1536x1024.jpg 1536w, https:\/\/www.niemibil.se\/wp-content\/uploads\/2024\/03\/DSC6907-Redigera_red_blur-2048x1365.jpg 2048w, https:\/\/www.niemibil.se\/wp-content\/uploads\/2024\/03\/DSC6907-Redigera_red_blur-18x12.jpg 18w\" sizes=\"auto, (max-width: 1024px) 100vw, 1024px\" \/><\/figure><\/div>\n\n\n\n<div style=\"height:40px\" aria-hidden=\"true\" class=\"wp-block-spacer\"><\/div>\n\n\n\n<h3 class=\"wp-block-heading has-text-align-center\">Big promotion on the new Mazda!<\/h3>\n\n\n\n<div class=\"wp-block-media-text is-stacked-on-mobile is-image-fill\"><figure class=\"wp-block-media-text__media\" style=\"background-image:url(https:\/\/www.niemibil.se\/wp-content\/uploads\/2024\/03\/Niemibil-15-1024x683.jpg);background-position:50% 50%\"><img loading=\"lazy\" decoding=\"async\" width=\"1024\" height=\"683\" src=\"https:\/\/www.niemibil.se\/wp-content\/uploads\/2024\/03\/Niemibil-15-1024x683.jpg\" alt=\"\" class=\"wp-image-2155890 size-full\" srcset=\"https:\/\/www.niemibil.se\/wp-content\/uploads\/2024\/03\/Niemibil-15-1024x683.jpg 1024w, https:\/\/www.niemibil.se\/wp-content\/uploads\/2024\/03\/Niemibil-15-300x200.jpg 300w, https:\/\/www.niemibil.se\/wp-content\/uploads\/2024\/03\/Niemibil-15-768x512.jpg 768w, https:\/\/www.niemibil.se\/wp-content\/uploads\/2024\/03\/Niemibil-15-1536x1024.jpg 1536w, https:\/\/www.niemibil.se\/wp-content\/uploads\/2024\/03\/Niemibil-15-2048x1365.jpg 2048w, https:\/\/www.niemibil.se\/wp-content\/uploads\/2024\/03\/Niemibil-15-18x12.jpg 18w\" sizes=\"auto, (max-width: 1024px) 100vw, 1024px\" \/><\/figure><div class=\"wp-block-media-text__content\">\n<p>Save up to 50,000 SEK on popular models such as:<\/p>\n\n\n\n<p><strong>Mazda CX-60<\/strong> \u2013 Norrbotten&#039;s best-selling plug-in hybrid in 2023<\/p>\n\n\n\n<p><strong>Mazda MX-30 R-EV<\/strong> \u2013 Superb hybrid version of the popular electric car MX-30<\/p>\n<\/div><\/div>\n\n\n\n<div style=\"height:80px\" aria-hidden=\"true\" class=\"wp-block-spacer\"><\/div>\n\n\n\n<p class=\"has-text-align-center\"><strong>And besides\u2026<\/strong> \u2013 Get a first sneak peek at the cars from MG!<\/p>\n\n\n\n<p class=\"has-text-align-center has-large-font-size\">Hope to see you! \u2600\ufe0f<\/p>","protected":false},"excerpt":{"rendered":"<p>V\u00e5ren \u00e4r p\u00e5 v\u00e4g och det firar vi med aktiviteter f\u00f6r hela familjen! L\u00f6rdag den 9e Mars i v\u00e5r bilhall p\u00e5 Spantgatan 8 i Lule\u00e5 kommer vi st\u00e4lla till med en riktig sportlovsfest. Ta med dig hela familjen, eller kom som du \u00e4r och umg\u00e5s med oss i det (f\u00f6rhoppningsvis) str\u00e5lande sportlovsv\u00e4dret! P\u00e5 plats har [&hellip;]<\/p>\n","protected":false},"author":18,"featured_media":2155879,"comment_status":"closed","ping_status":"closed","sticky":false,"template":"","format":"standard","meta":{"_acf_changed":false,"footnotes":""},"categories":[1],"tags":[],"class_list":["post-2155867","post","type-post","status-publish","format-standard","has-post-thumbnail","hentry","category-uncategorized"],"acf":[],"_links":{"self":[{"href":"https:\/\/www.niemibil.se\/en\/wp-json\/wp\/v2\/posts\/2155867","targetHints":{"allow":["GET"]}}],"collection":[{"href":"https:\/\/www.niemibil.se\/en\/wp-json\/wp\/v2\/posts"}],"about":[{"href":"https:\/\/www.niemibil.se\/en\/wp-json\/wp\/v2\/types\/post"}],"author":[{"embeddable":true,"href":"https:\/\/www.niemibil.se\/en\/wp-json\/wp\/v2\/users\/18"}],"replies":[{"embeddable":true,"href":"https:\/\/www.niemibil.se\/en\/wp-json\/wp\/v2\/comments?post=2155867"}],"version-history":[{"count":6,"href":"https:\/\/www.niemibil.se\/en\/wp-json\/wp\/v2\/posts\/2155867\/revisions"}],"predecessor-version":[{"id":2156406,"href":"https:\/\/www.niemibil.se\/en\/wp-json\/wp\/v2\/posts\/2155867\/revisions\/2156406"}],"wp:featuredmedia":[{"embeddable":true,"href":"https:\/\/www.niemibil.se\/en\/wp-json\/wp\/v2\/media\/2155879"}],"wp:attachment":[{"href":"https:\/\/www.niemibil.se\/en\/wp-json\/wp\/v2\/media?parent=2155867"}],"wp:term":[{"taxonomy":"category","embeddable":true,"href":"https:\/\/www.niemibil.se\/en\/wp-json\/wp\/v2\/categories?post=2155867"},{"taxonomy":"post_tag","embeddable":true,"href":"https:\/\/www.niemibil.se\/en\/wp-json\/wp\/v2\/tags?post=2155867"}],"curies":[{"name":"wp","href":"https:\/\/api.w.org\/{rel}","templated":true}]}}