{"id":1980311,"date":"2023-01-11T06:00:00","date_gmt":"2023-01-11T05:00:00","guid":{"rendered":"https:\/\/www.niemibil.se\/?p=1980311"},"modified":"2023-01-25T10:35:38","modified_gmt":"2023-01-25T09:35:38","slug":"niemi-bil-focuses-on-corporate-sales-and-wants-to-raise-the-level-of-service-to-corporate-customers","status":"publish","type":"post","link":"https:\/\/www.niemibil.se\/en\/niemi-bil-focuses-on-corporate-sales-and-wants-to-raise-the-level-of-service-to-corporate-customers\/","title":{"rendered":"Niemi Bil focuses on corporate sales: &quot;Want to raise the level of service to companies&quot;"},"content":{"rendered":"<pre class=\"wp-block-preformatted has-small-font-size\">PRESS RELEASE<\/pre>\n\n\n\n<p><strong>More and more people in Norrbotten want to drive electric cars. Companies are also investing in electric vehicles. Now Niemi Bil is recruiting Christoffer Innala, who will be the company&#039;s first dedicated corporate salesperson - to help even more companies find their choice of car.<\/strong><\/p>\n\n\n\n<p>The goal is to be able to offer a simple, comprehensive offering where service is at the center.<\/p>\n\n\n\n<p>\u2013 It can be a jungle as an entrepreneur with benefits, financing and other things. We want to put together an offer where all you as an entrepreneur need to think about is running \u2013 and we will solve the rest, says Christoffer Innala.<\/p>\n\n\n\n<div class=\"wp-block-media-text alignwide is-stacked-on-mobile\"><figure class=\"wp-block-media-text__media\"><img loading=\"lazy\" decoding=\"async\" width=\"1024\" height=\"683\" src=\"https:\/\/www.niemibil.se\/app\/uploads\/2022\/12\/ChristofferInnala1_1200x800-1024x683.jpg\" alt=\"\" class=\"wp-image-1980347 size-full\" srcset=\"https:\/\/www.niemibil.se\/wp-content\/uploads\/2022\/12\/ChristofferInnala1_1200x800-1024x683.jpg 1024w, https:\/\/www.niemibil.se\/wp-content\/uploads\/2022\/12\/ChristofferInnala1_1200x800-300x200.jpg 300w, https:\/\/www.niemibil.se\/wp-content\/uploads\/2022\/12\/ChristofferInnala1_1200x800-768x512.jpg 768w, https:\/\/www.niemibil.se\/wp-content\/uploads\/2022\/12\/ChristofferInnala1_1200x800-18x12.jpg 18w, https:\/\/www.niemibil.se\/wp-content\/uploads\/2022\/12\/ChristofferInnala1_1200x800.jpg 1200w\" sizes=\"auto, (max-width: 1024px) 100vw, 1024px\" \/><\/figure><div class=\"wp-block-media-text__content\">\n<p>Christoffer Innala has many years of experience in both the automotive industry and craftsmanship. &quot;Hope to be able to offer the best of both worlds&quot;<\/p>\n<\/div><\/div>\n\n\n\n<h4 class=\"wp-block-heading\">High demand for electric vehicles<\/h4>\n\n\n\n<p>The fact that more people in Norrbotten want to drive electric is noticeable at Niemi Bil, especially among companies.<\/p>\n\n\n\n<p>\u2013 We see that it is the companies that are often quick on the ball here. There are many who want to try out electric cars and reduce their consumption costs, of course, says Christoffer Innala.<\/p>\n\n\n\n<p>Christoffer also confirms that it is just as much about taking a stand and showing what your company should signal.<\/p>\n\n\n\n<p>\u2013 Many also want to position their company and show that they choose a climate-smart car that runs on electricity or is a hybrid. Many customers strip their cars with a company logo but also choose to print 100% electric, for example.<\/p>\n\n\n\n<div class=\"wp-block-media-text alignwide is-stacked-on-mobile\"><figure class=\"wp-block-media-text__media\"><img loading=\"lazy\" decoding=\"async\" width=\"1024\" height=\"512\" src=\"https:\/\/www.niemibil.se\/app\/uploads\/2022\/10\/e-deliver9-by-1-1024x512.jpg\" alt=\"Maxus e-Deliver 9 with open sliding door\" class=\"wp-image-1609023 size-full\" srcset=\"https:\/\/www.niemibil.se\/wp-content\/uploads\/2022\/10\/e-deliver9-by-1-1024x512.jpg 1024w, https:\/\/www.niemibil.se\/wp-content\/uploads\/2022\/10\/e-deliver9-by-1-300x150.jpg 300w, https:\/\/www.niemibil.se\/wp-content\/uploads\/2022\/10\/e-deliver9-by-1-768x384.jpg 768w, https:\/\/www.niemibil.se\/wp-content\/uploads\/2022\/10\/e-deliver9-by-1-1536x768.jpg 1536w, https:\/\/www.niemibil.se\/wp-content\/uploads\/2022\/10\/e-deliver9-by-1-18x9.jpg 18w, https:\/\/www.niemibil.se\/wp-content\/uploads\/2022\/10\/e-deliver9-by-1.jpg 1920w\" sizes=\"auto, (max-width: 1024px) 100vw, 1024px\" \/><\/figure><div class=\"wp-block-media-text__content\">\n<p>Maxus electric delivery vans are part of the new corporate initiative at Niemi Bil.<\/p>\n<\/div><\/div>\n\n\n\n<h4 class=\"wp-block-heading\"><strong>Good timing opportunity<\/strong><\/h4>\n\n\n\n<p>Kim Niemi, co-owner of Niemi Bil, says that the timing felt right for several reasons.<\/p>\n\n\n\n<p>\u2013 With Maxus as a new brand, we have a really good range of cars for companies where all run entirely or partially on electricity. Whether you want a company car that is a plug-in hybrid or an electric transport vehicle, we can solve it.<\/p>\n\n\n\n<p>\u2013 We have always had Roger&#039;s motto with us since Niemi Bil was founded in 2006: \u201cWe should only do it if we can do it really well.\u201d Right now we feel that we can really do it for more companies as well.<\/p>\n\n\n\n<h4 class=\"wp-block-heading\">Both electric and used for businesses<\/h4>\n\n\n\n<p>Christoffer Innala has many years of background in both crafts and the automotive industry, but is also a familiar face at Niemi Bil.<\/p>\n\n\n\n<p>\u2013 I have worked at Niemi Bil as a used car salesman before. It&#039;s great to have the chance to contribute here and create new long-term relationships. I look forward to helping more entrepreneurs in Norrbotten take the step towards electric, but of course also being of help to companies looking for used cars.<\/p>\n\n\n\n<p>Niemi Bil is a dealer in Norrbotten for Mazda<strong> <\/strong>and Maxus transport vehicles. Also used cars for companies with deductible VAT.<\/p>\n\n\n\n<p><\/p>\n\n\n\n<p><strong>Links<\/strong><\/p>\n\n\n\n<p><u><a href=\"https:\/\/www.niemibil.se\/en\/company-car\/maxus-electric-delivery-trucks\/\" data-type=\"page\" data-id=\"1567136\">Read more about Maxus electric delivery trucks<\/a><\/u><\/p>\n\n\n\n<p><u><a href=\"https:\/\/www.niemibil.se\/en\/mazda-cx60\/\">Read more about Mazda&#039;s Plug in Hybrid CX-60<\/a><\/u><\/p>\n\n\n\n<p><strong>Contact Christoffer Innala, Corporate Salesperson<\/strong><br><a href=\"mailto:christoffer@niemibil.se\">christoffer@niemibil.se<\/a><br><a href=\"tel:0738448142\">073-844 81 42<\/a><\/p>\n\n\n\n<p><\/p>","protected":false},"excerpt":{"rendered":"<p>PRESSMEDDELANDE Allt fler norrbottningar vill k\u00f6ra eldrivna bilar. F\u00f6retagen satsar ocks\u00e5 elektriskt. Nu rekryterar Niemi Bil Christoffer Innala som blir bolagets f\u00f6rsta renodlade f\u00f6retagss\u00e4ljare &#8211; f\u00f6r att hj\u00e4lpa \u00e4nnu fler f\u00f6retag hitta sitt val av bil. M\u00e5ls\u00e4ttningen \u00e4r att kunna erbjuda ett enkelt helhetserbjudande d\u00e4r servicen f\u00e5r st\u00e5 i centrum. &#8211; Det kan vara en [&hellip;]<\/p>\n","protected":false},"author":16,"featured_media":1980340,"comment_status":"closed","ping_status":"closed","sticky":false,"template":"","format":"standard","meta":{"_acf_changed":false,"footnotes":""},"categories":[1],"tags":[],"class_list":["post-1980311","post","type-post","status-publish","format-standard","has-post-thumbnail","hentry","category-uncategorized"],"acf":[],"_links":{"self":[{"href":"https:\/\/www.niemibil.se\/en\/wp-json\/wp\/v2\/posts\/1980311","targetHints":{"allow":["GET"]}}],"collection":[{"href":"https:\/\/www.niemibil.se\/en\/wp-json\/wp\/v2\/posts"}],"about":[{"href":"https:\/\/www.niemibil.se\/en\/wp-json\/wp\/v2\/types\/post"}],"author":[{"embeddable":true,"href":"https:\/\/www.niemibil.se\/en\/wp-json\/wp\/v2\/users\/16"}],"replies":[{"embeddable":true,"href":"https:\/\/www.niemibil.se\/en\/wp-json\/wp\/v2\/comments?post=1980311"}],"version-history":[{"count":14,"href":"https:\/\/www.niemibil.se\/en\/wp-json\/wp\/v2\/posts\/1980311\/revisions"}],"predecessor-version":[{"id":2024663,"href":"https:\/\/www.niemibil.se\/en\/wp-json\/wp\/v2\/posts\/1980311\/revisions\/2024663"}],"wp:featuredmedia":[{"embeddable":true,"href":"https:\/\/www.niemibil.se\/en\/wp-json\/wp\/v2\/media\/1980340"}],"wp:attachment":[{"href":"https:\/\/www.niemibil.se\/en\/wp-json\/wp\/v2\/media?parent=1980311"}],"wp:term":[{"taxonomy":"category","embeddable":true,"href":"https:\/\/www.niemibil.se\/en\/wp-json\/wp\/v2\/categories?post=1980311"},{"taxonomy":"post_tag","embeddable":true,"href":"https:\/\/www.niemibil.se\/en\/wp-json\/wp\/v2\/tags?post=1980311"}],"curies":[{"name":"wp","href":"https:\/\/api.w.org\/{rel}","templated":true}]}}