{"id":1273617,"date":"2022-09-29T10:30:00","date_gmt":"2022-09-29T08:30:00","guid":{"rendered":"https:\/\/www.niemibil.se\/?p=1273617"},"modified":"2022-10-04T10:35:33","modified_gmt":"2022-10-04T08:35:33","slug":"niemis-car-continues-to-grow-opens-in-skelleftea","status":"publish","type":"post","link":"https:\/\/www.niemibil.se\/en\/niemis-car-continues-to-grow-opens-in-skelleftea\/","title":{"rendered":"Niemi Bil continues to grow \u2013 opens in Skellefte\u00e5"},"content":{"rendered":"<p><strong>Niemi Bil&#039;s journey to success continues. Just months after establishing itself in Ume\u00e5, the family business is now opening in Skellefte\u00e5.<\/strong><\/p>\n\n\n\n<p>Since its inception in 2006, Niemi Bil has adhered to the principle \u201cWe only do it if we can do it really well\u201d. Now it is time to do it really well in Skellefte\u00e5. This will be the company\u2019s fifth unit and the people of Skellefte\u00e5 and the surrounding area can look forward to the same good service and commitment as the customers in Lule\u00e5 and Ume\u00e5.<\/p>\n\n\n\n<p>\u2013 We never grow for the sake of it, but we are genuinely passionate about what we do; creating long-term relationships with our customers and providing the best car ownership to each unique person, says Kim Niemi, co-owner.<\/p>\n\n\n\n<p>The focus of the new car showroom on Hammarv\u00e4gen in Skellefte\u00e5 will be on the sale of used cars. Something that Niemi Bil is the largest in northern Sweden.<\/p>\n\n\n\n<p>\u2013 We notice that more and more people are curious about the used car industry and we look forward to contributing our knowledge to meet the needs of the people of Skellefte\u00e5. Both those who want to buy a new car and those who want to sell their existing one, concludes Kim Niemi.<\/p>\n\n\n\n<p><strong>Niemi Bil&#039;s new car showroom at Hammarv\u00e4gen 1 will open in the fall of 2022.<br>Do you have questions about the new car showroom or about Niemi Bil? <\/strong><\/p>\n\n\n\n<p><strong>Eric Wallin | 073 702 45 70 |&nbsp;<\/strong><a href=\"mailto:eric@niemibil.se\"><strong>eric@niemibil.se<\/strong><\/a><\/p>\n\n\n\n<p><\/p>","protected":false},"excerpt":{"rendered":"<p>Niemi Bils framg\u00e5ngsresa forts\u00e4tter. Bara m\u00e5nader efter etableringen i Ume\u00e5 \u00f6ppnar familjef\u00f6retaget nu upp i Skellefte\u00e5. Sedan starten 2006 har Niemi Bil h\u00e5llit fast vid principen \u201dVi g\u00f6r det bara om vi kan g\u00f6ra det riktigt bra\u201d. Nu \u00e4r det dags att g\u00f6ra det riktigt bra i Skellefte\u00e5. Det blir f\u00f6retagets femte enhet och Skellefte\u00e5borna [&hellip;]<\/p>\n","protected":false},"author":15,"featured_media":1420987,"comment_status":"closed","ping_status":"closed","sticky":false,"template":"","format":"standard","meta":{"_acf_changed":false,"footnotes":""},"categories":[1],"tags":[],"class_list":["post-1273617","post","type-post","status-publish","format-standard","has-post-thumbnail","hentry","category-uncategorized"],"acf":[],"_links":{"self":[{"href":"https:\/\/www.niemibil.se\/en\/wp-json\/wp\/v2\/posts\/1273617","targetHints":{"allow":["GET"]}}],"collection":[{"href":"https:\/\/www.niemibil.se\/en\/wp-json\/wp\/v2\/posts"}],"about":[{"href":"https:\/\/www.niemibil.se\/en\/wp-json\/wp\/v2\/types\/post"}],"author":[{"embeddable":true,"href":"https:\/\/www.niemibil.se\/en\/wp-json\/wp\/v2\/users\/15"}],"replies":[{"embeddable":true,"href":"https:\/\/www.niemibil.se\/en\/wp-json\/wp\/v2\/comments?post=1273617"}],"version-history":[{"count":2,"href":"https:\/\/www.niemibil.se\/en\/wp-json\/wp\/v2\/posts\/1273617\/revisions"}],"predecessor-version":[{"id":1280076,"href":"https:\/\/www.niemibil.se\/en\/wp-json\/wp\/v2\/posts\/1273617\/revisions\/1280076"}],"wp:featuredmedia":[{"embeddable":true,"href":"https:\/\/www.niemibil.se\/en\/wp-json\/wp\/v2\/media\/1420987"}],"wp:attachment":[{"href":"https:\/\/www.niemibil.se\/en\/wp-json\/wp\/v2\/media?parent=1273617"}],"wp:term":[{"taxonomy":"category","embeddable":true,"href":"https:\/\/www.niemibil.se\/en\/wp-json\/wp\/v2\/categories?post=1273617"},{"taxonomy":"post_tag","embeddable":true,"href":"https:\/\/www.niemibil.se\/en\/wp-json\/wp\/v2\/tags?post=1273617"}],"curies":[{"name":"wp","href":"https:\/\/api.w.org\/{rel}","templated":true}]}}